{"id":46136,"date":"2022-11-06T20:42:59","date_gmt":"2022-11-06T20:42:59","guid":{"rendered":"http:\/\/elterritorialweb.com.ar\/web\/?p=46136"},"modified":"2022-11-06T20:43:05","modified_gmt":"2022-11-06T20:43:05","slug":"argentina-se-presenta-en-festuris-gramado-como-el-primer-pais-invitado-de-honor","status":"publish","type":"post","link":"https:\/\/elterritorialweb.com.ar\/web\/argentina-se-presenta-en-festuris-gramado-como-el-primer-pais-invitado-de-honor\/","title":{"rendered":"ARGENTINA SE PRESENTA EN FESTURIS GRAMADO COMO EL PRIMER\u00a0PA\u00cdS INVITADO DE HONOR"},"content":{"rendered":"\n<p>M\u00e1s de 600 mil turistas recibidos de enero a octubre, recuperaci\u00f3n del 65 por ciento de los arribos brasile\u00f1os en los \u00faltimos 6 meses respecto del mismo per\u00edodo de 2019 (pre pandemia), misiones comerciales a destinos nunca alcanzados como Manaos y la reactivaci\u00f3n de vuelos directos a Buenos Aires desde Brasilia, Curitiba y Porto Alegre.<br><br>\u00c9stos, entre otros logros, han posibilitado que nuestro pa\u00eds&nbsp;<strong>se posicione fuertemente en Brasil<\/strong>, el principal mercado de su turismo receptivo. Con este importante crecimiento, Argentina se presenta en&nbsp;<strong>Festuris Gramado<\/strong>, del 3 al 6 de noviembre, con el privilegio de ser el&nbsp;<strong>primer<\/strong><em><strong>&nbsp;Pa\u00eds Invitado de Honor de la feria<\/strong><\/em>.<br><br><em>\u201cTener esta distinci\u00f3n nos llena de orgullo y nos impulsa a seguir generando m\u00e1s y m\u00e1s acciones en Brasil porque sabemos que es nuestro principal mercado y porque adem\u00e1s buscamos ofrecer nuevas propuestas y avances, como los que logramos este a\u00f1o en conectividad. Estamos en Gramado para decirle al turismo de Brasil que Argentina est\u00e1 muy conveniente, con excelentes opciones en sus seis regiones durante todo el a\u00f1o\u201d<\/em>, manifest\u00f3 el&nbsp;<strong>Secretario Ejecutivo del Instituto Nacional de Promoci\u00f3n Tur\u00edstica (INPROTUR), Ricardo Sosa<\/strong>, quien recibi\u00f3 ayer el Premio Amigos Festuris por parte de las autoridades de la feria.<br><br>Durante la primera jornada junto al trade brasile\u00f1o, la delegaci\u00f3n de INPROTUR mantuvo reuniones con las empresas&nbsp;<strong>Planalto, Grupo GJP Special Travel, Orinter, Azul Viagens y Azul Linhas Aereas, y con el titular de UGART, Fabian Saraiva<\/strong>.<\/p>\n\n\n\n<p>Al equipo de INPROTUR lo acompa\u00f1an el&nbsp;<strong>C\u00f3nsul de Argentina en Porto Alegre, Jorge Perren, los destinos Chubut, Mendoza y Visit Buenos Aires, y las empresas Aerol\u00edneas Argentinas, Distintos, Conextur, Quality Travel, Assistravel, AMV Travel Argentina DMC, Palladio Hotel Buenos Aires MGallery, La Ventana\/Gala\/Aljibe\/Michelangelo, Patagonia Dreams, M\u00e1ximo Destino, Aymara Turismo y Estuario del Plata convocada por la C\u00e1mara Argentina de Turismo (CAT)<\/strong>.<\/p>\n","protected":false},"excerpt":{"rendered":"<p>El equipo de INPROTUR, encabezado por su Secretario Ejecutivo, Ricardo Sosa, reafirma el buen posicionamiento del pa\u00eds en una de las principales ferias del sur de Brasil. <\/p>\n","protected":false},"author":2,"featured_media":46137,"comment_status":"open","ping_status":"open","sticky":false,"template":"","format":"standard","meta":{"om_disable_all_campaigns":false,"_monsterinsights_skip_tracking":false,"_monsterinsights_sitenote_active":false,"_monsterinsights_sitenote_note":"","_monsterinsights_sitenote_category":0,"_uf_show_specific_survey":0,"_uf_disable_surveys":false,"jetpack_post_was_ever_published":false,"_jetpack_newsletter_access":"","_jetpack_dont_email_post_to_subs":false,"_jetpack_newsletter_tier_id":0,"_jetpack_memberships_contains_paywalled_content":false,"_jetpack_memberships_contains_paid_content":false,"footnotes":"","jetpack_publicize_message":"","jetpack_publicize_feature_enabled":true,"jetpack_social_post_already_shared":false,"jetpack_social_options":{"image_generator_settings":{"template":"highway","default_image_id":0,"font":"","enabled":false},"version":2}},"categories":[4,29],"tags":[],"class_list":["post-46136","post","type-post","status-publish","format-standard","has-post-thumbnail","hentry","category-destacadas","category-turismo"],"aioseo_notices":[],"views":10,"jetpack_publicize_connections":[],"jetpack_featured_media_url":"https:\/\/i0.wp.com\/elterritorialweb.com.ar\/web\/wp-content\/uploads\/2022\/11\/unnamed-6-scaled.jpg?fit=2560%2C1357&ssl=1","jetpack_sharing_enabled":true,"_links":{"self":[{"href":"https:\/\/elterritorialweb.com.ar\/web\/wp-json\/wp\/v2\/posts\/46136","targetHints":{"allow":["GET"]}}],"collection":[{"href":"https:\/\/elterritorialweb.com.ar\/web\/wp-json\/wp\/v2\/posts"}],"about":[{"href":"https:\/\/elterritorialweb.com.ar\/web\/wp-json\/wp\/v2\/types\/post"}],"author":[{"embeddable":true,"href":"https:\/\/elterritorialweb.com.ar\/web\/wp-json\/wp\/v2\/users\/2"}],"replies":[{"embeddable":true,"href":"https:\/\/elterritorialweb.com.ar\/web\/wp-json\/wp\/v2\/comments?post=46136"}],"version-history":[{"count":1,"href":"https:\/\/elterritorialweb.com.ar\/web\/wp-json\/wp\/v2\/posts\/46136\/revisions"}],"predecessor-version":[{"id":46138,"href":"https:\/\/elterritorialweb.com.ar\/web\/wp-json\/wp\/v2\/posts\/46136\/revisions\/46138"}],"wp:featuredmedia":[{"embeddable":true,"href":"https:\/\/elterritorialweb.com.ar\/web\/wp-json\/wp\/v2\/media\/46137"}],"wp:attachment":[{"href":"https:\/\/elterritorialweb.com.ar\/web\/wp-json\/wp\/v2\/media?parent=46136"}],"wp:term":[{"taxonomy":"category","embeddable":true,"href":"https:\/\/elterritorialweb.com.ar\/web\/wp-json\/wp\/v2\/categories?post=46136"},{"taxonomy":"post_tag","embeddable":true,"href":"https:\/\/elterritorialweb.com.ar\/web\/wp-json\/wp\/v2\/tags?post=46136"}],"curies":[{"name":"wp","href":"https:\/\/api.w.org\/{rel}","templated":true}]}}