{"id":46146,"date":"2022-11-07T15:49:47","date_gmt":"2022-11-07T15:49:47","guid":{"rendered":"http:\/\/elterritorialweb.com.ar\/web\/?p=46146"},"modified":"2022-11-07T15:49:48","modified_gmt":"2022-11-07T15:49:48","slug":"zamora-inauguro-obras-en-una-escuela-y-un-jardin-en-la-localidad-de-pozo-grande","status":"publish","type":"post","link":"https:\/\/elterritorialweb.com.ar\/web\/zamora-inauguro-obras-en-una-escuela-y-un-jardin-en-la-localidad-de-pozo-grande\/","title":{"rendered":"ZAMORA INAUGUR\u00d3 OBRAS EN UNA ESCUELA Y UN JARD\u00cdN EN LA LOCALIDAD DE POZO GRANDE"},"content":{"rendered":"\n<p>La instituci\u00f3n educativa que fue completamente equipada cuenta con 10 alumnos: 7 en la primaria y 3 en el Nivel Inicial.<br>El mandatario estuvo acompa\u00f1ado por el vicegobernador Carlos Silva Neder y los ministros de Educaci\u00f3n, Mariela Nassif, y de Desarrollo Social, \u00c1ngel Niccolai, quienes fueron recibidos por la intendente de Villa Ojo de Agua, M\u00f3nica Bustamante.<br>En primera instancia se realiz\u00f3 la entrega simb\u00f3lica de viviendas en el domicilio de Daiana Guzm\u00e1n, en el barrio El Tala.<\/p>\n\n\n\n<figure class=\"wp-block-image size-large\"><a href=\"https:\/\/i0.wp.com\/elterritorialweb.com.ar\/web\/wp-content\/uploads\/2022\/11\/zamora-en-ojo-de-agua.jpg\"><img data-recalc-dims=\"1\" decoding=\"async\" width=\"640\" height=\"426\" data-src=\"https:\/\/i0.wp.com\/elterritorialweb.com.ar\/web\/wp-content\/uploads\/2022\/11\/zamora-en-ojo-de-agua.jpg?resize=640%2C426\" alt=\"\" class=\"wp-image-46153 lazyload\" data-srcset=\"https:\/\/i0.wp.com\/elterritorialweb.com.ar\/web\/wp-content\/uploads\/2022\/11\/zamora-en-ojo-de-agua.jpg?resize=1024%2C682&amp;ssl=1 1024w, https:\/\/i0.wp.com\/elterritorialweb.com.ar\/web\/wp-content\/uploads\/2022\/11\/zamora-en-ojo-de-agua.jpg?resize=300%2C200&amp;ssl=1 300w, https:\/\/i0.wp.com\/elterritorialweb.com.ar\/web\/wp-content\/uploads\/2022\/11\/zamora-en-ojo-de-agua.jpg?resize=768%2C512&amp;ssl=1 768w, https:\/\/i0.wp.com\/elterritorialweb.com.ar\/web\/wp-content\/uploads\/2022\/11\/zamora-en-ojo-de-agua.jpg?w=1280&amp;ssl=1 1280w\" data-sizes=\"(max-width: 640px) 100vw, 640px\" src=\"data:image\/svg+xml;base64,PHN2ZyB3aWR0aD0iMSIgaGVpZ2h0PSIxIiB4bWxucz0iaHR0cDovL3d3dy53My5vcmcvMjAwMC9zdmciPjwvc3ZnPg==\" style=\"--smush-placeholder-width: 640px; --smush-placeholder-aspect-ratio: 640\/426;\" \/><\/a><\/figure>\n\n\n\n<p>Luego la comitiva se traslad\u00f3 a Pozo Grande para la habilitaci\u00f3n oficial del edificio educativo.<br>Tras la bienvenida del director Mariano Escobedo, el gobernador expres\u00f3 su satisfacci\u00f3n por este nuevo corte de cintas que representa la b\u00fasqueda de esta gesti\u00f3n para generar igualdad de oportunidades en toda la provincia, mediante inversiones en educaci\u00f3n como pilar b\u00e1sico para el crecimiento de Santiago del Estero.<\/p>\n\n\n\n<figure class=\"wp-block-image size-large\"><a href=\"https:\/\/i0.wp.com\/elterritorialweb.com.ar\/web\/wp-content\/uploads\/2022\/11\/zamora-en-ojo-de-agua-6.jpg\"><img data-recalc-dims=\"1\" decoding=\"async\" width=\"640\" height=\"426\" data-src=\"https:\/\/i0.wp.com\/elterritorialweb.com.ar\/web\/wp-content\/uploads\/2022\/11\/zamora-en-ojo-de-agua-6.jpg?resize=640%2C426\" alt=\"\" class=\"wp-image-46152 lazyload\" data-srcset=\"https:\/\/i0.wp.com\/elterritorialweb.com.ar\/web\/wp-content\/uploads\/2022\/11\/zamora-en-ojo-de-agua-6.jpg?resize=1024%2C682&amp;ssl=1 1024w, https:\/\/i0.wp.com\/elterritorialweb.com.ar\/web\/wp-content\/uploads\/2022\/11\/zamora-en-ojo-de-agua-6.jpg?resize=300%2C200&amp;ssl=1 300w, https:\/\/i0.wp.com\/elterritorialweb.com.ar\/web\/wp-content\/uploads\/2022\/11\/zamora-en-ojo-de-agua-6.jpg?resize=768%2C512&amp;ssl=1 768w, https:\/\/i0.wp.com\/elterritorialweb.com.ar\/web\/wp-content\/uploads\/2022\/11\/zamora-en-ojo-de-agua-6.jpg?w=1280&amp;ssl=1 1280w\" data-sizes=\"(max-width: 640px) 100vw, 640px\" src=\"data:image\/svg+xml;base64,PHN2ZyB3aWR0aD0iMSIgaGVpZ2h0PSIxIiB4bWxucz0iaHR0cDovL3d3dy53My5vcmcvMjAwMC9zdmciPjwvc3ZnPg==\" style=\"--smush-placeholder-width: 640px; --smush-placeholder-aspect-ratio: 640\/426;\" \/><\/a><\/figure>\n\n\n\n<p>Zamora ratific\u00f3 su determinaci\u00f3n para brindar las mismas herramientas pedag\u00f3gicas a todos los ni\u00f1os y j\u00f3venes, \u00abtanto para los que viven en las ciudades como tambi\u00e9n en los lugares m\u00e1s alejados\u00bb.<br>Con id\u00e9ntico criterio dijo que se planifica el desarrollo econ\u00f3mico y productivo de la provincia, mediante la ejecuci\u00f3n de obras de infraestructura vial, energ\u00e9tica y de conexi\u00f3n digital.<\/p>\n\n\n\n<figure class=\"wp-block-image size-large\"><a href=\"https:\/\/i0.wp.com\/elterritorialweb.com.ar\/web\/wp-content\/uploads\/2022\/11\/zamora-en-ojo-de-agua-4.jpg\"><img data-recalc-dims=\"1\" decoding=\"async\" width=\"640\" height=\"426\" data-src=\"https:\/\/i0.wp.com\/elterritorialweb.com.ar\/web\/wp-content\/uploads\/2022\/11\/zamora-en-ojo-de-agua-4.jpg?resize=640%2C426\" alt=\"\" class=\"wp-image-46150 lazyload\" data-srcset=\"https:\/\/i0.wp.com\/elterritorialweb.com.ar\/web\/wp-content\/uploads\/2022\/11\/zamora-en-ojo-de-agua-4.jpg?resize=1024%2C682&amp;ssl=1 1024w, https:\/\/i0.wp.com\/elterritorialweb.com.ar\/web\/wp-content\/uploads\/2022\/11\/zamora-en-ojo-de-agua-4.jpg?resize=300%2C200&amp;ssl=1 300w, https:\/\/i0.wp.com\/elterritorialweb.com.ar\/web\/wp-content\/uploads\/2022\/11\/zamora-en-ojo-de-agua-4.jpg?resize=768%2C512&amp;ssl=1 768w, https:\/\/i0.wp.com\/elterritorialweb.com.ar\/web\/wp-content\/uploads\/2022\/11\/zamora-en-ojo-de-agua-4.jpg?w=1280&amp;ssl=1 1280w\" data-sizes=\"(max-width: 640px) 100vw, 640px\" src=\"data:image\/svg+xml;base64,PHN2ZyB3aWR0aD0iMSIgaGVpZ2h0PSIxIiB4bWxucz0iaHR0cDovL3d3dy53My5vcmcvMjAwMC9zdmciPjwvc3ZnPg==\" style=\"--smush-placeholder-width: 640px; --smush-placeholder-aspect-ratio: 640\/426;\" \/><\/a><\/figure>\n\n\n\n<p>En este sentido, destac\u00f3 la l\u00ednea de alta tensi\u00f3n que se extendi\u00f3 desde Loreto para darle definitiva autonom\u00eda energ\u00e9tica al departamento Ojo de Agua, que hasta ahora depend\u00eda de C\u00f3rdoba.<br>\u00abVamos a seguir invirtiendo en todo lo que haga falta para el crecimiento de la provincia y sentar bases s\u00f3lidas para su crecimiento\u00bb, remarc\u00f3.<\/p>\n","protected":false},"excerpt":{"rendered":"<p>El gobernador Gerardo Zamora dej\u00f3 inaugurado este lunes por la ma\u00f1ana las obras de ampliaci\u00f3n y refacci\u00f3n total de la Escuela N\u00b0 741 y del Jard\u00edn de Infantes Anexo N\u00b0 863 de la localidad de Pozo Grande, ubicados a 12 kil\u00f3metros de Villa Ojo de Agua, donde adem\u00e1s entreg\u00f3 13 viviendas sociales.<\/p>\n","protected":false},"author":2,"featured_media":46147,"comment_status":"open","ping_status":"open","sticky":false,"template":"","format":"standard","meta":{"om_disable_all_campaigns":false,"_monsterinsights_skip_tracking":false,"_monsterinsights_sitenote_active":false,"_monsterinsights_sitenote_note":"","_monsterinsights_sitenote_category":0,"_uf_show_specific_survey":0,"_uf_disable_surveys":false,"jetpack_post_was_ever_published":false,"_jetpack_newsletter_access":"","_jetpack_dont_email_post_to_subs":false,"_jetpack_newsletter_tier_id":0,"_jetpack_memberships_contains_paywalled_content":false,"_jetpack_memberships_contains_paid_content":false,"footnotes":"","jetpack_publicize_message":"","jetpack_publicize_feature_enabled":true,"jetpack_social_post_already_shared":false,"jetpack_social_options":{"image_generator_settings":{"template":"highway","default_image_id":0,"font":"","enabled":false},"version":2}},"categories":[21],"tags":[],"class_list":["post-46146","post","type-post","status-publish","format-standard","has-post-thumbnail","hentry","category-locales"],"aioseo_notices":[],"views":7,"jetpack_publicize_connections":[],"jetpack_featured_media_url":"https:\/\/i0.wp.com\/elterritorialweb.com.ar\/web\/wp-content\/uploads\/2022\/11\/zamora-en-ojo-de-agua-1.jpg?fit=1280%2C853&ssl=1","jetpack_sharing_enabled":true,"_links":{"self":[{"href":"https:\/\/elterritorialweb.com.ar\/web\/wp-json\/wp\/v2\/posts\/46146","targetHints":{"allow":["GET"]}}],"collection":[{"href":"https:\/\/elterritorialweb.com.ar\/web\/wp-json\/wp\/v2\/posts"}],"about":[{"href":"https:\/\/elterritorialweb.com.ar\/web\/wp-json\/wp\/v2\/types\/post"}],"author":[{"embeddable":true,"href":"https:\/\/elterritorialweb.com.ar\/web\/wp-json\/wp\/v2\/users\/2"}],"replies":[{"embeddable":true,"href":"https:\/\/elterritorialweb.com.ar\/web\/wp-json\/wp\/v2\/comments?post=46146"}],"version-history":[{"count":1,"href":"https:\/\/elterritorialweb.com.ar\/web\/wp-json\/wp\/v2\/posts\/46146\/revisions"}],"predecessor-version":[{"id":46154,"href":"https:\/\/elterritorialweb.com.ar\/web\/wp-json\/wp\/v2\/posts\/46146\/revisions\/46154"}],"wp:featuredmedia":[{"embeddable":true,"href":"https:\/\/elterritorialweb.com.ar\/web\/wp-json\/wp\/v2\/media\/46147"}],"wp:attachment":[{"href":"https:\/\/elterritorialweb.com.ar\/web\/wp-json\/wp\/v2\/media?parent=46146"}],"wp:term":[{"taxonomy":"category","embeddable":true,"href":"https:\/\/elterritorialweb.com.ar\/web\/wp-json\/wp\/v2\/categories?post=46146"},{"taxonomy":"post_tag","embeddable":true,"href":"https:\/\/elterritorialweb.com.ar\/web\/wp-json\/wp\/v2\/tags?post=46146"}],"curies":[{"name":"wp","href":"https:\/\/api.w.org\/{rel}","templated":true}]}}