{"id":46177,"date":"2022-11-08T15:10:24","date_gmt":"2022-11-08T15:10:24","guid":{"rendered":"http:\/\/elterritorialweb.com.ar\/web\/?p=46177"},"modified":"2022-11-08T15:10:25","modified_gmt":"2022-11-08T15:10:25","slug":"fuentes-superviso-el-avance-de-la-pavimentacion-en-el-barrio-borges","status":"publish","type":"post","link":"https:\/\/elterritorialweb.com.ar\/web\/fuentes-superviso-el-avance-de-la-pavimentacion-en-el-barrio-borges\/","title":{"rendered":"FUENTES SUPERVIS\u00d3 EL AVANCE DE LA PAVIMENTACI\u00d3N EN EL BARRIO BORGES"},"content":{"rendered":"\n<p>La jefa comunal convers\u00f3 tanto con los vecinos de la zona como con miembros del centro vecinal y empleados del CAPS, quienes le expresaron su satisfacci\u00f3n por las tareas llevadas adelante, \u201cque resultan fundamentales para continuar con el crecimiento del barrio Borges tanto en obras como en servicios\u201d.<\/p>\n\n\n\n<p>\u201cSeguimos avanzando con un eje crucial de nuestro Plan Urbano Ambiental como es el de la construcci\u00f3n de cada vez m\u00e1s asfalto en todos los barrios de la ciudad. En este caso tambi\u00e9n modificando algunas pendientes y sentidos de escurrimiento del agua, a la par de generar una mejor conexi\u00f3n vial y una mejora de la calidad de vida\u00bb, indic\u00f3 la intendente Fuentes.<\/p>\n\n\n\n<p>La titular del Departamento Ejecutivo comunal destac\u00f3 que \u00abtareas similares se est\u00e1n llevando a cabo en el barrio Mariano Moreno y se encuentran en proceso de licitaci\u00f3n otras obras para el barrio Am\u00e9rica del Sur, complementando en todos los casos los trabajos con la colocaci\u00f3n de \u00e1rboles y la optimizaci\u00f3n del alumbrado p\u00fablico para mejorar los servicios que el municipio presta a los vecinos\u00bb.<\/p>\n\n\n\n<p>En esta ocasi\u00f3n, estuvo acompa\u00f1ada por los secretarios de Planeamiento, Obras y Servicios P\u00fablicos, Jorge Vila; de Gobierno, N\u00e9stor Machado; los directores de Estudios y Proyectos, Rosa Allalla; de Electricidad, Marcelo Aguilar; de Servicios Urbanos, H\u00e9ctor Batalla y de Parques y Paseos, Cecilia Saboureth; entre otros funcionarios.<\/p>\n\n\n\n<p>El asfalto incluye a las calles Sara Rigourd, entre Blanca Irurzum y Vicente Gigli; Sara D\u00edaz de Raed, entre Blanca Irurzum y Vicente Gigli; Selva Yolanda Ramos, entre Jorge W. \u00c1balos y Marta C. de Hamman; Vicente Gigli, entre Jorge W. Abalos y Marta C. de Hamman; Calle 104, entre Dr. Guillermo Miguel y Dr. Abdala Auad; G. Rojas (ex calle 105), entre Dr. Guillermo Miguel y Dr. Abdala Auad; R. Castro (ex calle 106), entre Dr. Guillermo Miguel y Dr. Abdala Auad; Julio Carreras (ex calle 107), entre Dr. Guillermo Miguel y Dr. Abdala Auad; Juan Carlos Rimini (ex calle 108), entre Dr. Guillermo Miguel y Dr. Abdala Auad; Elvio Aroldo \u00c1vila (ex calle 109), entre Dr. Guillermo Miguel y Dr. Abdala Auad; Calle 110, entre Dr. Guillermo Miguel y Dr. Abdala Auad y \u00c1ngela C. De Reto (ex calle 111), entre Dr. Guillermo Miguel y Dr. Abdala Auad.<\/p>\n","protected":false},"excerpt":{"rendered":"<p>La intendente de la Capital, Ing. Norma Fuentes, supervis\u00f3 la obra de pavimentaci\u00f3n que se ejecuta en el barrio Borges, donde se cubrir\u00e1n 18 cuadras con nuevo pavimento de hormig\u00f3n, que forman parte del programa de mejoras de calles que se ejecuta en distintos sectores de la ciudad.<\/p>\n","protected":false},"author":2,"featured_media":46178,"comment_status":"open","ping_status":"open","sticky":false,"template":"","format":"standard","meta":{"om_disable_all_campaigns":false,"_monsterinsights_skip_tracking":false,"_monsterinsights_sitenote_active":false,"_monsterinsights_sitenote_note":"","_monsterinsights_sitenote_category":0,"_uf_show_specific_survey":0,"_uf_disable_surveys":false,"jetpack_post_was_ever_published":false,"_jetpack_newsletter_access":"","_jetpack_dont_email_post_to_subs":false,"_jetpack_newsletter_tier_id":0,"_jetpack_memberships_contains_paywalled_content":false,"_jetpack_memberships_contains_paid_content":false,"footnotes":"","jetpack_publicize_message":"","jetpack_publicize_feature_enabled":true,"jetpack_social_post_already_shared":false,"jetpack_social_options":{"image_generator_settings":{"template":"highway","default_image_id":0,"font":"","enabled":false},"version":2}},"categories":[21],"tags":[],"class_list":["post-46177","post","type-post","status-publish","format-standard","has-post-thumbnail","hentry","category-locales"],"aioseo_notices":[],"views":10,"jetpack_publicize_connections":[],"jetpack_featured_media_url":"https:\/\/i0.wp.com\/elterritorialweb.com.ar\/web\/wp-content\/uploads\/2022\/11\/fuentes-obra-barrio-borges.jpeg?fit=1280%2C853&ssl=1","jetpack_sharing_enabled":true,"_links":{"self":[{"href":"https:\/\/elterritorialweb.com.ar\/web\/wp-json\/wp\/v2\/posts\/46177","targetHints":{"allow":["GET"]}}],"collection":[{"href":"https:\/\/elterritorialweb.com.ar\/web\/wp-json\/wp\/v2\/posts"}],"about":[{"href":"https:\/\/elterritorialweb.com.ar\/web\/wp-json\/wp\/v2\/types\/post"}],"author":[{"embeddable":true,"href":"https:\/\/elterritorialweb.com.ar\/web\/wp-json\/wp\/v2\/users\/2"}],"replies":[{"embeddable":true,"href":"https:\/\/elterritorialweb.com.ar\/web\/wp-json\/wp\/v2\/comments?post=46177"}],"version-history":[{"count":1,"href":"https:\/\/elterritorialweb.com.ar\/web\/wp-json\/wp\/v2\/posts\/46177\/revisions"}],"predecessor-version":[{"id":46179,"href":"https:\/\/elterritorialweb.com.ar\/web\/wp-json\/wp\/v2\/posts\/46177\/revisions\/46179"}],"wp:featuredmedia":[{"embeddable":true,"href":"https:\/\/elterritorialweb.com.ar\/web\/wp-json\/wp\/v2\/media\/46178"}],"wp:attachment":[{"href":"https:\/\/elterritorialweb.com.ar\/web\/wp-json\/wp\/v2\/media?parent=46177"}],"wp:term":[{"taxonomy":"category","embeddable":true,"href":"https:\/\/elterritorialweb.com.ar\/web\/wp-json\/wp\/v2\/categories?post=46177"},{"taxonomy":"post_tag","embeddable":true,"href":"https:\/\/elterritorialweb.com.ar\/web\/wp-json\/wp\/v2\/tags?post=46177"}],"curies":[{"name":"wp","href":"https:\/\/api.w.org\/{rel}","templated":true}]}}