{"id":46183,"date":"2022-11-08T17:18:06","date_gmt":"2022-11-08T17:18:06","guid":{"rendered":"http:\/\/elterritorialweb.com.ar\/web\/?p=46183"},"modified":"2022-11-08T17:18:07","modified_gmt":"2022-11-08T17:18:07","slug":"festuris-2022-fuerte-interes-de-empresas-brasilenas-por-argentina","status":"publish","type":"post","link":"https:\/\/elterritorialweb.com.ar\/web\/festuris-2022-fuerte-interes-de-empresas-brasilenas-por-argentina\/","title":{"rendered":"FESTURIS 2022: FUERTE INTER\u00c9S DE EMPRESAS BRASILE\u00d1AS POR ARGENTINA"},"content":{"rendered":"\n<p>El paso de\u00a0<em><strong>Visit Argentina<\/strong><\/em>, a trav\u00e9s del<strong>\u00a0Instituto Nacional de Promoci\u00f3n Tur\u00edstica (INPROTUR)<\/strong>, por\u00a0<strong>Festuris Gramado<\/strong>, en el sur de Brasil, dej\u00f3 muy buenos resultados. Adem\u00e1s de que nuestra naci\u00f3n tuvo el privilegio de ser\u00a0<strong>por primera vez en la historia de la feria\u00a0<em>Pa\u00eds Invitado de Honor<\/em><\/strong>, todo el trade brasile\u00f1o mostr\u00f3 un gran inter\u00e9s por la oferta tur\u00edstica argentina.<br>\u00a0<br>Dentro de ese marco de buenos augurios, la empresa de buses\u00a0<strong>Planalto<\/strong>\u00a0asegur\u00f3 que en 2023 ya tienen 40 viajes programados a nuestro pa\u00eds y que en el pr\u00f3ximo feriado en Brasil realizar\u00e1n su primer viaje a Buenos Aires post pandemia con 51 personas.<br>\u00a0<br><em>\u00abNuestro crecimiento en Brasil no tiene techo. Es nuestro principal mercado y entendemos que las posibilidades son infinitas. Por este motivo, vinimos a Festuris a extender los logros obtenidos y a seguir por este camino ascendente que nos dejar\u00e1 muy buenos resultados a futuro\u00bb<\/em>, afirm\u00f3 el\u00a0<strong>Secretario Ejecutivo del INPROTUR, Ricardo Sosa<\/strong>.<br>\u00a0<br>Asimismo, la operadora\u00a0<strong>Orinter<\/strong>\u00a0manifest\u00f3 su iniciativa de trabajar de manera conjunta con el INPROTUR para capacitar a las agencias de viajes en diferentes ciudades de Brasil y promocionar a\u00fan m\u00e1s nuestras propuestas.<br>\u00a0\u00a0\u00a0\u00a0\u00a0\u00a0\u00a0\u00a0\u00a0\u00a0\u00a0<br>Por \u00faltimo, Guilherme Paulus, titular de la agencia\u00a0<strong>Special Travels<\/strong>, se concentr\u00f3 en el enoturismo argentino, muy demandado por los viajeros y viajeras brasile\u00f1as en los \u00faltimos a\u00f1os. Paulus adelant\u00f3 que realizar\u00e1n distintos viajes de familiarizaci\u00f3n y dem\u00e1s acciones para mostrar en detalle todo lo que tiene que ver con el vino y el turismo en Argentina.<\/p>\n","protected":false},"excerpt":{"rendered":"<p>La compa\u00f1\u00eda de buses Planalto, la operadora Orinter y la agencia Special Travels le comunicaron al INPROTUR sus planes para 2023, que incluyen trabajos conjuntos con nuestro pa\u00eds y el enoturismo como una de las grandes propuestas.<\/p>\n","protected":false},"author":2,"featured_media":46184,"comment_status":"open","ping_status":"open","sticky":false,"template":"","format":"standard","meta":{"om_disable_all_campaigns":false,"_monsterinsights_skip_tracking":false,"_monsterinsights_sitenote_active":false,"_monsterinsights_sitenote_note":"","_monsterinsights_sitenote_category":0,"_uf_show_specific_survey":0,"_uf_disable_surveys":false,"jetpack_post_was_ever_published":false,"_jetpack_newsletter_access":"","_jetpack_dont_email_post_to_subs":false,"_jetpack_newsletter_tier_id":0,"_jetpack_memberships_contains_paywalled_content":false,"_jetpack_memberships_contains_paid_content":false,"footnotes":"","jetpack_publicize_message":"","jetpack_publicize_feature_enabled":true,"jetpack_social_post_already_shared":false,"jetpack_social_options":{"image_generator_settings":{"template":"highway","default_image_id":0,"font":"","enabled":false},"version":2}},"categories":[4,29],"tags":[],"class_list":["post-46183","post","type-post","status-publish","format-standard","has-post-thumbnail","hentry","category-destacadas","category-turismo"],"aioseo_notices":[],"views":11,"jetpack_publicize_connections":[],"jetpack_featured_media_url":"https:\/\/i0.wp.com\/elterritorialweb.com.ar\/web\/wp-content\/uploads\/2022\/11\/sosa-en-brasil.jpg?fit=1280%2C576&ssl=1","jetpack_sharing_enabled":true,"_links":{"self":[{"href":"https:\/\/elterritorialweb.com.ar\/web\/wp-json\/wp\/v2\/posts\/46183","targetHints":{"allow":["GET"]}}],"collection":[{"href":"https:\/\/elterritorialweb.com.ar\/web\/wp-json\/wp\/v2\/posts"}],"about":[{"href":"https:\/\/elterritorialweb.com.ar\/web\/wp-json\/wp\/v2\/types\/post"}],"author":[{"embeddable":true,"href":"https:\/\/elterritorialweb.com.ar\/web\/wp-json\/wp\/v2\/users\/2"}],"replies":[{"embeddable":true,"href":"https:\/\/elterritorialweb.com.ar\/web\/wp-json\/wp\/v2\/comments?post=46183"}],"version-history":[{"count":1,"href":"https:\/\/elterritorialweb.com.ar\/web\/wp-json\/wp\/v2\/posts\/46183\/revisions"}],"predecessor-version":[{"id":46185,"href":"https:\/\/elterritorialweb.com.ar\/web\/wp-json\/wp\/v2\/posts\/46183\/revisions\/46185"}],"wp:featuredmedia":[{"embeddable":true,"href":"https:\/\/elterritorialweb.com.ar\/web\/wp-json\/wp\/v2\/media\/46184"}],"wp:attachment":[{"href":"https:\/\/elterritorialweb.com.ar\/web\/wp-json\/wp\/v2\/media?parent=46183"}],"wp:term":[{"taxonomy":"category","embeddable":true,"href":"https:\/\/elterritorialweb.com.ar\/web\/wp-json\/wp\/v2\/categories?post=46183"},{"taxonomy":"post_tag","embeddable":true,"href":"https:\/\/elterritorialweb.com.ar\/web\/wp-json\/wp\/v2\/tags?post=46183"}],"curies":[{"name":"wp","href":"https:\/\/api.w.org\/{rel}","templated":true}]}}