{"id":46186,"date":"2022-11-08T18:50:17","date_gmt":"2022-11-08T18:50:17","guid":{"rendered":"http:\/\/elterritorialweb.com.ar\/web\/?p=46186"},"modified":"2022-11-08T19:00:57","modified_gmt":"2022-11-08T19:00:57","slug":"nediani-anuncio-el-pago-del-bono-en-un-multitudinario-festejo-del-municipal-bandeno","status":"publish","type":"post","link":"https:\/\/elterritorialweb.com.ar\/web\/nediani-anuncio-el-pago-del-bono-en-un-multitudinario-festejo-del-municipal-bandeno\/","title":{"rendered":"NEDIANI ANUNCI\u00d3 EL PAGO DEL BONO EN UN MULTITUDINARIO FESTEJO DEL MUNICIPAL BANDE\u00d1O"},"content":{"rendered":"\n<p>Decenas de empleados de diferentes reparticiones celebraron su d\u00eda de forma anticipada en un encuentro que se desarroll\u00f3 el lunes a la noche en las instalaciones del Club Atl\u00e9tico Sarmiento.<br>El intendente Roger Nediani y el viceintendente Gabriel Santill\u00e1n acompa\u00f1aron a la familia municipal durante los festejos al igual que autoridades del Departamento Ejecutivo Municipal, concejales, gremialistas e invitados especiales como el Senador Gerardo Montenegro.<br>La parte art\u00edstica estuvo a cargo de los DJs Mariano y \u00abMigui\u00bb, la cantante Sabrina Lescano, el grupo de cumbia y cuarteto La Buena, La Banda del Patizo, David \u00abEl Profe\u00bb, y el grupo Sol Latino.<br>En la oportunidad, Nadiani destac\u00f3: \u00abHoy celebramos el D\u00eda del Empleado Municipal juntos, en ese sentido, todo el equipo del municipio ha trabajado incansablemente para llegar a esa noche, con esta hermosa fiesta.<\/p>\n\n\n\n<figure class=\"wp-block-image size-large\"><a href=\"https:\/\/i0.wp.com\/elterritorialweb.com.ar\/web\/wp-content\/uploads\/2022\/11\/WhatsApp-Image-2022-11-07-at-22.10.40.jpeg\"><img data-recalc-dims=\"1\" decoding=\"async\" width=\"640\" height=\"480\" data-src=\"https:\/\/i0.wp.com\/elterritorialweb.com.ar\/web\/wp-content\/uploads\/2022\/11\/WhatsApp-Image-2022-11-07-at-22.10.40.jpeg?resize=640%2C480\" alt=\"\" class=\"wp-image-46188 lazyload\" data-srcset=\"https:\/\/i0.wp.com\/elterritorialweb.com.ar\/web\/wp-content\/uploads\/2022\/11\/WhatsApp-Image-2022-11-07-at-22.10.40.jpeg?resize=1024%2C768&amp;ssl=1 1024w, https:\/\/i0.wp.com\/elterritorialweb.com.ar\/web\/wp-content\/uploads\/2022\/11\/WhatsApp-Image-2022-11-07-at-22.10.40.jpeg?resize=300%2C225&amp;ssl=1 300w, https:\/\/i0.wp.com\/elterritorialweb.com.ar\/web\/wp-content\/uploads\/2022\/11\/WhatsApp-Image-2022-11-07-at-22.10.40.jpeg?resize=768%2C576&amp;ssl=1 768w, https:\/\/i0.wp.com\/elterritorialweb.com.ar\/web\/wp-content\/uploads\/2022\/11\/WhatsApp-Image-2022-11-07-at-22.10.40.jpeg?resize=1536%2C1152&amp;ssl=1 1536w, https:\/\/i0.wp.com\/elterritorialweb.com.ar\/web\/wp-content\/uploads\/2022\/11\/WhatsApp-Image-2022-11-07-at-22.10.40.jpeg?w=1600&amp;ssl=1 1600w, https:\/\/i0.wp.com\/elterritorialweb.com.ar\/web\/wp-content\/uploads\/2022\/11\/WhatsApp-Image-2022-11-07-at-22.10.40.jpeg?w=1280 1280w\" data-sizes=\"(max-width: 640px) 100vw, 640px\" src=\"data:image\/svg+xml;base64,PHN2ZyB3aWR0aD0iMSIgaGVpZ2h0PSIxIiB4bWxucz0iaHR0cDovL3d3dy53My5vcmcvMjAwMC9zdmciPjwvc3ZnPg==\" style=\"--smush-placeholder-width: 640px; --smush-placeholder-aspect-ratio: 640\/480;\" \/><\/a><\/figure>\n\n\n\n<p>Quiero agradecer al Senador Montenegro; a Jos\u00e9 G\u00f3mez que por razones de gesti\u00f3n no pudo estar presente; a los secretarios gremiales tanto del SIMUBA como del SUOEM, a Lu\u00eds Rodr\u00edguez; a Luis Guzm\u00e1n que tampoco pudo estar por cuestiones de gesti\u00f3n; a Daniel Ju\u00e1rez; a\u00a0 todos los concejales, a las compa\u00f1eras y compa\u00f1eros que nos acompa\u00f1an\u00bb.<br>Agreg\u00f3: \u00abEs una noche especial en el que celebramos el D\u00eda del Empleado Municipal; tambi\u00e9n viene a mi recuerdo tanto a\u00f1os de trabajo en el municipio y recordar aquellos compa\u00f1eros y compa\u00f1eras que ya no est\u00e1n, as\u00ed que tambi\u00e9n est\u00e1 fiesta es para ellos.<br>Muy agradecido, en general a Dios y a todas las personas y funcionarios que me acompa\u00f1an en esta noche.<br>El mensaje que quiero dejar siempre es de amor, de trabajar en forma conjunta como siempre lo ha hecho el empleado municipal; tenemos que lograr esa uni\u00f3n entre los empleados y empleadas para mejorar tanto la calidad de vida de los empleados como tambi\u00e9n del vecino de la ciudad de La Banda. Hay que trabajar con compromiso, responsabilidad y honestidad \u00ab.<\/p>\n\n\n\n<figure class=\"wp-block-image size-large\"><a href=\"https:\/\/i0.wp.com\/elterritorialweb.com.ar\/web\/wp-content\/uploads\/2022\/11\/WhatsApp-Image-2022-11-07-at-22.10.02.jpeg\"><img data-recalc-dims=\"1\" decoding=\"async\" width=\"640\" height=\"416\" data-src=\"https:\/\/i0.wp.com\/elterritorialweb.com.ar\/web\/wp-content\/uploads\/2022\/11\/WhatsApp-Image-2022-11-07-at-22.10.02.jpeg?resize=640%2C416\" alt=\"\" class=\"wp-image-46187 lazyload\" data-srcset=\"https:\/\/i0.wp.com\/elterritorialweb.com.ar\/web\/wp-content\/uploads\/2022\/11\/WhatsApp-Image-2022-11-07-at-22.10.02.jpeg?resize=1024%2C666&amp;ssl=1 1024w, https:\/\/i0.wp.com\/elterritorialweb.com.ar\/web\/wp-content\/uploads\/2022\/11\/WhatsApp-Image-2022-11-07-at-22.10.02.jpeg?resize=300%2C195&amp;ssl=1 300w, https:\/\/i0.wp.com\/elterritorialweb.com.ar\/web\/wp-content\/uploads\/2022\/11\/WhatsApp-Image-2022-11-07-at-22.10.02.jpeg?resize=768%2C499&amp;ssl=1 768w, https:\/\/i0.wp.com\/elterritorialweb.com.ar\/web\/wp-content\/uploads\/2022\/11\/WhatsApp-Image-2022-11-07-at-22.10.02.jpeg?resize=1536%2C998&amp;ssl=1 1536w, https:\/\/i0.wp.com\/elterritorialweb.com.ar\/web\/wp-content\/uploads\/2022\/11\/WhatsApp-Image-2022-11-07-at-22.10.02.jpeg?w=1600&amp;ssl=1 1600w, https:\/\/i0.wp.com\/elterritorialweb.com.ar\/web\/wp-content\/uploads\/2022\/11\/WhatsApp-Image-2022-11-07-at-22.10.02.jpeg?w=1280 1280w\" data-sizes=\"(max-width: 640px) 100vw, 640px\" src=\"data:image\/svg+xml;base64,PHN2ZyB3aWR0aD0iMSIgaGVpZ2h0PSIxIiB4bWxucz0iaHR0cDovL3d3dy53My5vcmcvMjAwMC9zdmciPjwvc3ZnPg==\" style=\"--smush-placeholder-width: 640px; --smush-placeholder-aspect-ratio: 640\/416;\" \/><\/a><\/figure>\n\n\n\n<h3 class=\"wp-block-heading\">Anuncio de bono de fin de a\u00f1o<\/h3>\n\n\n\n<p>En el marco de los festejos por el D\u00eda del Empleado Municipal, el intendente Roger Nediani anunci\u00f3 el pago de un bono de fin de a\u00f1o de $200.000 en tres cuotas para empleados de planta permanente y planta temporaria.<br>De este modo, la comuna bande\u00f1a se suma a las medidas promulgadas por el Gobierno de la Provincia que benefician a los empleados p\u00fablicos de Santiago del Estero.<br>La primera de tres cuotas se entregar\u00e1 el mi\u00e9rcoles 9 de noviembre y ser\u00e1 de $60.000, la segunda, que subir\u00e1 a los\u00a0$80.000, se pagar\u00e1 el 21 de diciembre\u00a0y la tercera, tambi\u00e9n de\u00a0$60.000, el 4 de enero.<\/p>\n\n\n\n<p>Por otra parte el jefe comunal reconoci\u00f3 el trabajo de los agentes municipales bande\u00f1os y lo public\u00f3 en Twitter con un video de la fiesta agasajando a los empleados municipales de la ciudad de La Banda.<\/p>\n\n\n\n<figure class=\"wp-block-embed is-type-rich is-provider-twitter wp-block-embed-twitter\"><div class=\"wp-block-embed__wrapper\">\n<blockquote class=\"twitter-tweet\" data-width=\"550\" data-dnt=\"true\"><p lang=\"es\" dir=\"ltr\">Hace m\u00e1s de 30 a\u00f1os que soy testigo del gran trabajo que hacen los empleados y empleadas de la <a href=\"https:\/\/twitter.com\/munilabanda?ref_src=twsrc%5Etfw\">@munilabanda<\/a><br><br>Con gran profesionalismo brindan soluciones a cada vecino y vecina y les acercan los programas que llevamos adelante desde el municipio para que todos podamos vivir mejor <a href=\"https:\/\/t.co\/y0p7fnworC\">pic.twitter.com\/y0p7fnworC<\/a><\/p>&mdash; Roger Nediani (@roger_nediani) <a href=\"https:\/\/twitter.com\/roger_nediani\/status\/1589993478716813312?ref_src=twsrc%5Etfw\">November 8, 2022<\/a><\/blockquote><script async src=\"https:\/\/platform.twitter.com\/widgets.js\" charset=\"utf-8\"><\/script>\n<\/div><\/figure>\n","protected":false},"excerpt":{"rendered":"<p>Los empleados municipales de la ciudad de La Banda fueron agasajados con una gran fiesta que cont\u00f3 con una cena, shows en vivo y sorteos de importantes premios, en donde el intendente Roger Nediani anunci\u00f3 el pago de un bono de fin de a\u00f1o de $200.000.<\/p>\n","protected":false},"author":2,"featured_media":46189,"comment_status":"open","ping_status":"open","sticky":false,"template":"","format":"standard","meta":{"om_disable_all_campaigns":false,"_monsterinsights_skip_tracking":false,"_monsterinsights_sitenote_active":false,"_monsterinsights_sitenote_note":"","_monsterinsights_sitenote_category":0,"_uf_show_specific_survey":0,"_uf_disable_surveys":false,"jetpack_post_was_ever_published":false,"_jetpack_newsletter_access":"","_jetpack_dont_email_post_to_subs":false,"_jetpack_newsletter_tier_id":0,"_jetpack_memberships_contains_paywalled_content":false,"_jetpack_memberships_contains_paid_content":false,"footnotes":"","jetpack_publicize_message":"","jetpack_publicize_feature_enabled":true,"jetpack_social_post_already_shared":false,"jetpack_social_options":{"image_generator_settings":{"template":"highway","default_image_id":0,"font":"","enabled":false},"version":2}},"categories":[21],"tags":[],"class_list":["post-46186","post","type-post","status-publish","format-standard","has-post-thumbnail","hentry","category-locales"],"aioseo_notices":[],"views":11,"jetpack_publicize_connections":[],"jetpack_featured_media_url":"https:\/\/i0.wp.com\/elterritorialweb.com.ar\/web\/wp-content\/uploads\/2022\/11\/WhatsApp-Image-2022-11-07-at-22.19.45.jpeg?fit=1600%2C1200&ssl=1","jetpack_sharing_enabled":true,"_links":{"self":[{"href":"https:\/\/elterritorialweb.com.ar\/web\/wp-json\/wp\/v2\/posts\/46186","targetHints":{"allow":["GET"]}}],"collection":[{"href":"https:\/\/elterritorialweb.com.ar\/web\/wp-json\/wp\/v2\/posts"}],"about":[{"href":"https:\/\/elterritorialweb.com.ar\/web\/wp-json\/wp\/v2\/types\/post"}],"author":[{"embeddable":true,"href":"https:\/\/elterritorialweb.com.ar\/web\/wp-json\/wp\/v2\/users\/2"}],"replies":[{"embeddable":true,"href":"https:\/\/elterritorialweb.com.ar\/web\/wp-json\/wp\/v2\/comments?post=46186"}],"version-history":[{"count":2,"href":"https:\/\/elterritorialweb.com.ar\/web\/wp-json\/wp\/v2\/posts\/46186\/revisions"}],"predecessor-version":[{"id":46192,"href":"https:\/\/elterritorialweb.com.ar\/web\/wp-json\/wp\/v2\/posts\/46186\/revisions\/46192"}],"wp:featuredmedia":[{"embeddable":true,"href":"https:\/\/elterritorialweb.com.ar\/web\/wp-json\/wp\/v2\/media\/46189"}],"wp:attachment":[{"href":"https:\/\/elterritorialweb.com.ar\/web\/wp-json\/wp\/v2\/media?parent=46186"}],"wp:term":[{"taxonomy":"category","embeddable":true,"href":"https:\/\/elterritorialweb.com.ar\/web\/wp-json\/wp\/v2\/categories?post=46186"},{"taxonomy":"post_tag","embeddable":true,"href":"https:\/\/elterritorialweb.com.ar\/web\/wp-json\/wp\/v2\/tags?post=46186"}],"curies":[{"name":"wp","href":"https:\/\/api.w.org\/{rel}","templated":true}]}}