{"id":46193,"date":"2022-11-08T19:30:27","date_gmt":"2022-11-08T19:30:27","guid":{"rendered":"http:\/\/elterritorialweb.com.ar\/web\/?p=46193"},"modified":"2022-11-08T19:40:47","modified_gmt":"2022-11-08T19:40:47","slug":"fernandez-remediar-es-un-antes-y-un-despues-en-la-salud-publica","status":"publish","type":"post","link":"https:\/\/elterritorialweb.com.ar\/web\/fernandez-remediar-es-un-antes-y-un-despues-en-la-salud-publica\/","title":{"rendered":"FERN\u00c1NDEZ: \u00abREMEDIAR ES UN ANTES Y UN DESPU\u00c9S EN LA SALUD P\u00daBLICA\u00bb"},"content":{"rendered":"\n<p>\u00abRemediar es un antes y un despu\u00e9s en la salud p\u00fablica\u00bb expres\u00f3 el mandatario y agreg\u00f3: \u201cAlguien que quiero estar siempre agradecido y reconocer lo que signific\u00f3 es Gin\u00e9s Gonz\u00e1lez Garc\u00eda, que se anim\u00f3 a llevar adelante el programa del que hablamos hoy para que a la gente no le faltara los medicamentos\u201d.<\/p>\n\n\n\n<p>El Jefe de Estado indic\u00f3 que hubo momentos en los que \u00abel programa entr\u00f3 en una faz de olvido, porque disminuyeron la cantidad de botiquines distribuidos y la cantidad de medicamentos que ten\u00edan\u201d, y ejemplific\u00f3: \u201cEn 2013 Cristina Fern\u00e1ndez de Kirchner distribuy\u00f3 176.000 botiquines con un total de 44 millones de tratamientos, mientras que en 2019 se redujeron a 106.000, con menos contenido, y los tratamientos se redujeron a 23 millones\u00bb.<\/p>\n\n\n\n<p>\u00abEn lo que llevamos de gobierno distribuimos 433.586 botiquines con muchos m\u00e1s medicamentos y consumamos 91 millones de tratamientos que los argentinos y argentinas estaban necesitando\u00bb, inform\u00f3 el mandatario y agreg\u00f3: \u00abAlgunos creemos que el Estado debe estar presente para ir en socorro de los que m\u00e1s necesitan y otros creen que los que m\u00e1s necesitan son parte de un mercado y que tienen que estar esperando que el mercado les ofrezca una soluci\u00f3n\u00bb.<\/p>\n\n\n\n<figure class=\"wp-block-image size-large\"><a href=\"https:\/\/i0.wp.com\/elterritorialweb.com.ar\/web\/wp-content\/uploads\/2022\/11\/REMEDIAR1.jpg\"><img data-recalc-dims=\"1\" decoding=\"async\" width=\"640\" height=\"427\" data-src=\"https:\/\/i0.wp.com\/elterritorialweb.com.ar\/web\/wp-content\/uploads\/2022\/11\/REMEDIAR1.jpg?resize=640%2C427\" alt=\"\" class=\"wp-image-46194 lazyload\" data-srcset=\"https:\/\/i0.wp.com\/elterritorialweb.com.ar\/web\/wp-content\/uploads\/2022\/11\/REMEDIAR1.jpg?resize=1024%2C683&amp;ssl=1 1024w, https:\/\/i0.wp.com\/elterritorialweb.com.ar\/web\/wp-content\/uploads\/2022\/11\/REMEDIAR1.jpg?resize=300%2C200&amp;ssl=1 300w, https:\/\/i0.wp.com\/elterritorialweb.com.ar\/web\/wp-content\/uploads\/2022\/11\/REMEDIAR1.jpg?resize=768%2C512&amp;ssl=1 768w, https:\/\/i0.wp.com\/elterritorialweb.com.ar\/web\/wp-content\/uploads\/2022\/11\/REMEDIAR1.jpg?resize=1536%2C1025&amp;ssl=1 1536w, https:\/\/i0.wp.com\/elterritorialweb.com.ar\/web\/wp-content\/uploads\/2022\/11\/REMEDIAR1.jpg?w=1940&amp;ssl=1 1940w, https:\/\/i0.wp.com\/elterritorialweb.com.ar\/web\/wp-content\/uploads\/2022\/11\/REMEDIAR1.jpg?w=1280 1280w\" data-sizes=\"(max-width: 640px) 100vw, 640px\" src=\"data:image\/svg+xml;base64,PHN2ZyB3aWR0aD0iMSIgaGVpZ2h0PSIxIiB4bWxucz0iaHR0cDovL3d3dy53My5vcmcvMjAwMC9zdmciPjwvc3ZnPg==\" style=\"--smush-placeholder-width: 640px; --smush-placeholder-aspect-ratio: 640\/427;\" \/><\/a><\/figure>\n\n\n\n<p>\u00abA la salud p\u00fablica hay que preservarla, debe ser gratuita y todos deben poder acceder a ella\u00bb, enfatiz\u00f3 y afirm\u00f3: \u00abSer atentos a la salud de nuestros hombres y de nuestras mujeres es una obligaci\u00f3n. Buscarles una soluci\u00f3n para que todos vivan sanos es una obligaci\u00f3n. Y si no lo hacemos solo mostraremos nuestra miserabilidad humana, porque estaremos dejando en evidencia que el otro no nos importa\u00bb.<\/p>\n\n\n\n<p>Por su parte, la ministra Vizzotti detall\u00f3 que el programa \u201ces salud, es acceso, es equidad, es favorecer el derecho a la salud, con calidad y con un trabajo enorme de todas las provincias\u201d, y convoc\u00f3 a trabajar para que Remediar sea \u201cun derecho adquirido para cada uno de los argentinos y argentinas y que nadie piense que puede dar un paso atr\u00e1s en materia de salud p\u00fablica, ni en Remediar, ni en salud sexual, ni en la priorizaci\u00f3n que tiene la salud como una pol\u00edtica de Estado\u201d.<\/p>\n\n\n\n<p>La ministra se refiri\u00f3 a la necesidad de favorecer la producci\u00f3n publica de medicamentos y detall\u00f3 que en la actualidad \u201cson cuatro provincias (Santa Fe, C\u00f3rdoba, San Luis y Rio Negro) que est\u00e1n produciendo en cinco laboratorios que adjudican en el Remediar\u201d. Y agreg\u00f3 que adem\u00e1s \u201cestimulan las econom\u00edas provinciales y favorecen el ahorro, porque es un 75 por ciento menos de los precios de referencia de cada uno de los medicamentos\u201d.<\/p>\n\n\n\n<p>\u201cEs un orgullo como ministra y como argentina que estemos celebrando los 20 a\u00f1os de sustentabilidad de una estrategia que tuvo que ser defendida por los trabajadores y las trabajadoras y que hoy volvi\u00f3 a ser una pol\u00edtica de estado\u201d, remarc\u00f3 la titular de la cartera sanitaria.<\/p>\n\n\n\n<p>El acto se realiz\u00f3 en el Auditorio Cultural de Tecn\u00f3polis en el marco de un encuentro de trabajo de los responsables provinciales del Remediar, que incluye una exposici\u00f3n de stands para exhibir las distintas prestaciones y servicios del Ministerio.<\/p>\n\n\n\n<figure class=\"wp-block-image size-large\"><a href=\"https:\/\/i0.wp.com\/elterritorialweb.com.ar\/web\/wp-content\/uploads\/2022\/11\/REMEDIAR2.jpg\"><img data-recalc-dims=\"1\" decoding=\"async\" width=\"640\" height=\"426\" data-src=\"https:\/\/i0.wp.com\/elterritorialweb.com.ar\/web\/wp-content\/uploads\/2022\/11\/REMEDIAR2.jpg?resize=640%2C426\" alt=\"\" class=\"wp-image-46195 lazyload\" data-srcset=\"https:\/\/i0.wp.com\/elterritorialweb.com.ar\/web\/wp-content\/uploads\/2022\/11\/REMEDIAR2.jpg?resize=1024%2C682&amp;ssl=1 1024w, https:\/\/i0.wp.com\/elterritorialweb.com.ar\/web\/wp-content\/uploads\/2022\/11\/REMEDIAR2.jpg?resize=300%2C200&amp;ssl=1 300w, https:\/\/i0.wp.com\/elterritorialweb.com.ar\/web\/wp-content\/uploads\/2022\/11\/REMEDIAR2.jpg?resize=768%2C512&amp;ssl=1 768w, https:\/\/i0.wp.com\/elterritorialweb.com.ar\/web\/wp-content\/uploads\/2022\/11\/REMEDIAR2.jpg?resize=1536%2C1024&amp;ssl=1 1536w, https:\/\/i0.wp.com\/elterritorialweb.com.ar\/web\/wp-content\/uploads\/2022\/11\/REMEDIAR2.jpg?w=1940&amp;ssl=1 1940w, https:\/\/i0.wp.com\/elterritorialweb.com.ar\/web\/wp-content\/uploads\/2022\/11\/REMEDIAR2.jpg?w=1280 1280w\" data-sizes=\"(max-width: 640px) 100vw, 640px\" src=\"data:image\/svg+xml;base64,PHN2ZyB3aWR0aD0iMSIgaGVpZ2h0PSIxIiB4bWxucz0iaHR0cDovL3d3dy53My5vcmcvMjAwMC9zdmciPjwvc3ZnPg==\" style=\"--smush-placeholder-width: 640px; --smush-placeholder-aspect-ratio: 640\/426;\" \/><\/a><\/figure>\n\n\n\n<p>Remediar es un programa que integra la pol\u00edtica de Medicamentos del Ministerio de Salud, a trav\u00e9s de procesos de adquisici\u00f3n transparentes, armado individualizado y distribuci\u00f3n directa de botiquines con tratamientos a los establecimientos de salud (CAPS) que integran el primer nivel de atenci\u00f3n. As\u00ed, las y los pacientes que no tienen cobertura de obra social, pueden retirar de manera gratuita y en el momento los medicamentos que les han sido prescriptos por los profesionales de cada Centro de Atenci\u00f3n Primaria de la Salud donde se atienden.<\/p>\n\n\n\n<p>El a\u00f1o pasado, a trav\u00e9s de la Resoluci\u00f3n 3424 se aprob\u00f3 la ampliaci\u00f3n del n\u00famero de medicamentos a 129, con la inclusi\u00f3n de anticonceptivos y antituberculost\u00e1ticos, entre otros, siendo 98 medicamentos los correspondientes al Remediar.<\/p>\n\n\n\n<p>Tambi\u00e9n en el a\u00f1o 2021 se tramit\u00f3 por licitaci\u00f3n p\u00fablica la compra m\u00e1s grande de medicamentos de la historia del Remediar, que permitir\u00e1 dar cobertura en el per\u00edodo 2022-2023.<\/p>\n\n\n\n<p>En el per\u00edodo 10 de diciembre de 2019 hasta septiembre de 2022, Remediar brind\u00f3 acceso y cobertura de medicamentos esenciales a trav\u00e9s de 19.000 botiquines mensuales de medicamentos de manera directa a 8.100 centros de salud de todo el pa\u00eds para 19 millones de personas con cobertura p\u00fablica exclusiva.<\/p>\n","protected":false},"excerpt":{"rendered":"<p>El presidente Alberto Fern\u00e1ndez encabez\u00f3 este mediod\u00eda junto a la ministra de Salud, Carla Vizzotti, el acto por el 20\u00b0 aniversario del programa Remediar que desde el a\u00f1o 2002 garantiza el acceso y cobertura de medicamentos esenciales a usuarias y usuarios de los m\u00e1s de 8.100 Centros de Atenci\u00f3n Primaria de la Salud de todo el pa\u00eds.<\/p>\n","protected":false},"author":2,"featured_media":46196,"comment_status":"open","ping_status":"open","sticky":false,"template":"","format":"standard","meta":{"om_disable_all_campaigns":false,"_monsterinsights_skip_tracking":false,"_monsterinsights_sitenote_active":false,"_monsterinsights_sitenote_note":"","_monsterinsights_sitenote_category":0,"_uf_show_specific_survey":0,"_uf_disable_surveys":false,"jetpack_post_was_ever_published":false,"_jetpack_newsletter_access":"","_jetpack_dont_email_post_to_subs":false,"_jetpack_newsletter_tier_id":0,"_jetpack_memberships_contains_paywalled_content":false,"_jetpack_memberships_contains_paid_content":false,"footnotes":"","jetpack_publicize_message":"","jetpack_publicize_feature_enabled":true,"jetpack_social_post_already_shared":false,"jetpack_social_options":{"image_generator_settings":{"template":"highway","default_image_id":0,"font":"","enabled":false},"version":2}},"categories":[4,18],"tags":[],"class_list":["post-46193","post","type-post","status-publish","format-standard","has-post-thumbnail","hentry","category-destacadas","category-politica"],"aioseo_notices":[],"views":8,"jetpack_publicize_connections":[],"jetpack_featured_media_url":"https:\/\/i0.wp.com\/elterritorialweb.com.ar\/web\/wp-content\/uploads\/2022\/11\/REMEDIAR3.jpg?fit=1940%2C1293&ssl=1","jetpack_sharing_enabled":true,"_links":{"self":[{"href":"https:\/\/elterritorialweb.com.ar\/web\/wp-json\/wp\/v2\/posts\/46193","targetHints":{"allow":["GET"]}}],"collection":[{"href":"https:\/\/elterritorialweb.com.ar\/web\/wp-json\/wp\/v2\/posts"}],"about":[{"href":"https:\/\/elterritorialweb.com.ar\/web\/wp-json\/wp\/v2\/types\/post"}],"author":[{"embeddable":true,"href":"https:\/\/elterritorialweb.com.ar\/web\/wp-json\/wp\/v2\/users\/2"}],"replies":[{"embeddable":true,"href":"https:\/\/elterritorialweb.com.ar\/web\/wp-json\/wp\/v2\/comments?post=46193"}],"version-history":[{"count":1,"href":"https:\/\/elterritorialweb.com.ar\/web\/wp-json\/wp\/v2\/posts\/46193\/revisions"}],"predecessor-version":[{"id":46197,"href":"https:\/\/elterritorialweb.com.ar\/web\/wp-json\/wp\/v2\/posts\/46193\/revisions\/46197"}],"wp:featuredmedia":[{"embeddable":true,"href":"https:\/\/elterritorialweb.com.ar\/web\/wp-json\/wp\/v2\/media\/46196"}],"wp:attachment":[{"href":"https:\/\/elterritorialweb.com.ar\/web\/wp-json\/wp\/v2\/media?parent=46193"}],"wp:term":[{"taxonomy":"category","embeddable":true,"href":"https:\/\/elterritorialweb.com.ar\/web\/wp-json\/wp\/v2\/categories?post=46193"},{"taxonomy":"post_tag","embeddable":true,"href":"https:\/\/elterritorialweb.com.ar\/web\/wp-json\/wp\/v2\/tags?post=46193"}],"curies":[{"name":"wp","href":"https:\/\/api.w.org\/{rel}","templated":true}]}}