{"id":46198,"date":"2022-11-08T19:50:20","date_gmt":"2022-11-08T19:50:20","guid":{"rendered":"http:\/\/elterritorialweb.com.ar\/web\/?p=46198"},"modified":"2022-11-08T19:50:20","modified_gmt":"2022-11-08T19:50:20","slug":"invitan-a-participar-de-la-13-jornada-internacional-de-fertirriego-en-fernandez","status":"publish","type":"post","link":"https:\/\/elterritorialweb.com.ar\/web\/invitan-a-participar-de-la-13-jornada-internacional-de-fertirriego-en-fernandez\/","title":{"rendered":"INVITAN A PARTICIPAR DE LA 13\u00b0 JORNADA INTERNACIONAL DE FERTIRRIEGO EN FERN\u00c1NDEZ"},"content":{"rendered":"\n<p>Mediante una conferencia de prensa realizada en las oficinas de <a><\/a>la Secretaria de CyT sita en el NODO Tecnol\u00f3gico, se anunci\u00f3 la realizaci\u00f3n de la \u201c13\u00ba Jornada Internacional de Fertirriego y uso eficiente del agua\u201d, a desarrollarse en las instalaciones del club Sportivo Fern\u00e1ndez, del Departamento Robles, el d\u00eda 11 de noviembre en el horario de 9:00hs a 14:00Hs. La entrada es libre y gratuita.<\/p>\n\n\n\n<p>El anuncio estuvo encabezado por el secretario de Ciencia y Tecnolog\u00eda, Ing. Adri\u00e1n Suarez; El director de Ciencia y Tecnolog\u00eda. Ing. Edmundo Vizgarra; el secretario de la Producci\u00f3n municipal de la Ciudad de Fern\u00e1ndez, Sr. Miguel Aciar; el intendente de la Unidad Ejecutora de Riego del Rio Dulce, el Ing. Jes\u00fas Ib\u00e1\u00f1ez y el responsable del Area de Recursos Naturales y Medio Ambiente de la Secretaria, el Ing. Sergio Salom\u00f3n.<\/p>\n\n\n\n<p>Para finalizar, desde la organizaci\u00f3n informaron que se otorgar\u00e1n certificados de asistencia a los presentes.<\/p>\n\n\n\n<p>Registrate de manera gratuita en: <a href=\"https:\/\/docs.google.com\/...\/1FAIpQLSer...\/viewform?fbclid=IwAR2rM8UtMXkjOCeFOpyf8SLu_mcHyoYXV7SU53C1--GOC00MR07B7XCcylY\" rel=\"noreferrer noopener\" target=\"_blank\">https:\/\/docs.google.com\/&#8230;\/1FAIpQLSer&#8230;\/viewform<\/a>&#8230;<\/p>\n","protected":false},"excerpt":{"rendered":"<p>A realizarse el 11 de noviembre de 9 a 14 horas en el Club Sportivo Fern\u00e1ndez, y la entrada es libre y gratuita.<\/p>\n","protected":false},"author":2,"featured_media":46199,"comment_status":"open","ping_status":"open","sticky":false,"template":"","format":"standard","meta":{"om_disable_all_campaigns":false,"_monsterinsights_skip_tracking":false,"_monsterinsights_sitenote_active":false,"_monsterinsights_sitenote_note":"","_monsterinsights_sitenote_category":0,"_uf_show_specific_survey":0,"_uf_disable_surveys":false,"jetpack_post_was_ever_published":false,"_jetpack_newsletter_access":"","_jetpack_dont_email_post_to_subs":false,"_jetpack_newsletter_tier_id":0,"_jetpack_memberships_contains_paywalled_content":false,"_jetpack_memberships_contains_paid_content":false,"footnotes":"","jetpack_publicize_message":"","jetpack_publicize_feature_enabled":true,"jetpack_social_post_already_shared":false,"jetpack_social_options":{"image_generator_settings":{"template":"highway","default_image_id":0,"font":"","enabled":false},"version":2}},"categories":[21],"tags":[],"class_list":["post-46198","post","type-post","status-publish","format-standard","has-post-thumbnail","hentry","category-locales"],"aioseo_notices":[],"views":7,"jetpack_publicize_connections":[],"jetpack_featured_media_url":"https:\/\/i0.wp.com\/elterritorialweb.com.ar\/web\/wp-content\/uploads\/2022\/11\/jornada-en-fernandez.jpg?fit=2048%2C1365&ssl=1","jetpack_sharing_enabled":true,"_links":{"self":[{"href":"https:\/\/elterritorialweb.com.ar\/web\/wp-json\/wp\/v2\/posts\/46198","targetHints":{"allow":["GET"]}}],"collection":[{"href":"https:\/\/elterritorialweb.com.ar\/web\/wp-json\/wp\/v2\/posts"}],"about":[{"href":"https:\/\/elterritorialweb.com.ar\/web\/wp-json\/wp\/v2\/types\/post"}],"author":[{"embeddable":true,"href":"https:\/\/elterritorialweb.com.ar\/web\/wp-json\/wp\/v2\/users\/2"}],"replies":[{"embeddable":true,"href":"https:\/\/elterritorialweb.com.ar\/web\/wp-json\/wp\/v2\/comments?post=46198"}],"version-history":[{"count":1,"href":"https:\/\/elterritorialweb.com.ar\/web\/wp-json\/wp\/v2\/posts\/46198\/revisions"}],"predecessor-version":[{"id":46200,"href":"https:\/\/elterritorialweb.com.ar\/web\/wp-json\/wp\/v2\/posts\/46198\/revisions\/46200"}],"wp:featuredmedia":[{"embeddable":true,"href":"https:\/\/elterritorialweb.com.ar\/web\/wp-json\/wp\/v2\/media\/46199"}],"wp:attachment":[{"href":"https:\/\/elterritorialweb.com.ar\/web\/wp-json\/wp\/v2\/media?parent=46198"}],"wp:term":[{"taxonomy":"category","embeddable":true,"href":"https:\/\/elterritorialweb.com.ar\/web\/wp-json\/wp\/v2\/categories?post=46198"},{"taxonomy":"post_tag","embeddable":true,"href":"https:\/\/elterritorialweb.com.ar\/web\/wp-json\/wp\/v2\/tags?post=46198"}],"curies":[{"name":"wp","href":"https:\/\/api.w.org\/{rel}","templated":true}]}}