{"id":46201,"date":"2022-11-08T21:10:45","date_gmt":"2022-11-08T21:10:45","guid":{"rendered":"http:\/\/elterritorialweb.com.ar\/web\/?p=46201"},"modified":"2022-11-08T21:10:46","modified_gmt":"2022-11-08T21:10:46","slug":"lo-celso-sera-operado-y-se-pierde-el-mundial","status":"publish","type":"post","link":"https:\/\/elterritorialweb.com.ar\/web\/lo-celso-sera-operado-y-se-pierde-el-mundial\/","title":{"rendered":"LO CELSO SER\u00c1 OPERADO Y SE PIERDE EL MUNDIAL"},"content":{"rendered":"\n<p>El mediocampista&nbsp;<strong>Giovani Lo Celso<\/strong>, una de las figuras del seleccionado argentino y acaso el mejor interlocutor del astro Lionel Messi dentro del campo de juego,&nbsp;<strong>deber\u00e1 ser operado de la lesi\u00f3n muscular que sufri\u00f3 en la parte posterior de la pierna derecha y se perder\u00e1 el Mundial de Qatar.<\/strong><\/p>\n\n\n\n<p>Villarreal (Espa\u00f1a) y Tottenham (Inglaterra), clubes due\u00f1os de los derechos deportivos y econ\u00f3micos del futbolista, respectivamente, decidieron que Lo Celso se opere de la lesi\u00f3n que sufri\u00f3 el pasado 30 de octubre y eso descart\u00f3 la posibilidad de sumarlo en la lista definitiva de 26 futbolistas que participar\u00e1n de la Copa del Mundo.<\/p>\n\n\n\n<p>Pese a la intenci\u00f3n del rosarino y del cuerpo t\u00e9cnico encabezado por Lionel Scaloni de esperarlo para sumarlo en funci\u00f3n de su importancia dentro de la estructura del equipo, la recuperaci\u00f3n luego de la cirug\u00eda le demandar\u00e1 m\u00e1s tiempo (entre seis y ocho semanas) de lo que durar\u00e1 la competencia en suelo \u00e1rabe.<\/p>\n\n\n\n<p>Lo Celso se lesion\u00f3 en el partido del pasado 30 de octubre entre Villarreal y Athletic de Bilbao en San Mam\u00e9s, por la duod\u00e9cima fecha de la liga espa\u00f1ola de f\u00fatbol (triunfo del equipo vasco por 1-0), en una jugada intrascendente en la que quiso hacer un taco a los 24 minutos de la primera etapa (lo reemplaz\u00f3 Trigueros).<\/p>\n\n\n\n<p>Con la baja de Lo Celso,&nbsp;<strong>Scaloni pierde una pieza clave del mediocampo<\/strong>&nbsp;ya que desde el inicio del ciclo hace cuatro a\u00f1os form\u00f3 el tridente con Rodrigo De Paul y Leandro Paredes.<\/p>\n\n\n\n<p>El jugador cuya ficha pertenece a Tottenham, que tambi\u00e9n presion\u00f3 para que sea operado, disput\u00f3 35 partidos del ciclo Scaloni y es uno de los cuatro con m\u00e1s presencias junto a De Paul (42), Paredes (40) y Lautaro Mart\u00ednez (38).<\/p>\n\n\n\n<h3 class=\"wp-block-heading\">Lo Celso, un \u00absocio\u00bb clave de Messi<\/h3>\n\n\n\n<p>El rosarino, adem\u00e1s de formar parte del grupo m\u00e1s cercano a Lionel Messi, fue uno de los principales socios futbol\u00edsticos del capit\u00e1n del seleccionado argentino.<\/p>\n\n\n\n<p>Seg\u00fan las estad\u00edsticas,&nbsp;<strong>Messi es el jugador que m\u00e1s pases recibi\u00f3 de Lo Celso<\/strong>&nbsp;desde el inicio del ciclo Scaloni iniciado despu\u00e9s del Mundial de Rusia 2018.<\/p>\n\n\n\n<p>Lo Celso form\u00f3 parte del plantel de Jorge Sampaoli que qued\u00f3 eliminado en octavos de final contra el campe\u00f3n, Francia, pero fue uno de los \u00fanicos dos jugadores que se despidieron de la Copa del Mundo sin jugar un solo minuto (el otro fue Cristian Ansaldi).<\/p>\n\n\n\n<p>Con apenas 26 a\u00f1os, Lo Celso seguramente tendr\u00e1 una nueva oportunidad en el pr\u00f3ximo Mundial 2026 pero la desilusi\u00f3n de quedar afuera de Qatar representante un duro golpe por la ilusi\u00f3n de integrar un equipo que llega con un invicto de 35 partidos y como campe\u00f3n de Am\u00e9rica.<\/p>\n\n\n\n<p>\u00abLo primero que le dije a \u00e9l y que le digo a todo el mundo es que la salud del jugador es lo primero. No vamos a tomar ning\u00fan riesgo que no sea normal, no haremos nada innecesario para su salud\u00bb, dijo, hace unos d\u00edas, Scaloni sobre la situaci\u00f3n de uno de sus jugadores favoritos.<\/p>\n\n\n\n<p>Luego, el DT agreg\u00f3 que no iba a sumar jugadores que no est\u00e9n al ciento por ciento pero remarc\u00f3 que Lo Celso no tiene un \u00abreemplazante futbol\u00edstico\u00bb.<\/p>\n","protected":false},"excerpt":{"rendered":"<p>Una de las figuras del seleccionado argentino deber\u00e1 ser operado de la lesi\u00f3n muscular que sufri\u00f3 en la parte posterior de la pierna derecha: la recuperaci\u00f3n ser\u00e1 de entre seis y ocho semanas, por lo que no podr\u00e1 estar en la cita m\u00e1xima del f\u00fatbol mundial.<\/p>\n","protected":false},"author":2,"featured_media":46202,"comment_status":"open","ping_status":"open","sticky":false,"template":"","format":"standard","meta":{"om_disable_all_campaigns":false,"_monsterinsights_skip_tracking":false,"_monsterinsights_sitenote_active":false,"_monsterinsights_sitenote_note":"","_monsterinsights_sitenote_category":0,"_uf_show_specific_survey":0,"_uf_disable_surveys":false,"jetpack_post_was_ever_published":false,"_jetpack_newsletter_access":"","_jetpack_dont_email_post_to_subs":false,"_jetpack_newsletter_tier_id":0,"_jetpack_memberships_contains_paywalled_content":false,"_jetpack_memberships_contains_paid_content":false,"footnotes":"","jetpack_publicize_message":"","jetpack_publicize_feature_enabled":true,"jetpack_social_post_already_shared":false,"jetpack_social_options":{"image_generator_settings":{"template":"highway","default_image_id":0,"font":"","enabled":false},"version":2}},"categories":[6],"tags":[],"class_list":["post-46201","post","type-post","status-publish","format-standard","has-post-thumbnail","hentry","category-deportes"],"aioseo_notices":[],"views":18,"jetpack_publicize_connections":[],"jetpack_featured_media_url":"https:\/\/i0.wp.com\/elterritorialweb.com.ar\/web\/wp-content\/uploads\/2022\/11\/image-1.png?fit=1200%2C630&ssl=1","jetpack_sharing_enabled":true,"_links":{"self":[{"href":"https:\/\/elterritorialweb.com.ar\/web\/wp-json\/wp\/v2\/posts\/46201","targetHints":{"allow":["GET"]}}],"collection":[{"href":"https:\/\/elterritorialweb.com.ar\/web\/wp-json\/wp\/v2\/posts"}],"about":[{"href":"https:\/\/elterritorialweb.com.ar\/web\/wp-json\/wp\/v2\/types\/post"}],"author":[{"embeddable":true,"href":"https:\/\/elterritorialweb.com.ar\/web\/wp-json\/wp\/v2\/users\/2"}],"replies":[{"embeddable":true,"href":"https:\/\/elterritorialweb.com.ar\/web\/wp-json\/wp\/v2\/comments?post=46201"}],"version-history":[{"count":1,"href":"https:\/\/elterritorialweb.com.ar\/web\/wp-json\/wp\/v2\/posts\/46201\/revisions"}],"predecessor-version":[{"id":46203,"href":"https:\/\/elterritorialweb.com.ar\/web\/wp-json\/wp\/v2\/posts\/46201\/revisions\/46203"}],"wp:featuredmedia":[{"embeddable":true,"href":"https:\/\/elterritorialweb.com.ar\/web\/wp-json\/wp\/v2\/media\/46202"}],"wp:attachment":[{"href":"https:\/\/elterritorialweb.com.ar\/web\/wp-json\/wp\/v2\/media?parent=46201"}],"wp:term":[{"taxonomy":"category","embeddable":true,"href":"https:\/\/elterritorialweb.com.ar\/web\/wp-json\/wp\/v2\/categories?post=46201"},{"taxonomy":"post_tag","embeddable":true,"href":"https:\/\/elterritorialweb.com.ar\/web\/wp-json\/wp\/v2\/tags?post=46201"}],"curies":[{"name":"wp","href":"https:\/\/api.w.org\/{rel}","templated":true}]}}