{"id":46205,"date":"2022-11-08T21:27:05","date_gmt":"2022-11-08T21:27:05","guid":{"rendered":"http:\/\/elterritorialweb.com.ar\/web\/?p=46205"},"modified":"2022-11-08T21:28:23","modified_gmt":"2022-11-08T21:28:23","slug":"fernandez-tenemos-que-trabajar-juntos-y-ser-inflexibles-contra-el-crimen-organizado%ef%bf%bc","status":"publish","type":"post","link":"https:\/\/elterritorialweb.com.ar\/web\/fernandez-tenemos-que-trabajar-juntos-y-ser-inflexibles-contra-el-crimen-organizado%ef%bf%bc\/","title":{"rendered":"FERN\u00c1NDEZ: \u00abTENEMOS QUE TRABAJAR JUNTOS Y SER INFLEXIBLES CONTRA EL CRIMEN ORGANIZADO\u00bb\ufffc"},"content":{"rendered":"\n<p>\u201cTenemos que trabajar juntos, muy unidos, porque el crimen organizado est\u00e1 afectando a todo el mundo, a nuestra regi\u00f3n particularmente, y tenemos que ser inflexibles\u201d, dijo el Jefe de Estado al exponer acompa\u00f1ado por el ministro de Seguridad, An\u00edbal Fern\u00e1ndez. Asegur\u00f3, adem\u00e1s que se trata de \u201cun problema que es necesario abordar con seriedad y entendiendo que Am\u00e9rica Latina es un continente en paz\u201d.<\/p>\n\n\n\n<p>\u00abCuando el C\u00f3digo Penal define los tipos legales, habla siempre en singular, habla del que mata, del que roba, del que estafa, del que viola, nunca habla en plural. Sin embargo, el delito cada vez m\u00e1s es un hecho plural y cada vez menos es un hecho singular\u00bb, afirm\u00f3 el presidente.<\/p>\n\n\n\n<p>En ese sentido, explic\u00f3 que \u201cel crimen ha dejado de ser una aventura de un delincuente, y es cada vez m\u00e1s un sistema que busca la impunidad, que se ha desarrollado en extremo y empez\u00f3 a dar lugar a lo que hoy conocemos como el crimen organizado\u201d.<\/p>\n\n\n\n<p>\u201cEstamos hablando sobre verdaderas organizaciones que tienen la capacidad de penetrar las instituciones del Estado, vulnerarlas, violarlas en su honestidad, corromperlas para poder hacer m\u00e1s f\u00e1cil la consumaci\u00f3n de los delitos que realizan\u201d, asegur\u00f3 e indic\u00f3 que es necesario combatir el crimen organizado \u201csabiendo que somos todos parte de Estados democr\u00e1ticos y en el Estado de derecho debemos actuar respetando el sistema legal impuesto\u201d.<\/p>\n\n\n\n<p>\u201cMuchos creen escuchar en este tipo de reflexiones una suerte de darle m\u00e1s derechos al delincuente que al ciudadano. No estamos hablando de eso. Estamos hablando de aplicar la ley en toda su dimensi\u00f3n\u201d, expres\u00f3 y manifest\u00f3: \u201cLo que tenemos que garantizar son juicios transparentes, sanciones r\u00e1pidas, y penas que se cumplan. porque de otro modo la paz no se recupera\u201d.<\/p>\n\n\n\n<p>El jefe de Estado reflexion\u00f3 que \u201cmuchas veces el delito deviene de una profunda injusticia social que a muchos les hace perder el horizonte de proyecci\u00f3n de hacia d\u00f3nde pueden ir sus vidas y entonces son mucho m\u00e1s f\u00e1ciles de captar como soldados del crimen organizado\u201d.<\/p>\n\n\n\n<p>Por ultimo convoc\u00f3 a trabajar juntos \u201cpara hacer frente a este presente que nos toca vivir, donde la seguridad es un tema central y es una responsabilidad del Estado\u201d, concluy\u00f3 el presidente.<\/p>\n\n\n\n<p>Por su parte, el ministro An\u00edbal Fern\u00e1ndez, en su calidad de Presidente Pro T\u00e9mpore del organismo dijo que \u201ctenemos una oportunidad para crecer, no como una polic\u00eda s\u00faper nacional que no va a existir nunca, sino como un hecho criterioso y responsable de generar pol\u00edticas nuevas, p\u00fablicas, modernas, serias y respetables que nos involucran a todos\u201d.<\/p>\n\n\n\n<p>\u201cEs un honor que el Presidente est\u00e9 presente porque representa a 47 millones de argentinos que quieren vivir de una manera distinta y s\u00e9 que toda Am\u00e9rica est\u00e1 pensando lo mismo. La paz debe ser lo que nos gu\u00ede y nosotros apostamos fuertemente a la paz, y para eso es imperioso que hagamos cosas juntos\u201d, asegur\u00f3 el titular de la cartera de seguridad.<\/p>\n\n\n\n<p>El Comit\u00e9 Latinoamericano de Seguridad Interior (CLASI) re\u00fane a los ministros y ministras de Argentina, Bolivia, Costa Rica, Ecuador, El Salvador, Panam\u00e1, Rep\u00fablica Dominicana, Chile, M\u00e9xico, Paraguay y Uruguay, a quienes se suma Per\u00fa en esta primera edici\u00f3n del encuentro regional.<\/p>\n\n\n\n<p>El organismo tiene como prioridad de trabajo el narcotr\u00e1fico, la trata de personas y de armas como as\u00ed tambi\u00e9n los delitos contra el ambiente bajo una perspectiva econ\u00f3mica del crimen trasnacional, con \u00e9nfasis en la ciberseguridad.<\/p>\n\n\n\n<p>En la primera reuni\u00f3n del CLASI, que tiene lugar desde ayer en Buenos Aires, se aprobar\u00e1n los Planes de Acci\u00f3n Operativos para cada una de las prioridades basadas en el intercambio de informaci\u00f3n criminal y los planes de acci\u00f3n operativos que permitan alcanzar resultados m\u00e1s eficaces en la materia.<\/p>\n\n\n\n<p>Las l\u00edneas de trabajo son la lucha contra el narcotr\u00e1fico; la trata de personas y tr\u00e1fico il\u00edcito de migrantes; Tr\u00e1fico de Armas, Piezas, Componentes, Municiones; y Delitos Medioambientales. Adem\u00e1s, se debatir\u00e1 sobre la institucionalizaci\u00f3n, rol y perspectiva de trabajo de la Comunidad de Polic\u00edas de Am\u00e9rica (AMERIPOL), con la presencia de su titular Andr\u00e9s Severino.<\/p>\n\n\n\n<p>Se tratar\u00e1n tambi\u00e9n las propuestas de Argentina sobre declaraci\u00f3n de confidencialidad de la informaci\u00f3n y la transversalidad de la perspectiva de g\u00e9nero en los planes de trabajo; y se conformar\u00e1 la Secretar\u00eda Permanente y se elegir\u00e1 la IV Presidencia Pro T\u00e9mpore.<\/p>\n","protected":false},"excerpt":{"rendered":"<p>El presidente Alberto Fern\u00e1ndez encabez\u00f3 este mediod\u00eda el cierre de la 1\u00b0 Cumbre Ministerial del Comit\u00e9 Latinoamericano de Seguridad Interior (CLASI), que tiene como objetivo definir prioridades en el intercambio de informaci\u00f3n criminal y establecer planes de acci\u00f3n operativos para alcanzar resultados m\u00e1s eficaces en la materia, en el Centro Cultural Kirchner (CCK).<\/p>\n","protected":false},"author":2,"featured_media":46206,"comment_status":"open","ping_status":"open","sticky":false,"template":"","format":"standard","meta":{"om_disable_all_campaigns":false,"_monsterinsights_skip_tracking":false,"_monsterinsights_sitenote_active":false,"_monsterinsights_sitenote_note":"","_monsterinsights_sitenote_category":0,"_uf_show_specific_survey":0,"_uf_disable_surveys":false,"jetpack_post_was_ever_published":false,"_jetpack_newsletter_access":"","_jetpack_dont_email_post_to_subs":false,"_jetpack_newsletter_tier_id":0,"_jetpack_memberships_contains_paywalled_content":false,"_jetpack_memberships_contains_paid_content":false,"footnotes":"","jetpack_publicize_message":"","jetpack_publicize_feature_enabled":true,"jetpack_social_post_already_shared":false,"jetpack_social_options":{"image_generator_settings":{"template":"highway","default_image_id":0,"font":"","enabled":false},"version":2}},"categories":[4,18],"tags":[],"class_list":["post-46205","post","type-post","status-publish","format-standard","has-post-thumbnail","hentry","category-destacadas","category-politica"],"aioseo_notices":[],"views":11,"jetpack_publicize_connections":[],"jetpack_featured_media_url":"https:\/\/i0.wp.com\/elterritorialweb.com.ar\/web\/wp-content\/uploads\/2022\/11\/CLASI.jpg?fit=1940%2C1293&ssl=1","jetpack_sharing_enabled":true,"_links":{"self":[{"href":"https:\/\/elterritorialweb.com.ar\/web\/wp-json\/wp\/v2\/posts\/46205","targetHints":{"allow":["GET"]}}],"collection":[{"href":"https:\/\/elterritorialweb.com.ar\/web\/wp-json\/wp\/v2\/posts"}],"about":[{"href":"https:\/\/elterritorialweb.com.ar\/web\/wp-json\/wp\/v2\/types\/post"}],"author":[{"embeddable":true,"href":"https:\/\/elterritorialweb.com.ar\/web\/wp-json\/wp\/v2\/users\/2"}],"replies":[{"embeddable":true,"href":"https:\/\/elterritorialweb.com.ar\/web\/wp-json\/wp\/v2\/comments?post=46205"}],"version-history":[{"count":1,"href":"https:\/\/elterritorialweb.com.ar\/web\/wp-json\/wp\/v2\/posts\/46205\/revisions"}],"predecessor-version":[{"id":46207,"href":"https:\/\/elterritorialweb.com.ar\/web\/wp-json\/wp\/v2\/posts\/46205\/revisions\/46207"}],"wp:featuredmedia":[{"embeddable":true,"href":"https:\/\/elterritorialweb.com.ar\/web\/wp-json\/wp\/v2\/media\/46206"}],"wp:attachment":[{"href":"https:\/\/elterritorialweb.com.ar\/web\/wp-json\/wp\/v2\/media?parent=46205"}],"wp:term":[{"taxonomy":"category","embeddable":true,"href":"https:\/\/elterritorialweb.com.ar\/web\/wp-json\/wp\/v2\/categories?post=46205"},{"taxonomy":"post_tag","embeddable":true,"href":"https:\/\/elterritorialweb.com.ar\/web\/wp-json\/wp\/v2\/tags?post=46205"}],"curies":[{"name":"wp","href":"https:\/\/api.w.org\/{rel}","templated":true}]}}