{"id":46208,"date":"2022-11-09T03:14:15","date_gmt":"2022-11-09T03:14:15","guid":{"rendered":"http:\/\/elterritorialweb.com.ar\/web\/?p=46208"},"modified":"2022-11-09T03:26:25","modified_gmt":"2022-11-09T03:26:25","slug":"larcher-presento-un-proyecto-para-potenciar-el-desarrollo-de-las-pymes-y-turismo","status":"publish","type":"post","link":"https:\/\/elterritorialweb.com.ar\/web\/larcher-presento-un-proyecto-para-potenciar-el-desarrollo-de-las-pymes-y-turismo\/","title":{"rendered":"LARCHER PRESENT\u00d3 UN PROYECTO PARA  POTENCIAR EL DESARROLLO DE LAS PYMES Y TURISMO"},"content":{"rendered":"\n<p>Este martes tom\u00f3 estado parlamentario el proyecto de ley \u201cMarca Provincia de Santiago del Estero\u201d, presentado por la diputada Ver\u00f3nica Larcher, del bloque Frente Renovador y Progresista.<br>El mismo apunta a avalar la excelencia de los procesos de producci\u00f3n y la calidad de los bienes y servicios hechos en la provincia y acompa\u00f1ar, especialmente, a las pymes, a su promoci\u00f3n e instalaci\u00f3n en el contexto de los mercados regional, nacional e internacional.<br>AL respecto, la legisladora indic\u00f3: \u201cMe parec\u00eda muy importante, sobre todo en estos tiempos tan dif\u00edciles econ\u00f3micos, que desde la legislatura se brinden herramientas al Estado provincial para promover pol\u00edticas p\u00fablicas orientadas a denominar el origen y promocionar la calidad de los bienes y servicios producidos por productores regionales y que sean destinados al comercio, local, nacional e internacional. Asimismo, pretende fortalecer el turismo local y fomentar la llegada de inversiones a la provincia\u201d.<br>Sobre que atribuciones tendr\u00eda el Ejecutivo provincial, explic\u00f3 que \u201cel proyecto establece que es necesario que el Estado provincial tenga el control, difusi\u00f3n y sea el intermediario para imponer los productos de \u201cMarca Provincia Santiago del Estero\u201d en el mercado\u201d.<br>\u201cLa provincia tiene la necesidad de contar con una marca propia, con una herramienta s\u00f3lida que nos permita comunicar el atractivo de nuestro territorio, desarrollando la capacidad no solo para atraer turistas sino tambi\u00e9n residentes e inversiones, al tiempo de fortalecer nuestra proyecci\u00f3n al mundo\u201d, destac\u00f3 Larcher.<br>\u201cCon este proyecto y su futura sanci\u00f3n \u201clos santiague\u00f1os seremos los generadores de nuestra propia marca distintiva. Una marca que aporte valor, otorgue distinci\u00f3n y transmita nuestra identidad. La Marca Provincia de Santiago del Estero es un desaf\u00edo de todos los santiague\u00f1os, es tener identidad propia\u201d, cerr\u00f3 la legisladora.<br>Provincias como C\u00f3rdoba, ciudad de Buenos Aires, Tucum\u00e1n, Salta, entre otras, tienen una ley semejante para ayudar a la pymes, las inversiones y el turismo.<\/p>\n","protected":false},"excerpt":{"rendered":"<p>De esta manera la diputada busca favorecer la producci\u00f3n de bienes y servicios con mayor valor agregado.<\/p>\n","protected":false},"author":2,"featured_media":46209,"comment_status":"open","ping_status":"open","sticky":false,"template":"","format":"standard","meta":{"om_disable_all_campaigns":false,"_monsterinsights_skip_tracking":false,"_monsterinsights_sitenote_active":false,"_monsterinsights_sitenote_note":"","_monsterinsights_sitenote_category":0,"_uf_show_specific_survey":0,"_uf_disable_surveys":false,"jetpack_post_was_ever_published":false,"_jetpack_newsletter_access":"","_jetpack_dont_email_post_to_subs":false,"_jetpack_newsletter_tier_id":0,"_jetpack_memberships_contains_paywalled_content":false,"_jetpack_memberships_contains_paid_content":false,"footnotes":"","jetpack_publicize_message":"","jetpack_publicize_feature_enabled":true,"jetpack_social_post_already_shared":false,"jetpack_social_options":{"image_generator_settings":{"template":"highway","default_image_id":0,"font":"","enabled":false},"version":2}},"categories":[18],"tags":[],"class_list":["post-46208","post","type-post","status-publish","format-standard","has-post-thumbnail","hentry","category-politica"],"aioseo_notices":[],"views":13,"jetpack_publicize_connections":[],"jetpack_featured_media_url":"https:\/\/i0.wp.com\/elterritorialweb.com.ar\/web\/wp-content\/uploads\/2022\/11\/IMG-20221108-WA0052-e1667964363922.jpg?fit=750%2C597&ssl=1","jetpack_sharing_enabled":true,"_links":{"self":[{"href":"https:\/\/elterritorialweb.com.ar\/web\/wp-json\/wp\/v2\/posts\/46208","targetHints":{"allow":["GET"]}}],"collection":[{"href":"https:\/\/elterritorialweb.com.ar\/web\/wp-json\/wp\/v2\/posts"}],"about":[{"href":"https:\/\/elterritorialweb.com.ar\/web\/wp-json\/wp\/v2\/types\/post"}],"author":[{"embeddable":true,"href":"https:\/\/elterritorialweb.com.ar\/web\/wp-json\/wp\/v2\/users\/2"}],"replies":[{"embeddable":true,"href":"https:\/\/elterritorialweb.com.ar\/web\/wp-json\/wp\/v2\/comments?post=46208"}],"version-history":[{"count":1,"href":"https:\/\/elterritorialweb.com.ar\/web\/wp-json\/wp\/v2\/posts\/46208\/revisions"}],"predecessor-version":[{"id":46210,"href":"https:\/\/elterritorialweb.com.ar\/web\/wp-json\/wp\/v2\/posts\/46208\/revisions\/46210"}],"wp:featuredmedia":[{"embeddable":true,"href":"https:\/\/elterritorialweb.com.ar\/web\/wp-json\/wp\/v2\/media\/46209"}],"wp:attachment":[{"href":"https:\/\/elterritorialweb.com.ar\/web\/wp-json\/wp\/v2\/media?parent=46208"}],"wp:term":[{"taxonomy":"category","embeddable":true,"href":"https:\/\/elterritorialweb.com.ar\/web\/wp-json\/wp\/v2\/categories?post=46208"},{"taxonomy":"post_tag","embeddable":true,"href":"https:\/\/elterritorialweb.com.ar\/web\/wp-json\/wp\/v2\/tags?post=46208"}],"curies":[{"name":"wp","href":"https:\/\/api.w.org\/{rel}","templated":true}]}}