{"id":46214,"date":"2022-11-09T03:45:28","date_gmt":"2022-11-09T03:45:28","guid":{"rendered":"http:\/\/elterritorialweb.com.ar\/web\/?p=46214"},"modified":"2022-11-09T03:45:31","modified_gmt":"2022-11-09T03:45:31","slug":"proyecto-de-ley-para-la-creacion-de-un-programa-provincial-de-apoyo-a-los-canillitas","status":"publish","type":"post","link":"https:\/\/elterritorialweb.com.ar\/web\/proyecto-de-ley-para-la-creacion-de-un-programa-provincial-de-apoyo-a-los-canillitas\/","title":{"rendered":"PROYECTO DE LEY PARA LA CREACI\u00d3N DE UN PROGRAMA PROVINCIAL DE APOYO A LOS CANILLITAS"},"content":{"rendered":"\n<p>La diputada Mariana Morales, del bloque Frente Renovador y Progresista, present\u00f3 en la legislatura un proyecto de ley que busca la creaci\u00f3n de un Programa provincial de apoyo y est\u00edmulo para Trabajadores Canillitas, el que tendr\u00e1 por finalidad la promoci\u00f3n la venta de servicios y la expansi\u00f3n del rubro a trav\u00e9s de microemprendimientos, complementaria de la venta de diarios y revistas en la v\u00eda p\u00fablica.<\/p>\n\n\n\n<p>El mismo establece que ser\u00e1 destinado a quienes est\u00e9n incluidos en el Sindicato de Canillitas, adem\u00e1s de prever&nbsp; el pago de una asignaci\u00f3n de fomento para la estimulaci\u00f3n y ayuda&nbsp; del Trabajador Canillita, la cual ser\u00e1 gestionada a trav\u00e9s del Ministerio de Desarrollo Social de la Provincia, donde se articular\u00e1n las acciones y pol\u00edticas necesarias para garantizar que las y los trabajadores reciban un aporte econ\u00f3mico,-de car\u00e1cter provisorio, con el objetivo de complementar los procesos de inclusi\u00f3n laboral, social y econ\u00f3mica que implica el proceso de est\u00edmulo y ayuda a cooperativas, mediante gestiones realizadas con el Estado Nacional o en el marco de las pol\u00edticas p\u00fablicas existentes en el \u00e1mbito provincial y en coordinaci\u00f3n con el Sindicato de Trabajadores Canillitas y la autoridad de aplicaci\u00f3n.<\/p>\n\n\n\n<p>Al respecto la legisladora indic\u00f3: \u201cCon el presente proyecto se busca lograr un incentivo de apoyo y sost\u00e9n&nbsp; integral para&nbsp; los trabajadores canillitas, para que de esa manera puedan ampliar su espectro de trabajo, reincorporarse a un mercado laboral que con el avance tecnol\u00f3gico los viene desplazando del mercado laboral\u201d.<\/p>\n\n\n\n<p>\u201cLa actividad de canillita viene -desde hace aproximadamente 20 a\u00f1os- en decadencia debido al avance de la tecnolog\u00eda, ll\u00e1mese video cable, internet y otras Tecnolog\u00edas de la Informaci\u00f3n y Comunicaci\u00f3n, haci\u00e9ndose cada vez m\u00e1s dif\u00edcil, por no decir, imposible, llevar el sustento a cada uno de sus hogares para que sus familias puedan tener lo b\u00e1sico para su alimentaci\u00f3n, educaci\u00f3n, y bienestar como cualquier persona que merece una vida digna. Afirman que hoy d\u00eda no logran acceder siquiera a un ingreso m\u00ednimo que supere la l\u00ednea de pobreza\u201d, destac\u00f3 Morales.<\/p>\n\n\n\n<p>\u201cPara finalizar, la diputada del Frente Renovador y Progresista&nbsp; expres\u00f3 que \u201ccon seste proyecto se busca tambi\u00e9n imponer un sistema que permita al sector de trabajadores y trabajadoras implicados en la venta de diarios y revistas, promover el crecimiento econ\u00f3mico sostenido, inclusivo y sostenible, el empleo pleno y productivo y el trabajo decente para todos\u201d.<\/p>\n","protected":false},"excerpt":{"rendered":"<p>Lo present\u00f3 la diputada Morales que pertenece al Bloque Frente renovador y progresista. <\/p>\n","protected":false},"author":2,"featured_media":46215,"comment_status":"open","ping_status":"open","sticky":false,"template":"","format":"standard","meta":{"om_disable_all_campaigns":false,"_monsterinsights_skip_tracking":false,"_monsterinsights_sitenote_active":false,"_monsterinsights_sitenote_note":"","_monsterinsights_sitenote_category":0,"_uf_show_specific_survey":0,"_uf_disable_surveys":false,"jetpack_post_was_ever_published":false,"_jetpack_newsletter_access":"","_jetpack_dont_email_post_to_subs":false,"_jetpack_newsletter_tier_id":0,"_jetpack_memberships_contains_paywalled_content":false,"_jetpack_memberships_contains_paid_content":false,"footnotes":"","jetpack_publicize_message":"","jetpack_publicize_feature_enabled":true,"jetpack_social_post_already_shared":false,"jetpack_social_options":{"image_generator_settings":{"template":"highway","default_image_id":0,"font":"","enabled":false},"version":2}},"categories":[18],"tags":[],"class_list":["post-46214","post","type-post","status-publish","format-standard","has-post-thumbnail","hentry","category-politica"],"aioseo_notices":[],"views":15,"jetpack_publicize_connections":[],"jetpack_featured_media_url":"https:\/\/i0.wp.com\/elterritorialweb.com.ar\/web\/wp-content\/uploads\/2022\/11\/WhatsApp-Image-2022-11-08-at-20.16.45-e1667965520213.jpeg?fit=720%2C713&ssl=1","jetpack_sharing_enabled":true,"_links":{"self":[{"href":"https:\/\/elterritorialweb.com.ar\/web\/wp-json\/wp\/v2\/posts\/46214","targetHints":{"allow":["GET"]}}],"collection":[{"href":"https:\/\/elterritorialweb.com.ar\/web\/wp-json\/wp\/v2\/posts"}],"about":[{"href":"https:\/\/elterritorialweb.com.ar\/web\/wp-json\/wp\/v2\/types\/post"}],"author":[{"embeddable":true,"href":"https:\/\/elterritorialweb.com.ar\/web\/wp-json\/wp\/v2\/users\/2"}],"replies":[{"embeddable":true,"href":"https:\/\/elterritorialweb.com.ar\/web\/wp-json\/wp\/v2\/comments?post=46214"}],"version-history":[{"count":1,"href":"https:\/\/elterritorialweb.com.ar\/web\/wp-json\/wp\/v2\/posts\/46214\/revisions"}],"predecessor-version":[{"id":46216,"href":"https:\/\/elterritorialweb.com.ar\/web\/wp-json\/wp\/v2\/posts\/46214\/revisions\/46216"}],"wp:featuredmedia":[{"embeddable":true,"href":"https:\/\/elterritorialweb.com.ar\/web\/wp-json\/wp\/v2\/media\/46215"}],"wp:attachment":[{"href":"https:\/\/elterritorialweb.com.ar\/web\/wp-json\/wp\/v2\/media?parent=46214"}],"wp:term":[{"taxonomy":"category","embeddable":true,"href":"https:\/\/elterritorialweb.com.ar\/web\/wp-json\/wp\/v2\/categories?post=46214"},{"taxonomy":"post_tag","embeddable":true,"href":"https:\/\/elterritorialweb.com.ar\/web\/wp-json\/wp\/v2\/tags?post=46214"}],"curies":[{"name":"wp","href":"https:\/\/api.w.org\/{rel}","templated":true}]}}