{"id":46222,"date":"2022-11-09T19:37:13","date_gmt":"2022-11-09T19:37:13","guid":{"rendered":"http:\/\/elterritorialweb.com.ar\/web\/?p=46222"},"modified":"2022-11-09T19:37:14","modified_gmt":"2022-11-09T19:37:14","slug":"el-4-congreso-internacional-gran-chaco-americano-se-realizara-en-el-nodo-tecnologico","status":"publish","type":"post","link":"https:\/\/elterritorialweb.com.ar\/web\/el-4-congreso-internacional-gran-chaco-americano-se-realizara-en-el-nodo-tecnologico\/","title":{"rendered":"EL 4\u00b0 CONGRESO INTERNACIONAL GRAN CHACO AMERICANO SE REALIZAR\u00c1 EN EL NODO TECNOL\u00d3GICO"},"content":{"rendered":"\n<p>El Nodo Tecnol\u00f3gico ser\u00e1 sede del 4\u00b0 Congreso Internacional Gran Chaco Americano, que se desarrollar\u00e1 los d\u00edas 28, 29 y 30 de junio de 2023 bajo el lema \u201cDesaf\u00edos y disputas en la construcci\u00f3n y deconstrucci\u00f3n de sentidos\u201d.<br>El anuncio fue realizado este mi\u00e9rcoles por el secretario de Ciencia y Tecnolog\u00eda, Adri\u00e1n Su\u00e1rez; los rectores de las universidades Nacional, H\u00e9ctor Paz, y Cat\u00f3lica de, Luis Lucena; el director del Inta, Mario Mondino, y el representante del Inti, Carlos Siquot.<br>Este congreso -organizado por el Sistema Integrado de Ciencia, Innovaci\u00f3n y Tecnolog\u00eda junto al Gobierno provincial- tiene como objetivo abordar c\u00f3mo los cambios generan disputas y discusiones donde se hace necesario la construcci\u00f3n y deconstrucci\u00f3n de sentidos que se disputan en la regi\u00f3n del Gran Chaco Americano en todos los campos y disciplinas de conocimiento y la intervenci\u00f3n estrat\u00e9gica.<br>Las modalidades y formas de participaci\u00f3n ser\u00e1n: conferencias, mesas de trabajo, mesas de dialogo con movimientos y organizaci\u00f3n sociales, stands institucionales y artesanales, producciones audiovisuales y musicales.<br>El secretario de Ciencia y Tecnolog\u00eda explic\u00f3 que \u201cel Gran Chaco est\u00e1 integrado por 11 provincias NOA-NEA Paraguay y el sur de Brasil, y en este congreso se abordan las tem\u00e1ticas m\u00e1s relevantes en disputa en conflicto con sus desaf\u00edos y oportunidades en temas como el ambiente, el agua, al territorio a las dimensiones de la sustentabilidad, aspectos sociales, econ\u00f3micos, t\u00e9cnicos productivos y pol\u00edtico institucional\u201d.<br>En tanto, el rector de la Ucse dijo que esta cuarta edici\u00f3n \u201ces especial porque recupera la presenciabilidad el contacto de los investigadores, asistentes y ponentes. Las inscripciones se pueden hacer a trav\u00e9s de la p\u00e1gina http:\/\/congracha.org\/congreso\/04\u201d.<br>A su turno el rector de la Unse dijo: \u201cEsta gran regi\u00f3n tiene como objetivo poder presentar estudios, investigaciones y conocimientos y tambi\u00e9n resultados de trabajos de las distintas instituciones que van a verse representadas en el congreso, por eso hemos elegido como modalidades de presentaci\u00f3n las conferencias magistrales, ponencias, experiencias comunitarias, queremos que participen comunidades campesinas, ind\u00edgenas, afrodescendientes y tambi\u00e9n de hecho la comunidad en general\u201d.<br>Por \u00faltimo el director del Inta dijo: \u201cQueremos invitar a la poblaci\u00f3n en general para que entre todos discutamos hacia d\u00f3nde vamos como provincia, a donde va el desarrollo y eso creo que es el principal objetivo\u201d.<\/p>\n","protected":false},"excerpt":{"rendered":"<p>Se desarrollar\u00e1 los d\u00edas 28, 29 y 30 de junio de 2023 bajo el lema \u201cDesaf\u00edos y disputas en la construcci\u00f3n y deconstrucci\u00f3n de sentidos\u201d.<\/p>\n","protected":false},"author":2,"featured_media":46223,"comment_status":"open","ping_status":"open","sticky":false,"template":"","format":"standard","meta":{"om_disable_all_campaigns":false,"_monsterinsights_skip_tracking":false,"_monsterinsights_sitenote_active":false,"_monsterinsights_sitenote_note":"","_monsterinsights_sitenote_category":0,"_uf_show_specific_survey":0,"_uf_disable_surveys":false,"jetpack_post_was_ever_published":false,"_jetpack_newsletter_access":"","_jetpack_dont_email_post_to_subs":false,"_jetpack_newsletter_tier_id":0,"_jetpack_memberships_contains_paywalled_content":false,"_jetpack_memberships_contains_paid_content":false,"footnotes":"","jetpack_publicize_message":"","jetpack_publicize_feature_enabled":true,"jetpack_social_post_already_shared":false,"jetpack_social_options":{"image_generator_settings":{"template":"highway","default_image_id":0,"font":"","enabled":false},"version":2}},"categories":[21],"tags":[],"class_list":["post-46222","post","type-post","status-publish","format-standard","has-post-thumbnail","hentry","category-locales"],"aioseo_notices":[],"views":13,"jetpack_publicize_connections":[],"jetpack_featured_media_url":"https:\/\/i0.wp.com\/elterritorialweb.com.ar\/web\/wp-content\/uploads\/2022\/11\/IMG-20221109-WA0023.jpg?fit=1280%2C854&ssl=1","jetpack_sharing_enabled":true,"_links":{"self":[{"href":"https:\/\/elterritorialweb.com.ar\/web\/wp-json\/wp\/v2\/posts\/46222","targetHints":{"allow":["GET"]}}],"collection":[{"href":"https:\/\/elterritorialweb.com.ar\/web\/wp-json\/wp\/v2\/posts"}],"about":[{"href":"https:\/\/elterritorialweb.com.ar\/web\/wp-json\/wp\/v2\/types\/post"}],"author":[{"embeddable":true,"href":"https:\/\/elterritorialweb.com.ar\/web\/wp-json\/wp\/v2\/users\/2"}],"replies":[{"embeddable":true,"href":"https:\/\/elterritorialweb.com.ar\/web\/wp-json\/wp\/v2\/comments?post=46222"}],"version-history":[{"count":1,"href":"https:\/\/elterritorialweb.com.ar\/web\/wp-json\/wp\/v2\/posts\/46222\/revisions"}],"predecessor-version":[{"id":46224,"href":"https:\/\/elterritorialweb.com.ar\/web\/wp-json\/wp\/v2\/posts\/46222\/revisions\/46224"}],"wp:featuredmedia":[{"embeddable":true,"href":"https:\/\/elterritorialweb.com.ar\/web\/wp-json\/wp\/v2\/media\/46223"}],"wp:attachment":[{"href":"https:\/\/elterritorialweb.com.ar\/web\/wp-json\/wp\/v2\/media?parent=46222"}],"wp:term":[{"taxonomy":"category","embeddable":true,"href":"https:\/\/elterritorialweb.com.ar\/web\/wp-json\/wp\/v2\/categories?post=46222"},{"taxonomy":"post_tag","embeddable":true,"href":"https:\/\/elterritorialweb.com.ar\/web\/wp-json\/wp\/v2\/tags?post=46222"}],"curies":[{"name":"wp","href":"https:\/\/api.w.org\/{rel}","templated":true}]}}