{"id":46227,"date":"2022-11-10T03:03:27","date_gmt":"2022-11-10T03:03:27","guid":{"rendered":"http:\/\/elterritorialweb.com.ar\/web\/?p=46227"},"modified":"2022-11-10T03:03:28","modified_gmt":"2022-11-10T03:03:28","slug":"hasta-el-30-de-noviembre-inscribiran-para-las-becas-progresar-en-la-capital","status":"publish","type":"post","link":"https:\/\/elterritorialweb.com.ar\/web\/hasta-el-30-de-noviembre-inscribiran-para-las-becas-progresar-en-la-capital\/","title":{"rendered":"HASTA EL 30 DE NOVIEMBRE INSCRIBIR\u00c1N PARA LAS BECAS PROGRESAR EN LA CAPITAL"},"content":{"rendered":"\n<p>La oficina del programa nacional Progresar Trabajo que funciona en las oficinas de Desarrollo Social de la Municipalidad de la Capital record\u00f3 que hasta el 30 de noviembre hay tiempo para inscribirse en esta l\u00ednea de beca que busca garantizar el derecho a la educacion y fortalecer las trayectorias educativas de jovenes y adultos que procuren formarse profesionalmente.<\/p>\n\n\n\n<p>Entre los requisitos est\u00e1n tener entre 18 y 24 a\u00f1os, hasta los 35 a\u00f1os en personas con hijos\/as menores de 18 a\u00f1os pertenecientes a hogares monoparentales y hasta 40 a\u00f1os a personas sin trabajo formal registrado.<\/p>\n\n\n\n<p>Los ingresos no deben superar 3 veces el salario minimo,vital y movil. El\/la postulante debe ser estudiante regular de una institucion educativa.<\/p>\n\n\n\n<p>Por consulta y asesoramiento pueden llegarse a las oficinas de Desarrollo Social de la Municipalidad ubicada en calle Absalon Rojas 248 entre Salta y Jujuy.<\/p>\n\n\n\n<p>Tambi\u00e9n pueden contactarse por las redes sociales (Facebook) Punto Progresar SgoCapital; (Instagram) @puntoprogresar.sgocapital o (Whatsapp) 3855819952.<\/p>\n","protected":false},"excerpt":{"rendered":"<p>As\u00ed lo informaron desde la oficina de Desarrollo Social de la Municipalidad de la Capital.<\/p>\n","protected":false},"author":2,"featured_media":46228,"comment_status":"open","ping_status":"open","sticky":false,"template":"","format":"standard","meta":{"om_disable_all_campaigns":false,"_monsterinsights_skip_tracking":false,"_monsterinsights_sitenote_active":false,"_monsterinsights_sitenote_note":"","_monsterinsights_sitenote_category":0,"_uf_show_specific_survey":0,"_uf_disable_surveys":false,"jetpack_post_was_ever_published":false,"_jetpack_newsletter_access":"","_jetpack_dont_email_post_to_subs":false,"_jetpack_newsletter_tier_id":0,"_jetpack_memberships_contains_paywalled_content":false,"_jetpack_memberships_contains_paid_content":false,"footnotes":"","jetpack_publicize_message":"","jetpack_publicize_feature_enabled":true,"jetpack_social_post_already_shared":false,"jetpack_social_options":{"image_generator_settings":{"template":"highway","default_image_id":0,"font":"","enabled":false},"version":2}},"categories":[21],"tags":[],"class_list":["post-46227","post","type-post","status-publish","format-standard","has-post-thumbnail","hentry","category-locales"],"aioseo_notices":[],"views":7,"jetpack_publicize_connections":[],"jetpack_featured_media_url":"https:\/\/i0.wp.com\/elterritorialweb.com.ar\/web\/wp-content\/uploads\/2022\/11\/progresar-capital.jpeg?fit=720%2C900&ssl=1","jetpack_sharing_enabled":true,"_links":{"self":[{"href":"https:\/\/elterritorialweb.com.ar\/web\/wp-json\/wp\/v2\/posts\/46227","targetHints":{"allow":["GET"]}}],"collection":[{"href":"https:\/\/elterritorialweb.com.ar\/web\/wp-json\/wp\/v2\/posts"}],"about":[{"href":"https:\/\/elterritorialweb.com.ar\/web\/wp-json\/wp\/v2\/types\/post"}],"author":[{"embeddable":true,"href":"https:\/\/elterritorialweb.com.ar\/web\/wp-json\/wp\/v2\/users\/2"}],"replies":[{"embeddable":true,"href":"https:\/\/elterritorialweb.com.ar\/web\/wp-json\/wp\/v2\/comments?post=46227"}],"version-history":[{"count":1,"href":"https:\/\/elterritorialweb.com.ar\/web\/wp-json\/wp\/v2\/posts\/46227\/revisions"}],"predecessor-version":[{"id":46229,"href":"https:\/\/elterritorialweb.com.ar\/web\/wp-json\/wp\/v2\/posts\/46227\/revisions\/46229"}],"wp:featuredmedia":[{"embeddable":true,"href":"https:\/\/elterritorialweb.com.ar\/web\/wp-json\/wp\/v2\/media\/46228"}],"wp:attachment":[{"href":"https:\/\/elterritorialweb.com.ar\/web\/wp-json\/wp\/v2\/media?parent=46227"}],"wp:term":[{"taxonomy":"category","embeddable":true,"href":"https:\/\/elterritorialweb.com.ar\/web\/wp-json\/wp\/v2\/categories?post=46227"},{"taxonomy":"post_tag","embeddable":true,"href":"https:\/\/elterritorialweb.com.ar\/web\/wp-json\/wp\/v2\/tags?post=46227"}],"curies":[{"name":"wp","href":"https:\/\/api.w.org\/{rel}","templated":true}]}}