{"id":46233,"date":"2022-11-11T00:57:11","date_gmt":"2022-11-11T00:57:11","guid":{"rendered":"http:\/\/elterritorialweb.com.ar\/web\/?p=46233"},"modified":"2022-11-11T00:59:34","modified_gmt":"2022-11-11T00:59:34","slug":"zamora-participo-de-la-apertura-de-la-jornada-sobre-gestion-sanitaria-en-hospitales-del-interior-en-la-provincia","status":"publish","type":"post","link":"https:\/\/elterritorialweb.com.ar\/web\/zamora-participo-de-la-apertura-de-la-jornada-sobre-gestion-sanitaria-en-hospitales-del-interior-en-la-provincia\/","title":{"rendered":"ZAMORA PARTICIP\u00d3 DE LA JORNADA SOBRE \u00abGESTI\u00d3N SANITARIA EN HOSPITALES DEL INTERIOR EN LA PROVINCIA\u00bb"},"content":{"rendered":"\n<p>El gobernador Gerardo Zamora asisti\u00f3 este jueves por la ma\u00f1ana a la ceremonia de apertura de la jornada sobre \u201cGesti\u00f3n Sanitaria en Hospitales de la Provincia\u00bb en el Centro de Convenciones F\u00f3rum, donde estuvieron autoridades del programa nacional Proteger que participaron tambi\u00e9n de la entrega de equipos de computaci\u00f3n a 47 hospitales de distintos niveles y 33 postas sanitarias de todo el interior santiague\u00f1o. Adem\u00e1s de paneles solares para postas sanitarias de cinco departamentos.<\/p>\n\n\n\n<p>En este marco se realiz\u00f3 la entrega de 277 computadoras: 94 para 11 hospitales zonales; 84 para 15 hospitales distritales, 66 dispositivos para 21 hospitales de tr\u00e1nsito y 33 para las postas sanitarias del interior de la provincia.<\/p>\n\n\n\n<p>Tambi\u00e9n la provincia dispuso la compra de paneles solares para postas sanitarias de zonas rurales que no cuentan con red el\u00e9ctrica. En esta primera etapa se entregar\u00e1n 9 equipos para centros de atenci\u00f3n ubicados en los departamentos Pellegrini, Aguirre, Figueroa, San Mart\u00edn y Atamisqui.<\/p>\n\n\n\n<p>Durante la ceremonia, el gobernador ratific\u00f3 su compromiso con el sistema sanitario, como parte del proyecto de desarrollo para la provincia dise\u00f1ado con fuertes inversiones en infraestructura b\u00e1sica, que incluyen caminos, electricidad y conectividad digital.<\/p>\n\n\n\n<p>\u201cSe viene trabajando fuertemente en la conectividad para el sistema de salud tras la pandemia\u201d, dijo, para luego destacar los 1.700 km de fibra \u00f3ptica que se extienden por todo el territorio santiague\u00f1o.<\/p>\n\n\n\n<p>\u00abEstamos convencidos que podemos avanzar, hacer que ese esfuerzo extraordinario que hizo todo el sistema de salud durante el per\u00edodo de pandemia y que hoy se vea reflejado en el trabajo articulado que hay entre Naci\u00f3n y Provincia, y lo fundamental es utilizar cada las herramientas tecnol\u00f3gicas en conjunto con los tipos de movilidad\u201d.<\/p>\n\n\n\n<p>Agreg\u00f3: \u00abNo hacemos diferencias entre lo p\u00fablico y privado, al igual que en la educaci\u00f3n, queremos darle lo necesario para que la gente tenga una mejor calidad de vida\u201d.<\/p>\n\n\n\n<p>A su turno, De Crist\u00f3faro felicit\u00f3 a las autoridades locales por el trabajo que se viene llevando a cabo en toda la provincia, resalt\u00f3 tambi\u00e9n la importancia y la b\u00fasqueda de federalismo a pesar de las extensiones territoriales. \u201cEstas acciones se enmarcan dentro de las estrategias de conectividad, siendo \u00e9sta una herramienta que ayudar\u00e1 a seguir construyendo el sistema de salud\u201d, concluy\u00f3.<\/p>\n\n\n\n<p>Por su parte, la ministra Nassif destac\u00f3: \u00abEstamos fortaleciendo todas las \u00e1reas en salud digital considerando que la tecnolog\u00eda digital es una de las herramientas m\u00e1s importantes que tenemos como sistema para ser cada vez m\u00e1s, un modelo de atenci\u00f3n centrado en las personas\u00bb.<\/p>\n\n\n\n<p><strong>\u00a0<\/strong><\/p>\n\n\n\n<p><\/p>\n","protected":false},"excerpt":{"rendered":"<p>Tambi\u00e9n fueron parte del acto la ministra de Salud de la provincia, Natividad Nassif; la subsecretaria de Articulaci\u00f3n Federal, Ver\u00f3nica De Crist\u00f3faro; el coordinador del Programa Proteger, C\u00e9sar Roberto Nacucchio; la asesora de Articulaci\u00f3n Federal, Lara Frutos; el subsecretario de Salud de la provincia, Cesar Monti, y directivos de los hospitales impactados.<\/p>\n","protected":false},"author":2,"featured_media":46234,"comment_status":"open","ping_status":"open","sticky":false,"template":"","format":"standard","meta":{"om_disable_all_campaigns":false,"_monsterinsights_skip_tracking":false,"_monsterinsights_sitenote_active":false,"_monsterinsights_sitenote_note":"","_monsterinsights_sitenote_category":0,"_uf_show_specific_survey":0,"_uf_disable_surveys":false,"jetpack_post_was_ever_published":false,"_jetpack_newsletter_access":"","_jetpack_dont_email_post_to_subs":false,"_jetpack_newsletter_tier_id":0,"_jetpack_memberships_contains_paywalled_content":false,"_jetpack_memberships_contains_paid_content":false,"footnotes":"","jetpack_publicize_message":"","jetpack_publicize_feature_enabled":true,"jetpack_social_post_already_shared":false,"jetpack_social_options":{"image_generator_settings":{"template":"highway","default_image_id":0,"font":"","enabled":false},"version":2}},"categories":[21],"tags":[],"class_list":["post-46233","post","type-post","status-publish","format-standard","has-post-thumbnail","hentry","category-locales"],"aioseo_notices":[],"views":6,"jetpack_publicize_connections":[],"jetpack_featured_media_url":"https:\/\/i0.wp.com\/elterritorialweb.com.ar\/web\/wp-content\/uploads\/2022\/11\/computadoras.jpeg?fit=1280%2C853&ssl=1","jetpack_sharing_enabled":true,"_links":{"self":[{"href":"https:\/\/elterritorialweb.com.ar\/web\/wp-json\/wp\/v2\/posts\/46233","targetHints":{"allow":["GET"]}}],"collection":[{"href":"https:\/\/elterritorialweb.com.ar\/web\/wp-json\/wp\/v2\/posts"}],"about":[{"href":"https:\/\/elterritorialweb.com.ar\/web\/wp-json\/wp\/v2\/types\/post"}],"author":[{"embeddable":true,"href":"https:\/\/elterritorialweb.com.ar\/web\/wp-json\/wp\/v2\/users\/2"}],"replies":[{"embeddable":true,"href":"https:\/\/elterritorialweb.com.ar\/web\/wp-json\/wp\/v2\/comments?post=46233"}],"version-history":[{"count":2,"href":"https:\/\/elterritorialweb.com.ar\/web\/wp-json\/wp\/v2\/posts\/46233\/revisions"}],"predecessor-version":[{"id":46237,"href":"https:\/\/elterritorialweb.com.ar\/web\/wp-json\/wp\/v2\/posts\/46233\/revisions\/46237"}],"wp:featuredmedia":[{"embeddable":true,"href":"https:\/\/elterritorialweb.com.ar\/web\/wp-json\/wp\/v2\/media\/46234"}],"wp:attachment":[{"href":"https:\/\/elterritorialweb.com.ar\/web\/wp-json\/wp\/v2\/media?parent=46233"}],"wp:term":[{"taxonomy":"category","embeddable":true,"href":"https:\/\/elterritorialweb.com.ar\/web\/wp-json\/wp\/v2\/categories?post=46233"},{"taxonomy":"post_tag","embeddable":true,"href":"https:\/\/elterritorialweb.com.ar\/web\/wp-json\/wp\/v2\/tags?post=46233"}],"curies":[{"name":"wp","href":"https:\/\/api.w.org\/{rel}","templated":true}]}}