{"id":46238,"date":"2022-11-11T01:10:15","date_gmt":"2022-11-11T01:10:15","guid":{"rendered":"http:\/\/elterritorialweb.com.ar\/web\/?p=46238"},"modified":"2022-11-11T01:10:16","modified_gmt":"2022-11-11T01:10:16","slug":"lanzan-la-temporada-primavera-verano-del-programa-prohuerta","status":"publish","type":"post","link":"https:\/\/elterritorialweb.com.ar\/web\/lanzan-la-temporada-primavera-verano-del-programa-prohuerta\/","title":{"rendered":"LANZAN LA TEMPORADA PRIMAVERA VERANO DEL PROGRAMA PROHUERTA"},"content":{"rendered":"\n<p>Participaron de la ceremonia el secretario de Gobierno, Ing. N\u00e9stor Machado; el Jefe de la Unidad de Extensi\u00f3n y Experimentaci\u00f3n Adaptativa del INTA, Eduardo Jorge; el subsecretario de Desarrollo Comunitario, Mauro Kalinski y la directora de Desarrollo Social, Nancy Bravo; entre otras autoridades. Adem\u00e1s estuvieron presentes alumnos de la escuela primaria del barrio Bel\u00e9n quienes formaron parte de la experiencia de siembra.<\/p>\n\n\n\n<p>Los funcionarios entregaron palas, rastrillos, herramientas de jardiner\u00eda y semillas de acelga, albahaca, lechuga, ma\u00edz, perejil, pimiento, r\u00facula, tomate, zapallito verde y anquito a miembros de la instituci\u00f3n, vecinos de la zona y dem\u00e1s familias y organizaciones beneficiarias del programa.<\/p>\n\n\n\n<p>En este sentido, Machado resalt\u00f3 la importancia \u00abde dar continuidad a este importante programa impulsado por el INTA en convenio con la Municipalidad, de la mano de la intendente, Ing. Norma Fuentes, quien ha multiplicado en los \u00faltimos a\u00f1os la cantidad de huertas comunitarias que existen en la ciudad, en articulaci\u00f3n con centros de jubilados, jardines de infantes y otras instituciones\u00bb.<\/p>\n\n\n\n<p>Por su parte, Nadia Kalinski, titular del Sum del barrio Bel\u00e9n, destac\u00f3 el trabajo articulado llevado adelante por el municipio y la provincia, ya que los productos de la huerta se utilizan para elaborar alimentos en los cursos de cocina de la que forman parte los vecinos.<\/p>\n\n\n\n<p>Cabe recordar que el Pro Huerta incluye la entrega de insumos, el dictado de capacitaciones y la asistencia t\u00e9cnica permanente para m\u00e1s de 400 familias y asociaciones civiles de la ciudad, con el prop\u00f3sito de contribuir a la soberan\u00eda alimentaria, permiti\u00e9ndoles acceder a una alimentaci\u00f3n saludable a trav\u00e9s de la producci\u00f3n de sus propios alimentos frescos.<\/p>\n","protected":false},"excerpt":{"rendered":"<p>La Municipalidad de la Capital, el INTA y el Ministerio de la Producci\u00f3n de la Provincia lanzaron la temporada de siembra primavera verano 2022-23 del programa Pro-Huerta desde el SUM del barrio Bel\u00e9n.<\/p>\n","protected":false},"author":2,"featured_media":46239,"comment_status":"open","ping_status":"open","sticky":false,"template":"","format":"standard","meta":{"om_disable_all_campaigns":false,"_monsterinsights_skip_tracking":false,"_monsterinsights_sitenote_active":false,"_monsterinsights_sitenote_note":"","_monsterinsights_sitenote_category":0,"_uf_show_specific_survey":0,"_uf_disable_surveys":false,"jetpack_post_was_ever_published":false,"_jetpack_newsletter_access":"","_jetpack_dont_email_post_to_subs":false,"_jetpack_newsletter_tier_id":0,"_jetpack_memberships_contains_paywalled_content":false,"_jetpack_memberships_contains_paid_content":false,"footnotes":"","jetpack_publicize_message":"","jetpack_publicize_feature_enabled":true,"jetpack_social_post_already_shared":false,"jetpack_social_options":{"image_generator_settings":{"template":"highway","default_image_id":0,"font":"","enabled":false},"version":2}},"categories":[21],"tags":[],"class_list":["post-46238","post","type-post","status-publish","format-standard","has-post-thumbnail","hentry","category-locales"],"aioseo_notices":[],"views":12,"jetpack_publicize_connections":[],"jetpack_featured_media_url":"https:\/\/i0.wp.com\/elterritorialweb.com.ar\/web\/wp-content\/uploads\/2022\/11\/prohuerta.jpeg?fit=1280%2C853&ssl=1","jetpack_sharing_enabled":true,"_links":{"self":[{"href":"https:\/\/elterritorialweb.com.ar\/web\/wp-json\/wp\/v2\/posts\/46238","targetHints":{"allow":["GET"]}}],"collection":[{"href":"https:\/\/elterritorialweb.com.ar\/web\/wp-json\/wp\/v2\/posts"}],"about":[{"href":"https:\/\/elterritorialweb.com.ar\/web\/wp-json\/wp\/v2\/types\/post"}],"author":[{"embeddable":true,"href":"https:\/\/elterritorialweb.com.ar\/web\/wp-json\/wp\/v2\/users\/2"}],"replies":[{"embeddable":true,"href":"https:\/\/elterritorialweb.com.ar\/web\/wp-json\/wp\/v2\/comments?post=46238"}],"version-history":[{"count":1,"href":"https:\/\/elterritorialweb.com.ar\/web\/wp-json\/wp\/v2\/posts\/46238\/revisions"}],"predecessor-version":[{"id":46240,"href":"https:\/\/elterritorialweb.com.ar\/web\/wp-json\/wp\/v2\/posts\/46238\/revisions\/46240"}],"wp:featuredmedia":[{"embeddable":true,"href":"https:\/\/elterritorialweb.com.ar\/web\/wp-json\/wp\/v2\/media\/46239"}],"wp:attachment":[{"href":"https:\/\/elterritorialweb.com.ar\/web\/wp-json\/wp\/v2\/media?parent=46238"}],"wp:term":[{"taxonomy":"category","embeddable":true,"href":"https:\/\/elterritorialweb.com.ar\/web\/wp-json\/wp\/v2\/categories?post=46238"},{"taxonomy":"post_tag","embeddable":true,"href":"https:\/\/elterritorialweb.com.ar\/web\/wp-json\/wp\/v2\/tags?post=46238"}],"curies":[{"name":"wp","href":"https:\/\/api.w.org\/{rel}","templated":true}]}}