{"id":46253,"date":"2022-11-12T02:13:55","date_gmt":"2022-11-12T02:13:55","guid":{"rendered":"http:\/\/elterritorialweb.com.ar\/web\/?p=46253"},"modified":"2022-11-12T03:03:35","modified_gmt":"2022-11-12T03:03:35","slug":"la-banda-inauguran-la-primera-base-de-la-agencia-nacional-de-seguridad-vial","status":"publish","type":"post","link":"https:\/\/elterritorialweb.com.ar\/web\/la-banda-inauguran-la-primera-base-de-la-agencia-nacional-de-seguridad-vial\/","title":{"rendered":"LA BANDA: INAUGURAN LA PRIMERA BASE DE LA AGENCIA NACIONAL DE SEGURIDAD VIAL"},"content":{"rendered":"\n<p>Autoridades del Departamento Ejecutivo Municipal participaron de la inauguraci\u00f3n de la primera base operativa de control y fiscalizaci\u00f3n de la Agencia Nacional de Seguridad Vial (ANSV) en la provincia.<br>En la ma\u00f1ana del viernes, el secretario de Seguridad y Ordenamiento Urbano, Joaqu\u00edn Romano Norri particip\u00f3 de la habilitaci\u00f3n de esta nueva base junto a la subsecretaria del \u00e1rea, Carolina Montenegro; la directora de Transporte Urbano, Norma Paz Soria; el director de Tr\u00e1nsito municipal de La Banda, Daniel Beltr\u00e1n; y la responsable de Departamento de Educaci\u00f3n y Seguridad Vial de La Banda, Sara Infante Molinari.<br>En este sentido, el acto cont\u00f3 con la presencia del director ejecutivo de la Agencia Nacional de Seguridad Vial, Pablo Mart\u00ednez Carignano; la directora de Coordinaci\u00f3n del Control y Fiscalizaci\u00f3n Vial de la ANSV, Diana Godoy; el vicepresidente de Trenes Argentinos, Pablo Mirolo; la coordinadora Regional NOA de la Comisi\u00f3n Nacional de Regulaci\u00f3n del Transporte, Valeria Chazarreta y el director del Consejo Provincial de Seguridad Vial, N\u00e9stor Flores.<br>Asimismo, los agentes de la ANSV trabajar\u00e1n en conjunto con las fuerzas de seguridad locales para sumar recursos al trabajo que hace la provincia tratando de focalizar en los principales factores de riesgo. Se realizar\u00e1n principalmente controles de documentaci\u00f3n, velocidad y alcoholemia, as\u00ed como tambi\u00e9n, patrullajes preventivos y asistencia en siniestros viales y\/o eventualidades en rutas.<br>En la oportunidad, Pablo Mart\u00ednez Carignano agradeci\u00f3 el compromiso y la predisposici\u00f3n de las autoridades de La Banda y de la provincia para la concreci\u00f3n de este proyecto, y dijo: \u201cEstamos contentos por esta base N\u00b019 en esta gesti\u00f3n y siempre con el mismo objetivo, que es contribuir con las autoridades locales para reducir el n\u00famero de muertos y heridos por siniestros viales, aportando personal, m\u00f3viles, alcohol\u00edmetros, radares y dem\u00e1s equipamiento necesario para ayudar al control\u201d.<br>Por su parte, Joaqu\u00edn Romano Norri dijo: \u201cEsto es un gran aporte a la comunidad, aportando recursos y capacitaciones en programas y pol\u00edticas articuladas entre naci\u00f3n, provincia y municipio que nos van a permitir bajar el \u00edndice de accidentes, que en definitiva es el principal objetivo que todos buscamos\u201d.<\/p>\n\n\n\n<p>Por otra parte el jefe comunal de la ciudad de La Banda Roger Nediani poste\u00f3 en sus redes sociales, donde sostuvo que: <em>\u00abEste gran aporte a la comunidad bande\u00f1a fue posible gracias al trabajo articulado entre Naci\u00f3n, Provincia y municipio\u00bb.<\/em><\/p>\n\n\n\n<p><em>\u00abLa seguridad vial es responsabilidad de todos. Seguimos trabajando para que los vecinos y vecinas de La Banda puedan vivir mejor\u00bb <\/em>finalizo diciendo Nediani en Twitter.<\/p>\n\n\n\n<figure class=\"wp-block-embed is-type-rich is-provider-twitter wp-block-embed-twitter\"><div class=\"wp-block-embed__wrapper\">\n<div class=\"embed-twitter\"><blockquote class=\"twitter-tweet\" data-width=\"550\" data-dnt=\"true\"><p lang=\"es\" dir=\"ltr\">Inauguramos la primera base operativa de la Agencia Nacional de Seguridad Vial.<br><br> Esto significa:<br>\ud83d\udcc9Reducir el \u00edndice de accidentes de tr\u00e1nsito y el n\u00famero de v\u00edctimas <br>\ud83d\udcc8Aumentar la concientizaci\u00f3n a trav\u00e9s de capacitaciones <a href=\"https:\/\/t.co\/izuPOMy7DM\">pic.twitter.com\/izuPOMy7DM<\/a><\/p>&mdash; Roger Nediani (@roger_nediani) <a href=\"https:\/\/twitter.com\/roger_nediani\/status\/1591211805040603136?ref_src=twsrc%5Etfw\">November 11, 2022<\/a><\/blockquote><script async src=\"https:\/\/platform.twitter.com\/widgets.js\" charset=\"utf-8\"><\/script><\/div>\n<\/div><\/figure>\n","protected":false},"excerpt":{"rendered":"<p>Dicho acto, se llev\u00f3 a cabo en Ruta Provincial 51 y avenida Eva Per\u00f3n, lugar de ubicaci\u00f3n de mencionada base, la cual tiene como misi\u00f3n reducir la siniestralidad vial, permitiendo la presencia permanente del organismo del Ministerio de Transporte, para la realizaci\u00f3n de operativos de control en distintos tramos de las rutas nacionales 9 y 34.<\/p>\n","protected":false},"author":2,"featured_media":46255,"comment_status":"open","ping_status":"open","sticky":false,"template":"","format":"standard","meta":{"om_disable_all_campaigns":false,"_monsterinsights_skip_tracking":false,"_monsterinsights_sitenote_active":false,"_monsterinsights_sitenote_note":"","_monsterinsights_sitenote_category":0,"_uf_show_specific_survey":0,"_uf_disable_surveys":false,"jetpack_post_was_ever_published":false,"_jetpack_newsletter_access":"","_jetpack_dont_email_post_to_subs":false,"_jetpack_newsletter_tier_id":0,"_jetpack_memberships_contains_paywalled_content":false,"_jetpack_memberships_contains_paid_content":false,"footnotes":"","jetpack_publicize_message":"","jetpack_publicize_feature_enabled":true,"jetpack_social_post_already_shared":false,"jetpack_social_options":{"image_generator_settings":{"template":"highway","default_image_id":0,"font":"","enabled":false},"version":2}},"categories":[21],"tags":[],"class_list":["post-46253","post","type-post","status-publish","format-standard","has-post-thumbnail","hentry","category-locales"],"aioseo_notices":[],"views":9,"jetpack_publicize_connections":[],"jetpack_featured_media_url":"https:\/\/i0.wp.com\/elterritorialweb.com.ar\/web\/wp-content\/uploads\/2022\/11\/WhatsApp-Image-2022-11-11-at-14.43.55.jpeg?fit=1280%2C847&ssl=1","jetpack_sharing_enabled":true,"_links":{"self":[{"href":"https:\/\/elterritorialweb.com.ar\/web\/wp-json\/wp\/v2\/posts\/46253","targetHints":{"allow":["GET"]}}],"collection":[{"href":"https:\/\/elterritorialweb.com.ar\/web\/wp-json\/wp\/v2\/posts"}],"about":[{"href":"https:\/\/elterritorialweb.com.ar\/web\/wp-json\/wp\/v2\/types\/post"}],"author":[{"embeddable":true,"href":"https:\/\/elterritorialweb.com.ar\/web\/wp-json\/wp\/v2\/users\/2"}],"replies":[{"embeddable":true,"href":"https:\/\/elterritorialweb.com.ar\/web\/wp-json\/wp\/v2\/comments?post=46253"}],"version-history":[{"count":2,"href":"https:\/\/elterritorialweb.com.ar\/web\/wp-json\/wp\/v2\/posts\/46253\/revisions"}],"predecessor-version":[{"id":46262,"href":"https:\/\/elterritorialweb.com.ar\/web\/wp-json\/wp\/v2\/posts\/46253\/revisions\/46262"}],"wp:featuredmedia":[{"embeddable":true,"href":"https:\/\/elterritorialweb.com.ar\/web\/wp-json\/wp\/v2\/media\/46255"}],"wp:attachment":[{"href":"https:\/\/elterritorialweb.com.ar\/web\/wp-json\/wp\/v2\/media?parent=46253"}],"wp:term":[{"taxonomy":"category","embeddable":true,"href":"https:\/\/elterritorialweb.com.ar\/web\/wp-json\/wp\/v2\/categories?post=46253"},{"taxonomy":"post_tag","embeddable":true,"href":"https:\/\/elterritorialweb.com.ar\/web\/wp-json\/wp\/v2\/tags?post=46253"}],"curies":[{"name":"wp","href":"https:\/\/api.w.org\/{rel}","templated":true}]}}