{"id":46257,"date":"2022-11-12T02:50:13","date_gmt":"2022-11-12T02:50:13","guid":{"rendered":"http:\/\/elterritorialweb.com.ar\/web\/?p=46257"},"modified":"2022-11-12T02:50:13","modified_gmt":"2022-11-12T02:50:13","slug":"el-programa-mis-primeros-1-700-dias-llego-a-familias-de-laprida-y-poblaciones-vecinas","status":"publish","type":"post","link":"https:\/\/elterritorialweb.com.ar\/web\/el-programa-mis-primeros-1-700-dias-llego-a-familias-de-laprida-y-poblaciones-vecinas\/","title":{"rendered":"EL PROGRAMA \u00abMIS PRIMEROS 1.700 D\u00cdAS\u00bb LLEG\u00d3 A FAMILIAS DE LAPRIDA Y POBLACIONES VECINAS"},"content":{"rendered":"\n<p>Est\u00e1 destinado a los ni\u00f1os a partir de los 4 a\u00f1os; tambi\u00e9n a las madres, padre, personas mayores, con discapacidad y en situaci\u00f3n de vulnerabilidad. En este caso tambi\u00e9n fueron beneficiados pobladores de poblaciones vecinas como El Simbolar, El Kil\u00f3metro 55, Puerta de Ch\u00e1vez, Estaci\u00f3n La Punta, El Kil\u00f3metro 83, Santa Rosa, Pozo Ciego, San Pablo, Ca\u00f1ada Larga y Campo Grande.<br>La presentaci\u00f3n estuvo a cargo del referente del programa, Benjam\u00edn Coria, junto a un equipo de nutricionistas y trabajadora social quienes fueron recibidos por el comisionado municipal, Juan Carlos Mansilla, y personal de Atenci\u00f3n Primaria para la Salud, directores de escuelas de la zona y familias de la comunidad.<\/p>\n\n\n\n<figure class=\"wp-block-image size-large\"><a href=\"https:\/\/i0.wp.com\/elterritorialweb.com.ar\/web\/wp-content\/uploads\/2022\/11\/WhatsApp-Image-2022-11-11-at-13.42.49.jpeg\"><img data-recalc-dims=\"1\" decoding=\"async\" width=\"640\" height=\"426\" data-src=\"https:\/\/i0.wp.com\/elterritorialweb.com.ar\/web\/wp-content\/uploads\/2022\/11\/WhatsApp-Image-2022-11-11-at-13.42.49.jpeg?resize=640%2C426\" alt=\"\" class=\"wp-image-46258 lazyload\" data-srcset=\"https:\/\/i0.wp.com\/elterritorialweb.com.ar\/web\/wp-content\/uploads\/2022\/11\/WhatsApp-Image-2022-11-11-at-13.42.49.jpeg?resize=1024%2C682&amp;ssl=1 1024w, https:\/\/i0.wp.com\/elterritorialweb.com.ar\/web\/wp-content\/uploads\/2022\/11\/WhatsApp-Image-2022-11-11-at-13.42.49.jpeg?resize=300%2C200&amp;ssl=1 300w, https:\/\/i0.wp.com\/elterritorialweb.com.ar\/web\/wp-content\/uploads\/2022\/11\/WhatsApp-Image-2022-11-11-at-13.42.49.jpeg?resize=768%2C512&amp;ssl=1 768w, https:\/\/i0.wp.com\/elterritorialweb.com.ar\/web\/wp-content\/uploads\/2022\/11\/WhatsApp-Image-2022-11-11-at-13.42.49.jpeg?w=1280&amp;ssl=1 1280w\" data-sizes=\"(max-width: 640px) 100vw, 640px\" src=\"data:image\/svg+xml;base64,PHN2ZyB3aWR0aD0iMSIgaGVpZ2h0PSIxIiB4bWxucz0iaHR0cDovL3d3dy53My5vcmcvMjAwMC9zdmciPjwvc3ZnPg==\" style=\"--smush-placeholder-width: 640px; --smush-placeholder-aspect-ratio: 640\/426;\" \/><\/a><\/figure>\n\n\n\n<p>Durante la presentaci\u00f3n, Coria remarc\u00f3: \u201cYa son m\u00e1s 30 mil las familias beneficiadas con estos productos nutricionales y se ha implementado que a partir del mes de diciembre va a abarcar ni\u00f1os de 4 a\u00f1os y con sus padres y hermanos se va a entregar un nuevo suplemento de comidas de muy f\u00e1cil preparaci\u00f3n\u00bb.<\/p>\n","protected":false},"excerpt":{"rendered":"<p>Este viernes se realiz\u00f3 la presentaci\u00f3n del programa provincial \u00abMis Primeros 1.700 D\u00edas\u00bb en el sal\u00f3n de usos m\u00faltiples de la Comisi\u00f3n Municipal de Laprida, en el departamento Choya, donde fue presentado un nuevo suplemento nutricional bajo el lema \u201cPara comer juntos, Santiago acompa\u00f1a a la familia cuidando la vida y nutriendo el futuro\u00bb.<\/p>\n","protected":false},"author":2,"featured_media":46259,"comment_status":"open","ping_status":"open","sticky":false,"template":"","format":"standard","meta":{"om_disable_all_campaigns":false,"_monsterinsights_skip_tracking":false,"_monsterinsights_sitenote_active":false,"_monsterinsights_sitenote_note":"","_monsterinsights_sitenote_category":0,"_uf_show_specific_survey":0,"_uf_disable_surveys":false,"jetpack_post_was_ever_published":false,"_jetpack_newsletter_access":"","_jetpack_dont_email_post_to_subs":false,"_jetpack_newsletter_tier_id":0,"_jetpack_memberships_contains_paywalled_content":false,"_jetpack_memberships_contains_paid_content":false,"footnotes":"","jetpack_publicize_message":"","jetpack_publicize_feature_enabled":true,"jetpack_social_post_already_shared":false,"jetpack_social_options":{"image_generator_settings":{"template":"highway","default_image_id":0,"font":"","enabled":false},"version":2}},"categories":[3],"tags":[],"class_list":["post-46257","post","type-post","status-publish","format-standard","has-post-thumbnail","hentry","category-salud"],"aioseo_notices":[],"views":10,"jetpack_publicize_connections":[],"jetpack_featured_media_url":"https:\/\/i0.wp.com\/elterritorialweb.com.ar\/web\/wp-content\/uploads\/2022\/11\/WhatsApp-Image-2022-11-11-at-13.42.50.jpeg?fit=1280%2C853&ssl=1","jetpack_sharing_enabled":true,"_links":{"self":[{"href":"https:\/\/elterritorialweb.com.ar\/web\/wp-json\/wp\/v2\/posts\/46257","targetHints":{"allow":["GET"]}}],"collection":[{"href":"https:\/\/elterritorialweb.com.ar\/web\/wp-json\/wp\/v2\/posts"}],"about":[{"href":"https:\/\/elterritorialweb.com.ar\/web\/wp-json\/wp\/v2\/types\/post"}],"author":[{"embeddable":true,"href":"https:\/\/elterritorialweb.com.ar\/web\/wp-json\/wp\/v2\/users\/2"}],"replies":[{"embeddable":true,"href":"https:\/\/elterritorialweb.com.ar\/web\/wp-json\/wp\/v2\/comments?post=46257"}],"version-history":[{"count":1,"href":"https:\/\/elterritorialweb.com.ar\/web\/wp-json\/wp\/v2\/posts\/46257\/revisions"}],"predecessor-version":[{"id":46260,"href":"https:\/\/elterritorialweb.com.ar\/web\/wp-json\/wp\/v2\/posts\/46257\/revisions\/46260"}],"wp:featuredmedia":[{"embeddable":true,"href":"https:\/\/elterritorialweb.com.ar\/web\/wp-json\/wp\/v2\/media\/46259"}],"wp:attachment":[{"href":"https:\/\/elterritorialweb.com.ar\/web\/wp-json\/wp\/v2\/media?parent=46257"}],"wp:term":[{"taxonomy":"category","embeddable":true,"href":"https:\/\/elterritorialweb.com.ar\/web\/wp-json\/wp\/v2\/categories?post=46257"},{"taxonomy":"post_tag","embeddable":true,"href":"https:\/\/elterritorialweb.com.ar\/web\/wp-json\/wp\/v2\/tags?post=46257"}],"curies":[{"name":"wp","href":"https:\/\/api.w.org\/{rel}","templated":true}]}}