{"id":46270,"date":"2022-11-12T03:30:34","date_gmt":"2022-11-12T03:30:34","guid":{"rendered":"http:\/\/elterritorialweb.com.ar\/web\/?p=46270"},"modified":"2022-11-12T03:30:34","modified_gmt":"2022-11-12T03:30:34","slug":"la-cruza-danza-viaja-a-cosquin-2023","status":"publish","type":"post","link":"https:\/\/elterritorialweb.com.ar\/web\/la-cruza-danza-viaja-a-cosquin-2023\/","title":{"rendered":"LA CRUZA DANZA VIAJA A COSQU\u00cdN 2023"},"content":{"rendered":"\n<p>Hasta el 15 de noviembre\u00a0 hay tiempo de reservar un lugar en el contingente que parte rumbo a la Capital del Folclore en C\u00f3rdoba. La agrupaci\u00f3n organiza por primera vez est\u00e1 alternativa para que la familia completa disfrute de un gran fin de semana con m\u00fasica y danza.<\/p>\n\n\n\n<p>La propuesta ofrece traslada ida y vuelta hasta La Falda, m\u00e1s alojamiento con desayuno y almuerzo; y la participaci\u00f3n especial en los espect\u00e1culos callejeros que se realiza en diferentes lugares de la ciudad serrana. A&nbsp; su vez, el traslado de La Falda a Cosqu\u00edn es gratuito.<\/p>\n\n\n\n<p>Con m\u00e1s de 15 a\u00f1os dentro de la escena del folclore, varias participaciones &nbsp;en el escenario mayor \u00abAtahualpa Yupanqui\u00bb, La Cruza se abre paso a compartir a\u00fan m\u00e1s el amor por el folclore. Para m\u00e1s informaci\u00f3n y\/o participar de la aventura festivalera:&nbsp; 3855865865.<\/p>\n","protected":false},"excerpt":{"rendered":"<p>El grupo independiente La Cruza Danza y una novedosa propuesta para disfrutar de Cosqu\u00edn, el encuentro folcl\u00f3rico m\u00e1s grande de Latinoam\u00e9rica.<\/p>\n","protected":false},"author":2,"featured_media":46271,"comment_status":"open","ping_status":"open","sticky":false,"template":"","format":"standard","meta":{"om_disable_all_campaigns":false,"_monsterinsights_skip_tracking":false,"_monsterinsights_sitenote_active":false,"_monsterinsights_sitenote_note":"","_monsterinsights_sitenote_category":0,"_uf_show_specific_survey":0,"_uf_disable_surveys":false,"jetpack_post_was_ever_published":false,"_jetpack_newsletter_access":"","_jetpack_dont_email_post_to_subs":false,"_jetpack_newsletter_tier_id":0,"_jetpack_memberships_contains_paywalled_content":false,"_jetpack_memberships_contains_paid_content":false,"footnotes":"","jetpack_publicize_message":"","jetpack_publicize_feature_enabled":true,"jetpack_social_post_already_shared":false,"jetpack_social_options":{"image_generator_settings":{"template":"highway","default_image_id":0,"font":"","enabled":false},"version":2}},"categories":[20],"tags":[],"class_list":["post-46270","post","type-post","status-publish","format-standard","has-post-thumbnail","hentry","category-especysociales"],"aioseo_notices":[],"views":15,"jetpack_publicize_connections":[],"jetpack_featured_media_url":"https:\/\/i0.wp.com\/elterritorialweb.com.ar\/web\/wp-content\/uploads\/2022\/11\/WhatsApp-Image-2022-11-11-at-22.26.46.jpeg?fit=720%2C405&ssl=1","jetpack_sharing_enabled":true,"_links":{"self":[{"href":"https:\/\/elterritorialweb.com.ar\/web\/wp-json\/wp\/v2\/posts\/46270","targetHints":{"allow":["GET"]}}],"collection":[{"href":"https:\/\/elterritorialweb.com.ar\/web\/wp-json\/wp\/v2\/posts"}],"about":[{"href":"https:\/\/elterritorialweb.com.ar\/web\/wp-json\/wp\/v2\/types\/post"}],"author":[{"embeddable":true,"href":"https:\/\/elterritorialweb.com.ar\/web\/wp-json\/wp\/v2\/users\/2"}],"replies":[{"embeddable":true,"href":"https:\/\/elterritorialweb.com.ar\/web\/wp-json\/wp\/v2\/comments?post=46270"}],"version-history":[{"count":1,"href":"https:\/\/elterritorialweb.com.ar\/web\/wp-json\/wp\/v2\/posts\/46270\/revisions"}],"predecessor-version":[{"id":46272,"href":"https:\/\/elterritorialweb.com.ar\/web\/wp-json\/wp\/v2\/posts\/46270\/revisions\/46272"}],"wp:featuredmedia":[{"embeddable":true,"href":"https:\/\/elterritorialweb.com.ar\/web\/wp-json\/wp\/v2\/media\/46271"}],"wp:attachment":[{"href":"https:\/\/elterritorialweb.com.ar\/web\/wp-json\/wp\/v2\/media?parent=46270"}],"wp:term":[{"taxonomy":"category","embeddable":true,"href":"https:\/\/elterritorialweb.com.ar\/web\/wp-json\/wp\/v2\/categories?post=46270"},{"taxonomy":"post_tag","embeddable":true,"href":"https:\/\/elterritorialweb.com.ar\/web\/wp-json\/wp\/v2\/tags?post=46270"}],"curies":[{"name":"wp","href":"https:\/\/api.w.org\/{rel}","templated":true}]}}