{"id":46275,"date":"2022-11-12T18:32:07","date_gmt":"2022-11-12T18:32:07","guid":{"rendered":"http:\/\/elterritorialweb.com.ar\/web\/?p=46275"},"modified":"2022-11-12T18:37:39","modified_gmt":"2022-11-12T18:37:39","slug":"nediani-recibio-la-visita-de-representantes-de-emblematicas-bibliotecas-de-la-banda","status":"publish","type":"post","link":"https:\/\/elterritorialweb.com.ar\/web\/nediani-recibio-la-visita-de-representantes-de-emblematicas-bibliotecas-de-la-banda\/","title":{"rendered":"NEDIANI RECIBI\u00d3 LA VISITA DE REPRESENTANTES DE EMBLEM\u00c1TICAS BIBLIOTECAS DE LA BANDA"},"content":{"rendered":"\n<p>En este sentido, el jefe comunal recibi\u00f3 a los representantes de las bibliotecas Domingo Bravo, Alberdi y Absal\u00f3n Rojas, quienes entregaron a modo de presente, un ejemplar de la obra literaria nacional\u00bbMart\u00edn Fierro\u00bb en el marco del D\u00eda de la Tradici\u00f3n.<br>Dicha reuni\u00f3n tuvo lugar en el sal\u00f3n de acuerdos del Palacio Municipal, donde los bibliotecarios dialogaron con el mandatario sobre diferentes tem\u00e1ticas, agradecieron la colaboraci\u00f3n y el compromiso del municipio para con las instituciones culturales. Adem\u00e1s, dialogaron sobre futuros proyectos para mejorar diferentes aspectos y seguir trabajando de forma conjunta con la comuna.<\/p>\n\n\n\n<figure class=\"wp-block-image size-large\"><a href=\"https:\/\/i0.wp.com\/elterritorialweb.com.ar\/web\/wp-content\/uploads\/2022\/11\/WhatsApp-Image-2022-11-12-at-12.19.18-1.jpeg\"><img data-recalc-dims=\"1\" decoding=\"async\" width=\"640\" height=\"360\" data-src=\"https:\/\/i0.wp.com\/elterritorialweb.com.ar\/web\/wp-content\/uploads\/2022\/11\/WhatsApp-Image-2022-11-12-at-12.19.18-1.jpeg?resize=640%2C360\" alt=\"\" class=\"wp-image-46276 lazyload\" data-srcset=\"https:\/\/i0.wp.com\/elterritorialweb.com.ar\/web\/wp-content\/uploads\/2022\/11\/WhatsApp-Image-2022-11-12-at-12.19.18-1.jpeg?resize=1024%2C576&amp;ssl=1 1024w, https:\/\/i0.wp.com\/elterritorialweb.com.ar\/web\/wp-content\/uploads\/2022\/11\/WhatsApp-Image-2022-11-12-at-12.19.18-1.jpeg?resize=300%2C169&amp;ssl=1 300w, https:\/\/i0.wp.com\/elterritorialweb.com.ar\/web\/wp-content\/uploads\/2022\/11\/WhatsApp-Image-2022-11-12-at-12.19.18-1.jpeg?resize=768%2C432&amp;ssl=1 768w, https:\/\/i0.wp.com\/elterritorialweb.com.ar\/web\/wp-content\/uploads\/2022\/11\/WhatsApp-Image-2022-11-12-at-12.19.18-1.jpeg?resize=1536%2C864&amp;ssl=1 1536w, https:\/\/i0.wp.com\/elterritorialweb.com.ar\/web\/wp-content\/uploads\/2022\/11\/WhatsApp-Image-2022-11-12-at-12.19.18-1.jpeg?w=1600&amp;ssl=1 1600w, https:\/\/i0.wp.com\/elterritorialweb.com.ar\/web\/wp-content\/uploads\/2022\/11\/WhatsApp-Image-2022-11-12-at-12.19.18-1.jpeg?w=1280 1280w\" data-sizes=\"(max-width: 640px) 100vw, 640px\" src=\"data:image\/svg+xml;base64,PHN2ZyB3aWR0aD0iMSIgaGVpZ2h0PSIxIiB4bWxucz0iaHR0cDovL3d3dy53My5vcmcvMjAwMC9zdmciPjwvc3ZnPg==\" style=\"--smush-placeholder-width: 640px; --smush-placeholder-aspect-ratio: 640\/360;\" \/><\/a><\/figure>\n\n\n\n<p>En la oportunidad, Nediani hizo hincapi\u00e9 en la importancia de estas reuniones que permiten conocer la situaci\u00f3n de cada instituci\u00f3n que presta un valioso servicio a la comunidad.<br>Al respecto manifest\u00f3: \u201cNo queremos dejar de apoyar estas instituciones que desempe\u00f1an una labor esencial en el fomento de la alfabetizaci\u00f3n y el aprendizaje, y son las bases para el desarrollo y la custodia del patrimonio cultural, hist\u00f3rico y cient\u00edfico universal\u201d.<\/p>\n","protected":false},"excerpt":{"rendered":"<p>El intendente de la ciudad de La Banda, Roger Nediani recibi\u00f3 la visita de representantes de bibliotecas locales, quienes le entregaron un presente en el marco del \u00abD\u00eda de la Tradici\u00f3n\u00bb y dialogaron sobre futuros proyectos.<\/p>\n","protected":false},"author":2,"featured_media":46277,"comment_status":"open","ping_status":"open","sticky":false,"template":"","format":"standard","meta":{"om_disable_all_campaigns":false,"_monsterinsights_skip_tracking":false,"_monsterinsights_sitenote_active":false,"_monsterinsights_sitenote_note":"","_monsterinsights_sitenote_category":0,"_uf_show_specific_survey":0,"_uf_disable_surveys":false,"jetpack_post_was_ever_published":false,"_jetpack_newsletter_access":"","_jetpack_dont_email_post_to_subs":false,"_jetpack_newsletter_tier_id":0,"_jetpack_memberships_contains_paywalled_content":false,"_jetpack_memberships_contains_paid_content":false,"footnotes":"","jetpack_publicize_message":"","jetpack_publicize_feature_enabled":true,"jetpack_social_post_already_shared":false,"jetpack_social_options":{"image_generator_settings":{"template":"highway","default_image_id":0,"font":"","enabled":false},"version":2}},"categories":[21],"tags":[],"class_list":["post-46275","post","type-post","status-publish","format-standard","has-post-thumbnail","hentry","category-locales"],"aioseo_notices":[],"views":13,"jetpack_publicize_connections":[],"jetpack_featured_media_url":"https:\/\/i0.wp.com\/elterritorialweb.com.ar\/web\/wp-content\/uploads\/2022\/11\/WhatsApp-Image-2022-11-12-at-12.19.18.jpeg?fit=1380%2C912&ssl=1","jetpack_sharing_enabled":true,"_links":{"self":[{"href":"https:\/\/elterritorialweb.com.ar\/web\/wp-json\/wp\/v2\/posts\/46275","targetHints":{"allow":["GET"]}}],"collection":[{"href":"https:\/\/elterritorialweb.com.ar\/web\/wp-json\/wp\/v2\/posts"}],"about":[{"href":"https:\/\/elterritorialweb.com.ar\/web\/wp-json\/wp\/v2\/types\/post"}],"author":[{"embeddable":true,"href":"https:\/\/elterritorialweb.com.ar\/web\/wp-json\/wp\/v2\/users\/2"}],"replies":[{"embeddable":true,"href":"https:\/\/elterritorialweb.com.ar\/web\/wp-json\/wp\/v2\/comments?post=46275"}],"version-history":[{"count":2,"href":"https:\/\/elterritorialweb.com.ar\/web\/wp-json\/wp\/v2\/posts\/46275\/revisions"}],"predecessor-version":[{"id":46279,"href":"https:\/\/elterritorialweb.com.ar\/web\/wp-json\/wp\/v2\/posts\/46275\/revisions\/46279"}],"wp:featuredmedia":[{"embeddable":true,"href":"https:\/\/elterritorialweb.com.ar\/web\/wp-json\/wp\/v2\/media\/46277"}],"wp:attachment":[{"href":"https:\/\/elterritorialweb.com.ar\/web\/wp-json\/wp\/v2\/media?parent=46275"}],"wp:term":[{"taxonomy":"category","embeddable":true,"href":"https:\/\/elterritorialweb.com.ar\/web\/wp-json\/wp\/v2\/categories?post=46275"},{"taxonomy":"post_tag","embeddable":true,"href":"https:\/\/elterritorialweb.com.ar\/web\/wp-json\/wp\/v2\/tags?post=46275"}],"curies":[{"name":"wp","href":"https:\/\/api.w.org\/{rel}","templated":true}]}}