{"id":46280,"date":"2022-11-12T19:13:22","date_gmt":"2022-11-12T19:13:22","guid":{"rendered":"http:\/\/elterritorialweb.com.ar\/web\/?p=46280"},"modified":"2022-11-12T19:13:23","modified_gmt":"2022-11-12T19:13:23","slug":"el-lunes-14-comienza-el-pago-de-la-primera-cuota-del-refuerzo-alimentario","status":"publish","type":"post","link":"https:\/\/elterritorialweb.com.ar\/web\/el-lunes-14-comienza-el-pago-de-la-primera-cuota-del-refuerzo-alimentario\/","title":{"rendered":"EL LUNES 14 COMIENZA EL PAGO DE LA PRIMERA CUOTA DEL REFUERZO ALIMENTARIO"},"content":{"rendered":"\n<p>El pr\u00f3ximo lunes 14 de noviembre comienza el proceso de pago de la primera de las dos cuotas de $22.500 del Refuerzo Alimentario destinado a personas en condiciones de extrema vulnerabilidad, que no cuentan con ingresos y no perciben asistencia alguna del Estado, seg\u00fan inform\u00f3 la Administraci\u00f3n Nacional de la Seguridad Social (Anses).<\/p>\n\n\n\n<p><strong>Los pagos se har\u00e1n de acuerdo a la terminaci\u00f3n de DNI en la cuenta bancaria<\/strong>&nbsp;declarada en el aplicativo.<\/p>\n\n\n\n<p>De todas formas,&nbsp;<strong>la&nbsp;<a href=\"https:\/\/www.anses.gob.ar\/refuerzo-alimentario-para-adultos-sin-ingresos\" target=\"_blank\" rel=\"noreferrer noopener\">inscripci\u00f3n&nbsp;<\/a>continuar\u00e1 abierta&nbsp;<\/strong>para que, en caso de que un potencial beneficiario llegara a inscribirse despu\u00e9s del primer pago, y re\u00fana los requisitos, pueda percibir las cuotas de noviembre y diciembre en un solo pago de 45.000 pesos el pr\u00f3ximo mes.<\/p>\n\n\n\n<p><strong>El cronograma de pago difundido por Anses<\/strong>, prev\u00e9 que quienes tengan DNI terminados en 0 cobrar\u00e1n el lunes 14 de noviembre; los terminados en 1, el martes 15; en 2, el mi\u00e9rcoles 16; en 3 el jueves 17; y quienes tengan documentos que terminen 4 percibir\u00e1n la primera cuota el viernes 18.<\/p>\n\n\n\n<p>La semana siguiente se completar\u00e1 el calendario con el pago a los DNI terminados en 5 el lunes 22; los terminados en 6 el martes 23; en 7 el mi\u00e9rcoles 24; en 8 el jueves 25 y en 9, el viernes 28 de noviembre.<\/p>\n\n\n\n<blockquote class=\"wp-block-quote is-layout-flow wp-block-quote-is-layout-flow\"><p>La inscripci\u00f3n continuar\u00e1 en forma presencial en las m\u00e1s de 400 oficinas de todo el pa\u00eds&nbsp;y operativos m\u00f3viles durante las pr\u00f3ximas semanas.<\/p><\/blockquote>\n\n\n\n<p>Si bien Anses no precis\u00f3 cu\u00e1ntas personas cobrar\u00e1n finalmente el bono, la primera semana de inscripci\u00f3n&nbsp;<strong>se hab\u00edan informado a 800 mil personas inscriptas<\/strong>&nbsp;que ya ten\u00edan aprobado el refuerzo.<\/p>\n\n\n\n<p>Dado el p\u00fablico al que se est\u00e1 apuntando -poblaci\u00f3n sin ning\u00fan tipo de ingreso formal ni cobertura previsional, de salud privada o de asistencia social- se espera que a\u00fan queden personas que no tomaron conocimiento de la medida o que no cuentan con los recursos para acceder a una inscripci\u00f3n v\u00eda web.<\/p>\n\n\n\n<p>Por ello, l<strong>a inscripci\u00f3n continuar\u00e1 en forma presencial en las m\u00e1s de 400 oficinas de todo el pa\u00eds<\/strong>&nbsp;y operativos m\u00f3viles durante las pr\u00f3ximas semanas, indic\u00f3 el organismo.<\/p>\n\n\n\n<p>Seg\u00fan confirmaron fuentes de Anses a T\u00e9lam,\u00a0<strong>se reforzaron los operativos m\u00f3viles<\/strong>\u00a0en las zonas de mayor densidad e ir\u00e1n rotando de acuerdo a la necesidad, sobre todo en centros urbanos alejados o donde la gente tiene mayor dificultad para desplazarse.<\/p>\n\n\n\n<h3 class=\"wp-block-heading\">C\u00f3mo se accede al beneficio<\/h3>\n\n\n\n<p>El pago del bono se har\u00e1&nbsp;<strong>a trav\u00e9s de una cuenta bancaria<\/strong>&nbsp;(CBU) y las personas que no cuenten con una son asistidas por Anses para abrirles una en la instituci\u00f3n que les quede m\u00e1s cerca o que sea de su conveniencia y se les realiza un seguimiento del proceso de bancarizaci\u00f3n, para asegurarse que puedan cobrar el dinero.<\/p>\n\n\n\n<p><strong>Pueden inscribirse<\/strong>&nbsp;aquellas personas que&nbsp;<strong>no cuenten con trabajo registrado<\/strong>&nbsp;(en relaci\u00f3n de dependencia, aut\u00f3nomos, de casas particulares, monotributistas o monotributistas sociales), y&nbsp;<strong>no cobren la prestaci\u00f3n por desempleo.<\/strong><\/p>\n\n\n\n<p><strong>El beneficio excluye<\/strong>&nbsp;a quienes perciben jubilaci\u00f3n y\/o pensi\u00f3n contributiva o no contributiva (tanto nacionales como provinciales y municipales), Potenciar Trabajo, Beca Progresar, Asignaci\u00f3n por Embarazo para Protecci\u00f3n Social y Programas sociales (tanto nacionales como provinciales o municipales) o quienes tengan hijas y\/o hijos que perciban la Asignaci\u00f3n Universal por Hija e Hijo o Salario Familiar.<\/p>\n\n\n\n<p>Asimismo, para&nbsp;<strong>acceder al Refuerzo<\/strong>&nbsp;las personas que se inscriban deber\u00e1n c<strong>ompletar una Declaraci\u00f3n Jurada<\/strong>, que ser\u00e1 evaluada junto a sus consumos, bienes y patrimonio.<\/p>\n\n\n\n<p><strong>No podr\u00e1n tener registrado a su nombre:&nbsp;<\/strong>rodados (automotores, motocicletas y otros) que tengan menos de 10 a\u00f1os de antig\u00fcedad, inmuebles, consumos de tarjeta de cr\u00e9dito y\/o d\u00e9bito en los \u00faltimos dos meses, plazos fijos y bonos en los \u00faltimos seis meses, acreditaci\u00f3n en cuentas bancarias en los \u00faltimos dos meses, compras en moneda extranjera en los \u00faltimos seis meses ni obra social o prepaga.<\/p>\n\n\n\n<p>En el caso de&nbsp;<strong>personas de 18 a 24 a\u00f1os<\/strong>, el&nbsp;<strong>control socioecon\u00f3mico<\/strong>&nbsp;se le realizar\u00e1 tambi\u00e9n a su&nbsp;<strong>grupo familiar.<\/strong><\/p>\n\n\n\n<h3 class=\"wp-block-heading\">De d\u00f3nde surgen los fondos<\/h3>\n\n\n\n<p>Los fondos para financiar el Refuerzo surgen del&nbsp;<strong>decreto 576 del 4 de septiembre<\/strong>&nbsp;pasado, es decir, de la norma que cre\u00f3 al&nbsp;<strong>\u00abPrograma de Incentivo Exportador\u00bb&nbsp;<\/strong>que dio lugar al \u00ab<strong>d\u00f3lar soja\u00bb<\/strong>, a trav\u00e9s del cual&nbsp;<strong>se liquidaron unos US$ 8.200 millones<\/strong>&nbsp;de soja y derivados en septiembre.<\/p>\n\n\n\n<p>La mayor recaudaci\u00f3n que hubo por las retenciones asociadas a esas exportaciones (que se hicieron a un tipo de cambio de $200, un 40% superior al de ese momento) ser\u00eda destinada a financiar, en parte, a productores que no pudieron ingresar al programa por haber liquidado ya la mayor\u00eda de sus existencias de soja, y tambi\u00e9n a sectores vulnerables.<\/p>\n\n\n\n<p>Puntualmente,<strong>&nbsp;el art\u00edculo 9\u00b0&nbsp;<\/strong>de la norma fij\u00f3 la creaci\u00f3n de un<strong>&nbsp;Fondo Incremento Exportador<\/strong>&nbsp;para financiar \u00abuna prestaci\u00f3n monetaria extraordinaria no contributiva y de alcance nacional que asegure una adecuada alimentaci\u00f3n para las personas en situaci\u00f3n de extrema vulnerabilidad\u00bb.<\/p>\n\n\n\n<p>La \u00faltima vez que el Gobierno habilit\u00f3 la inscripci\u00f3n para el pago de un refuerzo de ingresos fue en mayo de este a\u00f1o, cuando se pagaron $ 18.000 en dos cuotas a 7,5 millones de trabajadores informales, empleados de casas particulares y monotributistas A, B y sociales, como una forma de asistir a sectores vulnerables ante el aumento del precio de los alimentos y de art\u00edculos de primera necesidad.<\/p>\n\n\n\n<p><\/p>\n","protected":false},"excerpt":{"rendered":"<p>Ser\u00e1 el primero de los dos pagos del mismo monto del bono destinado a personas en condiciones de extrema vulnerabilidad, que no cuentan con ingresos y no perciben asistencia alguna del Estado, seg\u00fan inform\u00f3 la Anses.<\/p>\n","protected":false},"author":2,"featured_media":46281,"comment_status":"open","ping_status":"open","sticky":false,"template":"","format":"standard","meta":{"om_disable_all_campaigns":false,"_monsterinsights_skip_tracking":false,"_monsterinsights_sitenote_active":false,"_monsterinsights_sitenote_note":"","_monsterinsights_sitenote_category":0,"_uf_show_specific_survey":0,"_uf_disable_surveys":false,"jetpack_post_was_ever_published":false,"_jetpack_newsletter_access":"","_jetpack_dont_email_post_to_subs":false,"_jetpack_newsletter_tier_id":0,"_jetpack_memberships_contains_paywalled_content":false,"_jetpack_memberships_contains_paid_content":false,"footnotes":"","jetpack_publicize_message":"","jetpack_publicize_feature_enabled":true,"jetpack_social_post_already_shared":false,"jetpack_social_options":{"image_generator_settings":{"template":"highway","default_image_id":0,"font":"","enabled":false},"version":2}},"categories":[4,2],"tags":[],"class_list":["post-46280","post","type-post","status-publish","format-standard","has-post-thumbnail","hentry","category-destacadas","category-economia"],"aioseo_notices":[],"views":7,"jetpack_publicize_connections":[],"jetpack_featured_media_url":"https:\/\/i0.wp.com\/elterritorialweb.com.ar\/web\/wp-content\/uploads\/2022\/11\/ANSES-REFUERZO-ALIMENTARIO.jpg?fit=696%2C392&ssl=1","jetpack_sharing_enabled":true,"_links":{"self":[{"href":"https:\/\/elterritorialweb.com.ar\/web\/wp-json\/wp\/v2\/posts\/46280","targetHints":{"allow":["GET"]}}],"collection":[{"href":"https:\/\/elterritorialweb.com.ar\/web\/wp-json\/wp\/v2\/posts"}],"about":[{"href":"https:\/\/elterritorialweb.com.ar\/web\/wp-json\/wp\/v2\/types\/post"}],"author":[{"embeddable":true,"href":"https:\/\/elterritorialweb.com.ar\/web\/wp-json\/wp\/v2\/users\/2"}],"replies":[{"embeddable":true,"href":"https:\/\/elterritorialweb.com.ar\/web\/wp-json\/wp\/v2\/comments?post=46280"}],"version-history":[{"count":1,"href":"https:\/\/elterritorialweb.com.ar\/web\/wp-json\/wp\/v2\/posts\/46280\/revisions"}],"predecessor-version":[{"id":46282,"href":"https:\/\/elterritorialweb.com.ar\/web\/wp-json\/wp\/v2\/posts\/46280\/revisions\/46282"}],"wp:featuredmedia":[{"embeddable":true,"href":"https:\/\/elterritorialweb.com.ar\/web\/wp-json\/wp\/v2\/media\/46281"}],"wp:attachment":[{"href":"https:\/\/elterritorialweb.com.ar\/web\/wp-json\/wp\/v2\/media?parent=46280"}],"wp:term":[{"taxonomy":"category","embeddable":true,"href":"https:\/\/elterritorialweb.com.ar\/web\/wp-json\/wp\/v2\/categories?post=46280"},{"taxonomy":"post_tag","embeddable":true,"href":"https:\/\/elterritorialweb.com.ar\/web\/wp-json\/wp\/v2\/tags?post=46280"}],"curies":[{"name":"wp","href":"https:\/\/api.w.org\/{rel}","templated":true}]}}