{"id":46283,"date":"2022-11-12T19:37:05","date_gmt":"2022-11-12T19:37:05","guid":{"rendered":"http:\/\/elterritorialweb.com.ar\/web\/?p=46283"},"modified":"2022-11-12T19:37:06","modified_gmt":"2022-11-12T19:37:06","slug":"german-pezzella-y-guido-rodriguez-los-primeros-en-llegar-de-europa","status":"publish","type":"post","link":"https:\/\/elterritorialweb.com.ar\/web\/german-pezzella-y-guido-rodriguez-los-primeros-en-llegar-de-europa\/","title":{"rendered":"GERM\u00c1N PEZZELLA Y GUIDO RODR\u00cdGUEZ LOS PRIMEROS EN LLEGAR DE EUROPA"},"content":{"rendered":"\n<p>El defensor Germ\u00e1n Pezzella y el mediocampista Guido Rodr\u00edguez iniciaron este s\u00e1bado sus entrenamientos con el seleccionado argentino en Abu Dhabi, sede del amistoso del mi\u00e9rcoles pr\u00f3ximo ante Emiratos \u00c1rabes Unidos, previo al debut en el Mundial Qatar 2022.<\/p>\n\n\n\n<p>Los futbolistas del Betis de Espa\u00f1a hicieron un trabajo regenerativo bajo las \u00f3rdenes del preparador f\u00edsico Luis Mart\u00edn en el estadio Al Nahyan, donde tambi\u00e9n se ejercit\u00f3 el arquero Franco Armani junto al sparring Federico Gomes Gerth y el entrenador del puesto Mart\u00edn Tocalli.<\/p>\n\n\n\n<p>Pezzella y Rodr\u00edguez fueron los primeros jugadores del f\u00fatbol europeo citados para el Mundial que se incorporaron a la Selecci\u00f3n, luego de terminar su participaci\u00f3n con el club andaluz.<\/p>\n\n\n\n<p>Armani, \u00fanico representante del mercado argentino en la\u00a0lista de 26, viaj\u00f3 con la primera avanzada de la delegaci\u00f3n, el lunes pasado.<\/p>\n\n\n\n<h3 class=\"wp-block-heading\">El desembarco de los 26 de Scaloni<\/h3>\n\n\n\n<p>Durante este fin de semana,&nbsp;<strong>los jugadores restantes del plantel quedar\u00e1n liberados de sus clubes y volar\u00e1n a Emiratos \u00c1rabes para incorporarse a la concentraci\u00f3n del equipo nacional.<\/strong><\/p>\n\n\n\n<p>El lunes, el seleccionado tiene previsto un entrenamiento abierto al p\u00fablico en el estadio Al Nahyan, al mediod\u00eda de Argentina, del que se espera que puedan participar m\u00e1s de una docena de futbolistas, entre ellos, Lionel Messi.<\/p>\n\n\n\n<p>El capit\u00e1n de la \u00abScaloneta\u00bb afrontar\u00e1\u00a0este domingo su \u00faltimo compromiso con Par\u00eds Saint-Germain\u00a0luego de quedar al margen del anterior por una inflamaci\u00f3n en el tend\u00f3n de Aquiles.<\/p>\n\n\n\n<p>Argentina\u00a0jugar\u00e1 ante Emiratos \u00c1rabes, dirigido por el ex Boca \u00abVasco\u00bb Rodolfo Arruabarrena, el mi\u00e9rcoles a las 13:30 en el estadio Mohamed Bin Zayed de Abu Dhabi.<\/p>\n\n\n\n<p>Desde all\u00ed partir\u00e1 a Doha para instalarse en la Universidad de Qatar durante toda su permanencia en la Copa del Mundo de la FIFA, por la que debutar\u00e1 ante Arabia Saudita el martes 22 a las 7:00 en el estadio Lusail.<\/p>\n","protected":false},"excerpt":{"rendered":"<p>Los primeros jugadores provenientes del viejo continente se sumaron a Armani y al sparring Federico Gomes Gerth para comenzar a calentar motores de cara al amistoso del pr\u00f3ximo mi\u00e9rcoles ante Emiratos \u00c1rabes Unidos, previo al debut en el Mundial Qatar 2022.<\/p>\n","protected":false},"author":2,"featured_media":46284,"comment_status":"open","ping_status":"open","sticky":false,"template":"","format":"standard","meta":{"om_disable_all_campaigns":false,"_monsterinsights_skip_tracking":false,"_monsterinsights_sitenote_active":false,"_monsterinsights_sitenote_note":"","_monsterinsights_sitenote_category":0,"_uf_show_specific_survey":0,"_uf_disable_surveys":false,"jetpack_post_was_ever_published":false,"_jetpack_newsletter_access":"","_jetpack_dont_email_post_to_subs":false,"_jetpack_newsletter_tier_id":0,"_jetpack_memberships_contains_paywalled_content":false,"_jetpack_memberships_contains_paid_content":false,"footnotes":"","jetpack_publicize_message":"","jetpack_publicize_feature_enabled":true,"jetpack_social_post_already_shared":false,"jetpack_social_options":{"image_generator_settings":{"template":"highway","default_image_id":0,"font":"","enabled":false},"version":2}},"categories":[6],"tags":[],"class_list":["post-46283","post","type-post","status-publish","format-standard","has-post-thumbnail","hentry","category-deportes"],"aioseo_notices":[],"views":14,"jetpack_publicize_connections":[],"jetpack_featured_media_url":"https:\/\/i0.wp.com\/elterritorialweb.com.ar\/web\/wp-content\/uploads\/2022\/11\/pezzella-y-rodriguez.jpg?fit=2184%2C1456&ssl=1","jetpack_sharing_enabled":true,"_links":{"self":[{"href":"https:\/\/elterritorialweb.com.ar\/web\/wp-json\/wp\/v2\/posts\/46283","targetHints":{"allow":["GET"]}}],"collection":[{"href":"https:\/\/elterritorialweb.com.ar\/web\/wp-json\/wp\/v2\/posts"}],"about":[{"href":"https:\/\/elterritorialweb.com.ar\/web\/wp-json\/wp\/v2\/types\/post"}],"author":[{"embeddable":true,"href":"https:\/\/elterritorialweb.com.ar\/web\/wp-json\/wp\/v2\/users\/2"}],"replies":[{"embeddable":true,"href":"https:\/\/elterritorialweb.com.ar\/web\/wp-json\/wp\/v2\/comments?post=46283"}],"version-history":[{"count":1,"href":"https:\/\/elterritorialweb.com.ar\/web\/wp-json\/wp\/v2\/posts\/46283\/revisions"}],"predecessor-version":[{"id":46285,"href":"https:\/\/elterritorialweb.com.ar\/web\/wp-json\/wp\/v2\/posts\/46283\/revisions\/46285"}],"wp:featuredmedia":[{"embeddable":true,"href":"https:\/\/elterritorialweb.com.ar\/web\/wp-json\/wp\/v2\/media\/46284"}],"wp:attachment":[{"href":"https:\/\/elterritorialweb.com.ar\/web\/wp-json\/wp\/v2\/media?parent=46283"}],"wp:term":[{"taxonomy":"category","embeddable":true,"href":"https:\/\/elterritorialweb.com.ar\/web\/wp-json\/wp\/v2\/categories?post=46283"},{"taxonomy":"post_tag","embeddable":true,"href":"https:\/\/elterritorialweb.com.ar\/web\/wp-json\/wp\/v2\/tags?post=46283"}],"curies":[{"name":"wp","href":"https:\/\/api.w.org\/{rel}","templated":true}]}}