{"id":46286,"date":"2022-11-13T18:09:56","date_gmt":"2022-11-13T18:09:56","guid":{"rendered":"http:\/\/elterritorialweb.com.ar\/web\/?p=46286"},"modified":"2022-11-13T18:13:02","modified_gmt":"2022-11-13T18:13:02","slug":"ofrecimiento-de-cargos-y-horas-catedra-titulares-y-suplentes-del-primer-grado-del-escalafon-6","status":"publish","type":"post","link":"https:\/\/elterritorialweb.com.ar\/web\/ofrecimiento-de-cargos-y-horas-catedra-titulares-y-suplentes-del-primer-grado-del-escalafon-6\/","title":{"rendered":"OFRECEN CARGOS Y HORAS C\u00c1TEDRA DOCENTES"},"content":{"rendered":"\n<p>El Consejo General de Educaci\u00f3n comunica a los docentes de los Niveles Inicial, Primario y Modalidades, Secundario y Superior,\u00a0 que a partir\u00a0 de las 00 hs. del d\u00eda Lunes 14 y hasta las 23:59 hs. del d\u00eda Martes 15 de Noviembre de 2022, se realizar\u00e1 el OFRECIMIENTO de Cargos y Horas C\u00e1tedra Titulares y Suplentes del primer grado del escalaf\u00f3n de los establecimientos educativos de los\u00a0 Niveles Inicial, Primario y Modalidades, Secundario y Superior en el sistema \u201cConsejo Virtual\u201d, ingresando en el Portal Oficial del CGE www.cgesantiago.gob.ar &#8211; Secci\u00f3n \u201cConsejo virtual\u201d. Los ofrecimientos se realizar\u00e1n conforme al LOM 2022 y las pautas establecidas en la Resoluci\u00f3n N\u00b0 162\/2022, en forma progresiva respetando las medidas sanitarias establecidas para frenar el avance del COVID-19.<\/p>\n\n\n\n<p><strong>Nivel Inicial<\/strong><\/p>\n\n\n\n<p>1.&nbsp;&nbsp;&nbsp;&nbsp;&nbsp;&nbsp;&nbsp; Jard\u00edn de Infantes N\u00b0 8 &#8211; Nicol\u00e1s Avellaneda &#8211; Regi\u00f3n I &#8211; Santiago del Estero, Dpto. Capital<\/p>\n\n\n\n<p>2.&nbsp;&nbsp;&nbsp;&nbsp;&nbsp;&nbsp;&nbsp; Jard\u00edn de Infantes N\u00b0 61 &#8211; Mi Capullito &#8211; Regi\u00f3n I &#8211; Santiago del Estero, Dpto. Capital<\/p>\n\n\n\n<p>3.&nbsp;&nbsp;&nbsp;&nbsp;&nbsp;&nbsp;&nbsp; Jard\u00edn de Infantes N\u00b0&nbsp; 238 &#8211; Hualitos &#8211; Suncho Pozo, Dpto. Gral. Taboada<\/p>\n\n\n\n<p>4.&nbsp;&nbsp;&nbsp;&nbsp;&nbsp;&nbsp;&nbsp; Jard\u00edn de Infantes N\u00b0 254 &#8211; Anexo Escuela N\u00b0 474 &#8211; Regi\u00f3n V- Las Tinajas, Dpto. Moreno<\/p>\n\n\n\n<p>5.&nbsp;&nbsp;&nbsp;&nbsp;&nbsp;&nbsp;&nbsp; Jard\u00edn de Infantes N\u00b0 68 \u2013 Pinocho &#8211; Regi\u00f3n I &#8211; Santiago del Estero, Dpto. Capital<\/p>\n\n\n\n<p>6.&nbsp;&nbsp;&nbsp;&nbsp;&nbsp;&nbsp;&nbsp; Jard\u00edn de Infantes N\u00b0 273 \u2013 Utulitas- Regi\u00f3n II- Caspi Corral, Dpto. Figueroa<\/p>\n\n\n\n<p>7.&nbsp;&nbsp;&nbsp;&nbsp;&nbsp;&nbsp;&nbsp; Jard\u00edn de Infantes N\u00b0 130- Regi\u00f3n VIII &#8211; Sumampa, Dpto. Quebrachos<\/p>\n\n\n\n<p>8.&nbsp;&nbsp;&nbsp;&nbsp;&nbsp;&nbsp;&nbsp; Jard\u00edn de Infantes N\u00b0 712 &#8211; Anexo Esc. N\u00b0 735 &#8211; Regi\u00f3n VIII &#8211; Malota, Dpto. Salavina&nbsp;<\/p>\n\n\n\n<p>9.&nbsp;&nbsp;&nbsp;&nbsp;&nbsp;&nbsp;&nbsp; Jard\u00edn de Infantes N\u00b0 117 &#8211; Margarita Alegre &#8211; Regi\u00f3n II- Garza, Dpto. Sarmiento<\/p>\n\n\n\n<p>10.&nbsp;&nbsp;&nbsp;&nbsp;&nbsp; Jard\u00edn de Infantes N\u00b0 155 &#8211; Mi Gorri\u00f3n &#8211; Regi\u00f3n IV &#8211; A\u00f1atuya, Dpto. Gral. Taboada<\/p>\n\n\n\n<p>11.&nbsp;&nbsp;&nbsp;&nbsp;&nbsp; Jard\u00edn de Infantes N\u00b0&nbsp; 299 &#8211; Anexo Esc. N\u00b0 1040 &#8211; Regi\u00f3n II- Bandera Bajada, Dpto. Figueroa<\/p>\n\n\n\n<p><strong>Nivel Primario<\/strong><\/p>\n\n\n\n<p>1.&nbsp;&nbsp;&nbsp;&nbsp;&nbsp;&nbsp;&nbsp; Escuela Superior N\u00b0 27 Benjam\u00edn Zorrilla &#8211; Jornada Simple &#8211; (Regi\u00f3n I) -Santiago del Estero, Dpto. Capital<\/p>\n\n\n\n<p>2.&nbsp;&nbsp;&nbsp;&nbsp;&nbsp;&nbsp;&nbsp; Escuela N\u00b0 1014 &#8211; Jornada Simple &#8211; (Regi\u00f3n VIII) &#8211; Santa Rosa, Dpto. Salavina<\/p>\n\n\n\n<p>3.&nbsp;&nbsp;&nbsp;&nbsp;&nbsp;&nbsp;&nbsp; Escuela Primaria N\u00b0 1248 &#8211; Jornada Simple &#8211; (Regi\u00f3n VIII) \u2013 Sumampa, Dpto. Quebrachos<\/p>\n\n\n\n<p>4.&nbsp;&nbsp;&nbsp;&nbsp;&nbsp;&nbsp;&nbsp; Escuela N\u00b0 940 &#8211; Jornada Simple &#8211; (Regi\u00f3n III) &#8211; Colonia Tinco, Dpto. R\u00edo Hondo<\/p>\n\n\n\n<p>5.&nbsp;&nbsp;&nbsp;&nbsp;&nbsp;&nbsp;&nbsp; Escuela Superior N\u00b0 104 Gral. Mart\u00edn de G\u00fcemes &#8211; Jornada Simple &#8211; (Regi\u00f3n II) &#8211; La Banda, Dpto. Banda<\/p>\n\n\n\n<p>6.&nbsp;&nbsp;&nbsp;&nbsp;&nbsp;&nbsp;&nbsp; Escuela N\u00b0 313 Sta. Rosa De Lima &#8211; Jornada Simple &#8211; (Regi\u00f3n VI) &#8211; Monte Quemado, Dpto. Copo<\/p>\n\n\n\n<p>7.&nbsp;&nbsp;&nbsp;&nbsp;&nbsp;&nbsp;&nbsp; Centro Experimental N\u00ba 4 Maximio S. Victoria &#8211; Jornada Simple &#8211; (Regi\u00f3n II) \u2013Fern\u00e1ndez, Dpto. Robles<\/p>\n\n\n\n<p>8.&nbsp;&nbsp;&nbsp;&nbsp;&nbsp;&nbsp;&nbsp; Escuela N\u00b0 1170 &#8211; Jornada Completa &#8211; Los Sorias, Dpto. Banda<\/p>\n\n\n\n<p>9.&nbsp;&nbsp;&nbsp;&nbsp;&nbsp;&nbsp;&nbsp; Escuela N\u00b0 968&nbsp; 25 De Julio &#8211; Jornada Simple &#8211; (Regi\u00f3n III) &#8211; Termas de R\u00edo Hondo, Dpto. R\u00edo Hondo<\/p>\n\n\n\n<p>10.&nbsp;&nbsp;&nbsp;&nbsp;&nbsp; Escuela Elemental N\u00ba 159 Miguel de Azcu\u00e9naga &#8211; Jornada Simple &#8211; (Regi\u00f3n V) \u2013Vilelas, Dpto. J. F. Ibarra<\/p>\n\n\n\n<p>11.&nbsp;&nbsp;&nbsp;&nbsp;&nbsp; Escuela N\u00ba 1241 Benjam\u00edn Santill\u00e1n &#8211; Jornada Simple &#8211; (Regi\u00f3n I)- Santiago del Estero, Dpto. Capital<\/p>\n\n\n\n<p>12.&nbsp;&nbsp;&nbsp;&nbsp;&nbsp; Escuela N\u00ba 1249 &#8211; Jornada Simple &#8211; (Regi\u00f3n I) &#8211; Santiago del Estero, Dpto. Capital<\/p>\n\n\n\n<p>13.&nbsp;&nbsp;&nbsp;&nbsp;&nbsp; Escuela N\u00b0 1210 &#8211; Jornada Simple &#8211; (Regi\u00f3n VIII) &#8211; Ojo de Agua, Dpto. Ojo de Agua<\/p>\n\n\n\n<p>14.&nbsp;&nbsp;&nbsp;&nbsp;&nbsp; Escuela N\u00b0 780 Estanislao Platas &#8211; Jornada Simple &#8211; (Regi\u00f3n II) &#8211; El Alambrado, Dpto. Banda<\/p>\n\n\n\n<p>15.&nbsp;&nbsp;&nbsp;&nbsp;&nbsp; Escuela N\u00b0 814 \u00abPaula Albarrac\u00edn de Sarmiento\u00bb &#8211; Jornada Simple &#8211; (Regi\u00f3n II) &#8211; Fern\u00e1ndez, Dpto. Robles<\/p>\n\n\n\n<p><strong>Nivel Secundario<\/strong><\/p>\n\n\n\n<p>1.&nbsp;&nbsp;&nbsp;&nbsp;&nbsp;&nbsp;&nbsp; Escuela \u00abFrancisca Jacques\u00bb, Santiago del Estero, Dpto. Capital<\/p>\n\n\n\n<p>2.&nbsp;&nbsp;&nbsp;&nbsp;&nbsp;&nbsp;&nbsp; Escuela Especial \u00abPaul Groussac\u00bb, Santiago del Estero, Dpto. Capital<\/p>\n\n\n\n<p>3.&nbsp;&nbsp;&nbsp;&nbsp;&nbsp;&nbsp;&nbsp; Escuela T\u00e9cnica N\u00ba 11 \u00abIndependencia\u00bb, Santiago del Estero, Dpto. Capital<\/p>\n\n\n\n<p>4.&nbsp;&nbsp;&nbsp;&nbsp;&nbsp;&nbsp;&nbsp; Escuela T\u00e9cnica N\u00ba 1, Santiago del Estero, Dpto. Capital<\/p>\n\n\n\n<p>5.&nbsp;&nbsp;&nbsp;&nbsp;&nbsp;&nbsp;&nbsp; Colegio Secundario \u00abJuan F. Maradona\u00bb, Beltr\u00e1n, Dpto. Robles<\/p>\n\n\n\n<p>6.&nbsp;&nbsp;&nbsp;&nbsp;&nbsp;&nbsp;&nbsp; Colegio Secundario Guardia Escolta, Guardia Escolta, Dpto. Belgrano<\/p>\n\n\n\n<p>7.&nbsp;&nbsp;&nbsp;&nbsp;&nbsp;&nbsp;&nbsp; Escuela T\u00e9cnica N\u00ba 5 \u00abRam\u00f3n Carrillo\u00bb, Fr\u00edas, Dpto. Choya<\/p>\n\n\n\n<p>8.&nbsp;&nbsp;&nbsp;&nbsp;&nbsp;&nbsp;&nbsp; Escuela Agrot\u00e9cnica&nbsp; De Fr\u00edas, Fr\u00edas, Dpto. Choya<\/p>\n\n\n\n<p>9.&nbsp;&nbsp;&nbsp;&nbsp;&nbsp;&nbsp;&nbsp; Escuela T\u00e9cnica N\u00ba 8 &#8211; Santiago del Estero, Dpto. Capital<\/p>\n\n\n\n<p>10.&nbsp;&nbsp;&nbsp;&nbsp;&nbsp; Colegio Secundario \u00ab7 De Noviembre\u00bb, Colonia El Simbolar, Dpto. Robles<\/p>\n\n\n\n<p>11.&nbsp;&nbsp;&nbsp;&nbsp;&nbsp; Colegio Secundario \u00abNicol\u00e1s Avellaneda\u00bb, Santiago del Estero, Dpto. Capital<\/p>\n\n\n\n<p>12.&nbsp;&nbsp;&nbsp;&nbsp;&nbsp; Escuela Especial Eva Per\u00f3n, Santiago del Estero, Dpto. Capital<\/p>\n\n\n\n<p>13.&nbsp;&nbsp;&nbsp;&nbsp;&nbsp; Escuela T\u00e9cnica N\u00ba 4, A\u00f1atuya, Dpto. General Taboada<\/p>\n\n\n\n<p>14.&nbsp;&nbsp;&nbsp;&nbsp;&nbsp; Escuela De Comercio \u00abRamon G\u00f3mez Cornet\u00bb, Termas de R\u00edo Hondo, Dpto. R\u00edo Hondo<\/p>\n\n\n\n<p>15.&nbsp;&nbsp;&nbsp;&nbsp;&nbsp; Escuela T\u00e9cnica N\u00ba 7, Termas de R\u00edo Hondo, Dpto. R\u00edo Hondo<\/p>\n\n\n\n<p>16.&nbsp;&nbsp;&nbsp;&nbsp;&nbsp; Colegio Secundario con Orientaci\u00f3n en Rob\u00f3tica y Programaci\u00f3n, La Banda, Dpto. Banda<\/p>\n\n\n\n<p>17.&nbsp;&nbsp;&nbsp;&nbsp;&nbsp; Colegio Secundario H\u00e9roes de Malvinas, La Banda, Dpto. Banda<\/p>\n\n\n\n<p>18.&nbsp;&nbsp;&nbsp;&nbsp;&nbsp; Escuela Secundaria Sor Antonia de Paz y Figueroa, Santiago del Estero, Dpto. Capital<\/p>\n\n\n\n<p>19.&nbsp;&nbsp;&nbsp;&nbsp;&nbsp; Colegio Secundario Divino Coraz\u00f3n de Jes\u00fas, El Bobadal, Dpto. Jim\u00e9nez<\/p>\n\n\n\n<p>20.&nbsp;&nbsp;&nbsp;&nbsp;&nbsp; Agrupamiento N\u00ba 019, Santo Domingo, Dpto. Pellegrini<\/p>\n\n\n\n<p>21.&nbsp;&nbsp;&nbsp;&nbsp;&nbsp; Colegio Secundario \u00abJorge Washington \u00c1balos\u00bb, Los Telares, Dpto. Salavina<\/p>\n\n\n\n<p>22.&nbsp;&nbsp;&nbsp;&nbsp;&nbsp; Colegio Secundario \u00abFlorentino Ameghino\u00bb, A\u00f1atuya, Dpto. General Taboada<\/p>\n\n\n\n<p>23.&nbsp;&nbsp;&nbsp;&nbsp;&nbsp; Escuela T\u00e9cnica N\u00ba 2 \u00abSantiago Barabino\u00bb, La Banda, Dpto. Banda<\/p>\n\n\n\n<p>24.&nbsp;&nbsp;&nbsp;&nbsp;&nbsp; Colegio Secundario \u00abTrejo y Sanabria\u00bb, Suncho Corral, Dpto. Juan Felipe Ibarra<\/p>\n\n\n\n<p>25.&nbsp;&nbsp;&nbsp;&nbsp;&nbsp; Colegio Agrot\u00e9cnico N\u00ba 6 \u00abNuestra Se\u00f1ora del Valle\u00bb, Los Juries, Dpto. General Taboada<\/p>\n\n\n\n<p>26.&nbsp;&nbsp;&nbsp;&nbsp;&nbsp; Colegio Secundario \u00abLeopoldo Lugones\u00bb, Ojo de Agua, Dpto. Ojo de Agua<\/p>\n\n\n\n<p><strong>Nivel Superior<a><\/a><\/strong><\/p>\n\n\n\n<p>1-&nbsp;&nbsp;&nbsp;&nbsp;&nbsp;&nbsp;&nbsp; E.S.P.E.A. N\u00b0 1 \u2013 Santiago del Estero, Dpto. Capital<\/p>\n\n\n\n<p>2-&nbsp;&nbsp;&nbsp;&nbsp;&nbsp;&nbsp;&nbsp; I.F.D. Monte Quemado &#8211; Monte Quemado, Dpto. Copo<\/p>\n\n\n\n<p>Nivel Secundario<\/p>\n\n\n\n<p>1-&nbsp;&nbsp;&nbsp;&nbsp;&nbsp;&nbsp;&nbsp; E.N.S. Manuel Belgrano &#8211; Santiago del Estero, Dpto. Capital<\/p>\n\n\n\n<p><strong>Modalidades Educativas<\/strong><\/p>\n\n\n\n<p>1.- Escuela de Formaci\u00f3n Profesional y Capacitaci\u00f3n Laboral N\u00b0 40 &#8211; Modalidad T\u00e9cnico Profesional -Pozo Hondo, Dpto. Jim\u00e9nez<\/p>\n\n\n\n<p>2.- Escuela Hospitalaria y Domiciliaria \u201cDr. Francisco Viano\u201d &#8211; Modalidad Hospitalaria y Domiciliaria &#8211; Santiago del Estero, Dpto. Capital<\/p>\n\n\n\n<p>3.- Escuela de Educaci\u00f3n B\u00e1sica de Adultos N\u00b0 1 &#8211; Modalidad Educaci\u00f3n de J\u00f3venes y Adultos &#8211; Santiago del Estero, Dpto. Capital<\/p>\n","protected":false},"excerpt":{"rendered":"<p>Mediante un comunicado, informaron desde el Consejo General de Educaci\u00f3n.<\/p>\n","protected":false},"author":2,"featured_media":46287,"comment_status":"open","ping_status":"open","sticky":false,"template":"","format":"standard","meta":{"om_disable_all_campaigns":false,"_monsterinsights_skip_tracking":false,"_monsterinsights_sitenote_active":false,"_monsterinsights_sitenote_note":"","_monsterinsights_sitenote_category":0,"_uf_show_specific_survey":0,"_uf_disable_surveys":false,"jetpack_post_was_ever_published":false,"_jetpack_newsletter_access":"","_jetpack_dont_email_post_to_subs":false,"_jetpack_newsletter_tier_id":0,"_jetpack_memberships_contains_paywalled_content":false,"_jetpack_memberships_contains_paid_content":false,"footnotes":"","jetpack_publicize_message":"","jetpack_publicize_feature_enabled":true,"jetpack_social_post_already_shared":false,"jetpack_social_options":{"image_generator_settings":{"template":"highway","default_image_id":0,"font":"","enabled":false},"version":2}},"categories":[4,19],"tags":[],"class_list":["post-46286","post","type-post","status-publish","format-standard","has-post-thumbnail","hentry","category-destacadas","category-educacion"],"aioseo_notices":[],"views":19,"jetpack_publicize_connections":[],"jetpack_featured_media_url":"https:\/\/i0.wp.com\/elterritorialweb.com.ar\/web\/wp-content\/uploads\/2022\/11\/image-2.png?fit=1024%2C1027&ssl=1","jetpack_sharing_enabled":true,"_links":{"self":[{"href":"https:\/\/elterritorialweb.com.ar\/web\/wp-json\/wp\/v2\/posts\/46286","targetHints":{"allow":["GET"]}}],"collection":[{"href":"https:\/\/elterritorialweb.com.ar\/web\/wp-json\/wp\/v2\/posts"}],"about":[{"href":"https:\/\/elterritorialweb.com.ar\/web\/wp-json\/wp\/v2\/types\/post"}],"author":[{"embeddable":true,"href":"https:\/\/elterritorialweb.com.ar\/web\/wp-json\/wp\/v2\/users\/2"}],"replies":[{"embeddable":true,"href":"https:\/\/elterritorialweb.com.ar\/web\/wp-json\/wp\/v2\/comments?post=46286"}],"version-history":[{"count":2,"href":"https:\/\/elterritorialweb.com.ar\/web\/wp-json\/wp\/v2\/posts\/46286\/revisions"}],"predecessor-version":[{"id":46289,"href":"https:\/\/elterritorialweb.com.ar\/web\/wp-json\/wp\/v2\/posts\/46286\/revisions\/46289"}],"wp:featuredmedia":[{"embeddable":true,"href":"https:\/\/elterritorialweb.com.ar\/web\/wp-json\/wp\/v2\/media\/46287"}],"wp:attachment":[{"href":"https:\/\/elterritorialweb.com.ar\/web\/wp-json\/wp\/v2\/media?parent=46286"}],"wp:term":[{"taxonomy":"category","embeddable":true,"href":"https:\/\/elterritorialweb.com.ar\/web\/wp-json\/wp\/v2\/categories?post=46286"},{"taxonomy":"post_tag","embeddable":true,"href":"https:\/\/elterritorialweb.com.ar\/web\/wp-json\/wp\/v2\/tags?post=46286"}],"curies":[{"name":"wp","href":"https:\/\/api.w.org\/{rel}","templated":true}]}}