{"id":46290,"date":"2022-11-13T18:27:04","date_gmt":"2022-11-13T18:27:04","guid":{"rendered":"http:\/\/elterritorialweb.com.ar\/web\/?p=46290"},"modified":"2022-11-13T18:27:04","modified_gmt":"2022-11-13T18:27:04","slug":"el-comite-de-emergencia-municipal-trabaja-en-la-asistencia-debido-a-la-tormenta","status":"publish","type":"post","link":"https:\/\/elterritorialweb.com.ar\/web\/el-comite-de-emergencia-municipal-trabaja-en-la-asistencia-debido-a-la-tormenta\/","title":{"rendered":"EL COMIT\u00c9 DE EMERGENCIA MUNICIPAL TRABAJA EN LA ASISTENCIA DEBIDO A LA TORMENTA"},"content":{"rendered":"\n<p>Las \u00e1reas de Defensa Civil, Arbolado Urbano, Tr\u00e1nsito, Servicios Urbanos, Obras Publicas y Electricidad realizaron un relevamiento de las situaciones presentadas y establecieron prioridades, para dar inicio a las asistencias de modo urgente.<\/p>\n\n\n\n<p>Las cuadrillas de las dependencias operativas municipales trabajan tanto en el despeje de \u00e1rboles, como con el colapso de los techos de viviendas precarias y hasta con veh\u00edculos que fueron afectados por las fuertes r\u00e1fagas de vientos.<\/p>\n\n\n\n<p>Ante el pron\u00f3stico que indica que las lluvias continuar\u00e1n durante las pr\u00f3ximas horas, el Comit\u00e9 de Emergencia continuar\u00e1 en alerta. Por lo que se informa a los vecinos que pueden comunicarse al tel\u00e9fono de Defensa Civil, al 6007819.<\/p>\n","protected":false},"excerpt":{"rendered":"<p>Tras la fuerte tormenta registrada en la ciudad, el Comit\u00e9 de Emergencia de la  Capital comenz\u00f3 a trabajar de manera inmediata en diferentes barrios para brindar asistencia ante los inconvenientes registrados, como \u00e1rboles y cables ca\u00eddos,  postes, entre otros.<\/p>\n","protected":false},"author":2,"featured_media":46291,"comment_status":"open","ping_status":"open","sticky":false,"template":"","format":"standard","meta":{"om_disable_all_campaigns":false,"_monsterinsights_skip_tracking":false,"_monsterinsights_sitenote_active":false,"_monsterinsights_sitenote_note":"","_monsterinsights_sitenote_category":0,"_uf_show_specific_survey":0,"_uf_disable_surveys":false,"jetpack_post_was_ever_published":false,"_jetpack_newsletter_access":"","_jetpack_dont_email_post_to_subs":false,"_jetpack_newsletter_tier_id":0,"_jetpack_memberships_contains_paywalled_content":false,"_jetpack_memberships_contains_paid_content":false,"footnotes":"","jetpack_publicize_message":"","jetpack_publicize_feature_enabled":true,"jetpack_social_post_already_shared":false,"jetpack_social_options":{"image_generator_settings":{"template":"highway","default_image_id":0,"font":"","enabled":false},"version":2}},"categories":[21],"tags":[],"class_list":["post-46290","post","type-post","status-publish","format-standard","has-post-thumbnail","hentry","category-locales"],"aioseo_notices":[],"views":10,"jetpack_publicize_connections":[],"jetpack_featured_media_url":"https:\/\/i0.wp.com\/elterritorialweb.com.ar\/web\/wp-content\/uploads\/2022\/11\/asistencia.jpeg?fit=1280%2C576&ssl=1","jetpack_sharing_enabled":true,"_links":{"self":[{"href":"https:\/\/elterritorialweb.com.ar\/web\/wp-json\/wp\/v2\/posts\/46290","targetHints":{"allow":["GET"]}}],"collection":[{"href":"https:\/\/elterritorialweb.com.ar\/web\/wp-json\/wp\/v2\/posts"}],"about":[{"href":"https:\/\/elterritorialweb.com.ar\/web\/wp-json\/wp\/v2\/types\/post"}],"author":[{"embeddable":true,"href":"https:\/\/elterritorialweb.com.ar\/web\/wp-json\/wp\/v2\/users\/2"}],"replies":[{"embeddable":true,"href":"https:\/\/elterritorialweb.com.ar\/web\/wp-json\/wp\/v2\/comments?post=46290"}],"version-history":[{"count":1,"href":"https:\/\/elterritorialweb.com.ar\/web\/wp-json\/wp\/v2\/posts\/46290\/revisions"}],"predecessor-version":[{"id":46292,"href":"https:\/\/elterritorialweb.com.ar\/web\/wp-json\/wp\/v2\/posts\/46290\/revisions\/46292"}],"wp:featuredmedia":[{"embeddable":true,"href":"https:\/\/elterritorialweb.com.ar\/web\/wp-json\/wp\/v2\/media\/46291"}],"wp:attachment":[{"href":"https:\/\/elterritorialweb.com.ar\/web\/wp-json\/wp\/v2\/media?parent=46290"}],"wp:term":[{"taxonomy":"category","embeddable":true,"href":"https:\/\/elterritorialweb.com.ar\/web\/wp-json\/wp\/v2\/categories?post=46290"},{"taxonomy":"post_tag","embeddable":true,"href":"https:\/\/elterritorialweb.com.ar\/web\/wp-json\/wp\/v2\/tags?post=46290"}],"curies":[{"name":"wp","href":"https:\/\/api.w.org\/{rel}","templated":true}]}}