{"id":46293,"date":"2022-11-13T19:24:37","date_gmt":"2022-11-13T19:24:37","guid":{"rendered":"http:\/\/elterritorialweb.com.ar\/web\/?p=46293"},"modified":"2022-11-13T19:24:38","modified_gmt":"2022-11-13T19:24:38","slug":"fernandez-macron-me-ha-acompanado-en-esta-lucha-de-hacer-una-america-latina-mas-integrada-al-mundo","status":"publish","type":"post","link":"https:\/\/elterritorialweb.com.ar\/web\/fernandez-macron-me-ha-acompanado-en-esta-lucha-de-hacer-una-america-latina-mas-integrada-al-mundo\/","title":{"rendered":"FERN\u00c1NDEZ: \u00abMACRON ME HA ACOMPA\u00d1ADO EN ESTA LUCHA DE HACER UNA AM\u00c9RICA LATINA M\u00c1S INTEGRADA AL MUNDO\u00bb"},"content":{"rendered":"\n<p>Durante una conferencia de prensa en la Embajada Argentina en Par\u00eds con medios nacionales e internacionales que cubrieron la visita oficial a Francia con motivo de la quinta edici\u00f3n del Foro de Par\u00eds sobre la Paz, el jefe de Estado valor\u00f3 \u201cla generosidad de Macron, por hacerme participar de este Foro\u201d, y asegur\u00f3 que \u201cvamos a seguir trabajando juntos en el G20\u201d.<\/p>\n\n\n\n<p>Precisamente, el mandatario argentino partir\u00e1 ma\u00f1ana hacia Bali, Indonesia, para participar de la cumbre del G20, donde el mi\u00e9rcoles 16 se reunir\u00e1 con la titular del FMI, Kristalina Georgieva.<\/p>\n\n\n\n<p>La situaci\u00f3n de Am\u00e9rica Latina y la guerra en Europa atravesaron los distintos encuentros que el Presidente argentino mantuvo esta semana con su par de Francia, en el marco de una \u201crelaci\u00f3n bilateral que nosotros privilegiamos\u201d. En ese sentido, apunt\u00f3 que \u201cpudimos analizar c\u00f3mo el continente est\u00e1 parado despu\u00e9s de las \u00faltimas elecciones\u201d, como las que se celebraron en Colombia y Brasil que concentraron la atenci\u00f3n en la regi\u00f3n durante el a\u00f1o.<\/p>\n\n\n\n<p>Tambi\u00e9n inform\u00f3 que \u201chablamos de los problemas vinculados a la Guerra\u201d, y de los \u201cefectos da\u00f1inos\u201d que el conflicto tiene especialmente en el Hemisferio Sur \u201cdonde no vuelan las balas pero se padece el hambre\u201d. Y a\u00f1adi\u00f3: \u201cPor lo tanto, creemos que a la hora de encontrar una soluci\u00f3n al problema b\u00e9lico, el Hemisferio Sur tiene que estar representado\u201d.<\/p>\n\n\n\n<p>El presidente sostuvo que con Macr\u00f3n coincidieron \u201cen tener reunirnos en el G20 con otros l\u00edderes para poder hablar sobre el tema de la guerra entre Rusia y Ucrania\u00bb, y asever\u00f3 que \u201cel mundo debe recuperar la paz inexorablemente; Nada es m\u00e1s revolucionario en el presente que recuperar la paz\u201d.<\/p>\n\n\n\n<p>Por \u00faltimo, el jefe de Estado argentino manifest\u00f3 la preocupaci\u00f3n que comparte con su par franc\u00e9s por el tema Venezuela. \u201cMacron me propuso que, aprovechando el Foro sobre la Paz, tratemos de volver a poner en marcha los mecanismos de grupo de contacto. As\u00ed pudimos escuchar a la oposici\u00f3n venezolana y al representante del gobierno venezolano que viaj\u00f3 a Par\u00eds\u201d, en lo que fue un \u201cbuen reinicio de conversaciones\u201d.<\/p>\n\n\n\n<p>Durante la visita oficial en Par\u00eds, Alberto Fern\u00e1ndez mantuvo una intensa agenda de trabajo que comenz\u00f3 el jueves con una reuni\u00f3n bilateral con Macron en el Palacio del El\u00edseo, con quien avanz\u00f3 en el fortalecimiento de la agenda conjunta en materia pol\u00edtica, social, econ\u00f3mica y comercial. M\u00e1s tarde particip\u00f3 del acto de lanzamiento del Laboratorio de Protecci\u00f3n Infantil en L\u00ednea, una iniciativa que involucra a Gobiernos, la sociedad civil y el sector privado para desarrollar soluciones concretas que permitan a los ni\u00f1os y ni\u00f1as ejercer sus derechos y garantizar su seguridad en el entorno digital.<\/p>\n\n\n\n<p>El mandatario argentino asisti\u00f3 ayer por la ma\u00f1ana a la ceremonia del 104 aniversario del Armisticio del 11 de noviembre de 1918 \u00abConmemoraci\u00f3n de la Victoria y la Paz, homenaje a todos los muertos por Francia\u00bb, realizada en el Arco del Triunfo. Por la tarde intervino en el panel \u201cEl universalismo desafiado por la guerra en Ucrania\u201d, que comparti\u00f3 junto a su par franc\u00e9s en el marco del Foro de Par\u00eds sobre la Paz.<\/p>\n\n\n\n<p>Antes de asistir a la cena ofrecida por el Gobierno franc\u00e9s en honor a los participantes del Foro, el jefe de Estado argentino particip\u00f3 junto a Macron y el presidente de Colombia, Gustavo Petro, del Encuentro sobre Venezuela, en el que expresaron su apoyo al relanzamiento de las negociaciones iniciadas en M\u00e9xico entre el gobierno de la Rep\u00fablica Bolivariana de Venezuela y la Plataforma Unitaria de la oposici\u00f3n de ese pa\u00eds.<\/p>\n\n\n\n<p>Esta ma\u00f1ana, el presidente mantuvo una reuni\u00f3n con la alcaldesa de Par\u00eds, Anne Hidalgo, junto a quien analiz\u00f3 la agenda conjunta en materia de derechos humanos, igualdad de g\u00e9nero y ambiente. Luego comparti\u00f3 un encuentro con representantes de la comunidad argentina en la sede de la Embajada.<\/p>\n\n\n\n<p>Acompa\u00f1aron al Presidente la primera dama Fabiola Y\u00e1\u00f1ez; el ministro de Relaciones Exteriores, Comercio Internacional y Culto, Santiago Cafiero; la portavoz de la Presidencia, Gabriela Cerruti; el secretario general de la Presidencia, Julio Vitobello; los embajadores en Francia y M\u00f3naco, Leonardo Costantino; y en Estados Unidos, Jorge Arg\u00fcello; y la embajadora ante la UNESCO, Marcela Losardo.<\/p>\n","protected":false},"excerpt":{"rendered":"<p>El presidente Alberto Fern\u00e1ndez destac\u00f3 hoy la mirada com\u00fan que mantiene con el presidente de Francia, Emmanuel Macron, sobre la situaci\u00f3n latinoamericana en relaci\u00f3n con \u201clos efectos da\u00f1inos de la guerra\u201d, y le agradeci\u00f3 acompa\u00f1amiento en \u201cla lucha por hacer una Am\u00e9rica Latina m\u00e1s igual y m\u00e1s integrada al mundo\u201d.<\/p>\n","protected":false},"author":2,"featured_media":46294,"comment_status":"open","ping_status":"open","sticky":false,"template":"","format":"standard","meta":{"om_disable_all_campaigns":false,"_monsterinsights_skip_tracking":false,"_monsterinsights_sitenote_active":false,"_monsterinsights_sitenote_note":"","_monsterinsights_sitenote_category":0,"_uf_show_specific_survey":0,"_uf_disable_surveys":false,"jetpack_post_was_ever_published":false,"_jetpack_newsletter_access":"","_jetpack_dont_email_post_to_subs":false,"_jetpack_newsletter_tier_id":0,"_jetpack_memberships_contains_paywalled_content":false,"_jetpack_memberships_contains_paid_content":false,"footnotes":"","jetpack_publicize_message":"","jetpack_publicize_feature_enabled":true,"jetpack_social_post_already_shared":false,"jetpack_social_options":{"image_generator_settings":{"template":"highway","default_image_id":0,"font":"","enabled":false},"version":2}},"categories":[18],"tags":[],"class_list":["post-46293","post","type-post","status-publish","format-standard","has-post-thumbnail","hentry","category-politica"],"aioseo_notices":[],"views":7,"jetpack_publicize_connections":[],"jetpack_featured_media_url":"https:\/\/i0.wp.com\/elterritorialweb.com.ar\/web\/wp-content\/uploads\/2022\/11\/AlbertoFernndezEnFrancia3.jpg?fit=1940%2C1293&ssl=1","jetpack_sharing_enabled":true,"_links":{"self":[{"href":"https:\/\/elterritorialweb.com.ar\/web\/wp-json\/wp\/v2\/posts\/46293","targetHints":{"allow":["GET"]}}],"collection":[{"href":"https:\/\/elterritorialweb.com.ar\/web\/wp-json\/wp\/v2\/posts"}],"about":[{"href":"https:\/\/elterritorialweb.com.ar\/web\/wp-json\/wp\/v2\/types\/post"}],"author":[{"embeddable":true,"href":"https:\/\/elterritorialweb.com.ar\/web\/wp-json\/wp\/v2\/users\/2"}],"replies":[{"embeddable":true,"href":"https:\/\/elterritorialweb.com.ar\/web\/wp-json\/wp\/v2\/comments?post=46293"}],"version-history":[{"count":1,"href":"https:\/\/elterritorialweb.com.ar\/web\/wp-json\/wp\/v2\/posts\/46293\/revisions"}],"predecessor-version":[{"id":46295,"href":"https:\/\/elterritorialweb.com.ar\/web\/wp-json\/wp\/v2\/posts\/46293\/revisions\/46295"}],"wp:featuredmedia":[{"embeddable":true,"href":"https:\/\/elterritorialweb.com.ar\/web\/wp-json\/wp\/v2\/media\/46294"}],"wp:attachment":[{"href":"https:\/\/elterritorialweb.com.ar\/web\/wp-json\/wp\/v2\/media?parent=46293"}],"wp:term":[{"taxonomy":"category","embeddable":true,"href":"https:\/\/elterritorialweb.com.ar\/web\/wp-json\/wp\/v2\/categories?post=46293"},{"taxonomy":"post_tag","embeddable":true,"href":"https:\/\/elterritorialweb.com.ar\/web\/wp-json\/wp\/v2\/tags?post=46293"}],"curies":[{"name":"wp","href":"https:\/\/api.w.org\/{rel}","templated":true}]}}