{"id":46304,"date":"2022-11-15T04:11:01","date_gmt":"2022-11-15T04:11:01","guid":{"rendered":"http:\/\/elterritorialweb.com.ar\/web\/?p=46304"},"modified":"2022-11-15T04:17:43","modified_gmt":"2022-11-15T04:17:43","slug":"fernandez-dentro-del-frente-tenemos-que-estar-juntos-para-evitar-que-el-pasado-vuelva-a-la-argentina","status":"publish","type":"post","link":"https:\/\/elterritorialweb.com.ar\/web\/fernandez-dentro-del-frente-tenemos-que-estar-juntos-para-evitar-que-el-pasado-vuelva-a-la-argentina\/","title":{"rendered":"FERN\u00c1NDEZ: \u00abDENTRO DEL FRENTE TENEMOS QUE ESTAR JUNTOS PARA EVITAR QUE EL PASADO VUELVA A LA ARGENTINA\u00bb"},"content":{"rendered":"\n<p>El presidente Alberto Fern\u00e1ndez reiter\u00f3 este lunes que resultan&nbsp;<strong>\u00abinsostenibles\u00bb los sobrecargos aplicados por el Fondo Monetario Internacional (FMI)&nbsp;<\/strong>y remarc\u00f3 que la Argentina reclama no ser tratada \u00abcon una suerte de intereses punitorios\u00bb.<\/p>\n\n\n\n<p>Fern\u00e1ndez asegur\u00f3 que la guerra en Ucrania le cost\u00f3 a la Argentina<strong>&nbsp;\u00ab5 mil millones de d\u00f3lares\u00bb porque debi\u00f3 pagar m\u00e1s caro energ\u00eda, alimentos y fertilizantes\u00bb<\/strong>&nbsp;y, por esa raz\u00f3n, remarc\u00f3 que \u00ablos montos (de sobrecargos) deben ser revisados\u00bb, en una entrevista con el portal informativo France 24 desde Bali, Indonesia, donde participa del G20.<\/p>\n\n\n\n<p>El Presidente pidi\u00f3 que Rusia y Ucrania \u00abencuentren una soluci\u00f3n\u00bb a la guerra, que es \u00abpadecida por el hemisferio sur\u00bb y tambi\u00e9n afecta de manera \u00abmuy cruenta\u00bb a Europa.<\/p>\n\n\n\n<p>\u00ab<strong>Las guerras son como el tango, se bailan de a dos, pero las responsabilidades no son las mismas. Hubo quien invadi\u00f3 el territorio de otro y eso comenz\u00f3 la disputa. A esta altura de acontecimientos, son los dos los que tienen que encontrar una soluci\u00f3n\u00bb<\/strong>, se\u00f1al\u00f3.<\/p>\n\n\n\n<p>Al respecto a\u00f1adi\u00f3: \u00abLa guerra que transcurre en el hemisferio norte es padecida por el hemisferio sur. Es adem\u00e1s muy cruenta porque hay un continente que est\u00e1 padeciendo: Europa. Por eso estoy planteando que nos sentemos para exigirle a las partes en disputa que encuentren una salida\u00bb.<\/p>\n\n\n\n<p>Adem\u00e1s, afirm\u00f3 que la guerra en Ucrania le cost\u00f3 a la Argentina\u00a0<strong>\u00ab5 mil millones de d\u00f3lares\u00bb\u00a0<\/strong>porque debi\u00f3 pagar m\u00e1s caro energ\u00eda, alimentos y fertilizantes\u00bb y, por esa raz\u00f3n, remarc\u00f3 que \u00ablos montos (de sobrecargos del FMI) deben ser revisados\u00bb.<\/p>\n\n\n\n<figure class=\"wp-block-embed is-type-rich is-provider-twitter wp-block-embed-twitter\"><div class=\"wp-block-embed__wrapper\">\n<div class=\"embed-twitter\"><blockquote class=\"twitter-tweet\" data-width=\"550\" data-dnt=\"true\"><p lang=\"es\" dir=\"ltr\">\ud83d\udcfa&quot;En el mundo en el que vivimos, no podemos vivir en guerra. No podemos ser complacientes con esa realidad, y debemos exigirle a las partes en disputa que encuentren una salida dialogada&quot;. El presidente <a href=\"https:\/\/twitter.com\/alferdez?ref_src=twsrc%5Etfw\">@alferdez<\/a> en la entrevista con <a href=\"https:\/\/twitter.com\/mperelman?ref_src=twsrc%5Etfw\">@mperelman<\/a> por <a href=\"https:\/\/twitter.com\/France24_es?ref_src=twsrc%5Etfw\">@FRANCE24_es<\/a>. <a href=\"https:\/\/t.co\/Nb9z0ycjeq\">pic.twitter.com\/Nb9z0ycjeq<\/a><\/p>&mdash; Alberto Fern\u00e1ndez Prensa (@alferdezprensa) <a href=\"https:\/\/twitter.com\/alferdezprensa\/status\/1592292896908398592?ref_src=twsrc%5Etfw\">November 14, 2022<\/a><\/blockquote><script async src=\"https:\/\/platform.twitter.com\/widgets.js\" charset=\"utf-8\"><\/script><\/div>\n<\/div><\/figure>\n\n\n\n<h3 class=\"wp-block-heading\">El Mercosur en agenda<\/h3>\n\n\n\n<p>Adem\u00e1s, Fern\u00e1ndez se\u00f1al\u00f3 el acuerdo entre la Uni\u00f3n Europea y el Mercosur es \u00abdif\u00edcil de implementar\u00bb, afirm\u00f3 que las tensiones dentro del oficialismo \u00abno son tan importantes como las presenta la prensa\u00bb, y estim\u00f3 que se dio \u00abun paso importante\u00bb para la reanudaci\u00f3n del di\u00e1logo en Venezuela a partir de la convocatoria del presidente de Francia, Emmanuel Macron.<\/p>\n\n\n\n<p>En cambio, se\u00f1al\u00f3 que el expresidente norteamericano Donald \u00abTrump hizo todo lo necesario por dividir a Venezuela y dejarla en una situaci\u00f3n de aislamiento\u00bb.<\/p>\n\n\n\n<p>\u00abHoy una parte de la oposici\u00f3n (venezolana) sigue cuestionando al Gobierno de (Nicol\u00e1s) Maduro. Tienen que recuperar el di\u00e1logo, encuentren un mecanismo para convivr democr\u00e1ticamente y resolver sus diferencias\u00bb, indic\u00f3 Fern\u00e1ndez.<\/p>\n\n\n\n<figure class=\"wp-block-embed is-type-rich is-provider-twitter wp-block-embed-twitter\"><div class=\"wp-block-embed__wrapper\">\n<div class=\"embed-twitter\"><blockquote class=\"twitter-tweet\" data-width=\"550\" data-dnt=\"true\"><p lang=\"es\" dir=\"ltr\">\ud83d\udcfa&quot;El mismo d\u00eda que nos reunimos con <a href=\"https:\/\/twitter.com\/EmmanuelMacron?ref_src=twsrc%5Etfw\">@EmmanuelMacron<\/a> y con <a href=\"https:\/\/twitter.com\/petrogustavo?ref_src=twsrc%5Etfw\">@petrogustavo<\/a>, la Uni\u00f3n Europea volv\u00eda a renovar las sanciones sobre Venezuela. Eso hay que terminarlo&quot;. El presidente <a href=\"https:\/\/twitter.com\/alferdez?ref_src=twsrc%5Etfw\">@alferdez<\/a> en la entrevista con <a href=\"https:\/\/twitter.com\/mperelman?ref_src=twsrc%5Etfw\">@mperelman<\/a> por <a href=\"https:\/\/twitter.com\/France24_es?ref_src=twsrc%5Etfw\">@FRANCE24_es<\/a>. <a href=\"https:\/\/t.co\/np0l4SjrJf\">pic.twitter.com\/np0l4SjrJf<\/a><\/p>&mdash; Alberto Fern\u00e1ndez Prensa (@alferdezprensa) <a href=\"https:\/\/twitter.com\/alferdezprensa\/status\/1592287167451041793?ref_src=twsrc%5Etfw\">November 14, 2022<\/a><\/blockquote><script async src=\"https:\/\/platform.twitter.com\/widgets.js\" charset=\"utf-8\"><\/script><\/div>\n<\/div><\/figure>\n\n\n\n<p>\u00abEl acuerdo UE-Mercosur lo firmaron los gobiernos de Mauricio Macri y de Jair Bolsonaro. Son acuerdos muy dif\u00edciles de implementar para Brasil y Argentina. Creo que el v\u00ednculo entre UE y Mercosur tiene que ser privilegiado, pero el acuerdo tiene que tener en cuenta las asimetr\u00edas que existen\u00bb, marc\u00f3 Fern\u00e1ndez y detall\u00f3 que \u00abla irrupci\u00f3n de la industria europea automotriz puede ser una gran problema para las econom\u00edas de Argentina y Brasil\u00bb.<\/p>\n\n\n\n<figure class=\"wp-block-embed is-type-rich is-provider-twitter wp-block-embed-twitter\"><div class=\"wp-block-embed__wrapper\">\n<div class=\"embed-twitter\"><blockquote class=\"twitter-tweet\" data-width=\"550\" data-dnt=\"true\"><p lang=\"es\" dir=\"ltr\">\ud83d\udcfa&quot;Trump hizo todo lo necesario por dividir a Venezuela. Hoy una parte de la oposici\u00f3n sigue cuestionando al Gobierno de Maduro. Tienen que recuperar el di\u00e1logo y resolver sus diferencias&quot;. El presidente <a href=\"https:\/\/twitter.com\/alferdez?ref_src=twsrc%5Etfw\">@alferdez<\/a> en la entrevista con <a href=\"https:\/\/twitter.com\/mperelman?ref_src=twsrc%5Etfw\">@mperelman<\/a> por <a href=\"https:\/\/twitter.com\/France24_es?ref_src=twsrc%5Etfw\">@FRANCE24_es<\/a>. <a href=\"https:\/\/t.co\/vwWrNAAM2C\">pic.twitter.com\/vwWrNAAM2C<\/a><\/p>&mdash; Alberto Fern\u00e1ndez Prensa (@alferdezprensa) <a href=\"https:\/\/twitter.com\/alferdezprensa\/status\/1592284763506716672?ref_src=twsrc%5Etfw\">November 14, 2022<\/a><\/blockquote><script async src=\"https:\/\/platform.twitter.com\/widgets.js\" charset=\"utf-8\"><\/script><\/div>\n<\/div><\/figure>\n\n\n\n<h3 class=\"wp-block-heading\">Sobre el Frente de Todos<\/h3>\n\n\n\n<p>Por otra parte, el Presidente asegur\u00f3 que \u00ablas tensiones\u00bb dentro del Frente de Todos \u00abno son tan importantes como las presenta la prensa\u00bb.<\/p>\n\n\n\n<p>\u00abTenemos miradas diferentes en algunas cosas, s\u00ed. Vamos a resolver las cosas como se resuelven en democracia. Mi responsabilidad en este tiempo es gobernar y resolver la inflaci\u00f3n, el deterioro de los salarios\u00bb, destac\u00f3.<\/p>\n\n\n\n<p>El mandatario asever\u00f3 que dentro del Frente est\u00e1n&nbsp;<strong>\u00abseguros de la necesidad de seguir juntos para evitar que el pasado vuelva a la Argentina\u00bb,<\/strong>&nbsp;ya que \u00abfue el pasado el que nos endeud\u00f3, el que cerr\u00f3 pymes. No queremos volver. Y para eso tenemos que estar unidos\u00bb, a\u00f1adi\u00f3.<\/p>\n\n\n\n<p>En ese sentido, Fern\u00e1ndez coment\u00f3 que en este momento no est\u00e1 analizando la posibilidad de competir por su reelecci\u00f3n en los comicios del a\u00f1o pr\u00f3ximo y ratific\u00f3 que su objetivo est\u00e1 orientado a \u00abdejar los cimientos firmes\u00bb para el pr\u00f3ximo per\u00edodo de Gobierno.<\/p>\n\n\n\n<p><strong>\u00abYo no pienso en eso\u00bb<\/strong>, respondi\u00f3 Fern\u00e1ndez cuando le preguntaron si competir\u00e1 para encabezar un nuevo per\u00edodo presidencial a partir del 2023 y agreg\u00f3:&nbsp;<strong>\u00abMi mayor preocupaci\u00f3n es que Argentina entre en una senda de crecimiento y de mejor distribuci\u00f3n de la riqueza\u00bb.<\/strong><\/p>\n","protected":false},"excerpt":{"rendered":"<p>El Presidente asegur\u00f3 que la guerra en Ucrania le cost\u00f3 al pa\u00eds \u00ab5 mil millones de d\u00f3lares\u00bb porque debi\u00f3 pagar m\u00e1s caro \u00abenerg\u00eda, alimentos y fertilizantes\u00bb y, por esa raz\u00f3n, remarc\u00f3 que \u00ablos montos (de sobrecargos) deben ser revisados\u00bb.<\/p>\n","protected":false},"author":2,"featured_media":46305,"comment_status":"open","ping_status":"open","sticky":false,"template":"","format":"standard","meta":{"om_disable_all_campaigns":false,"_monsterinsights_skip_tracking":false,"_monsterinsights_sitenote_active":false,"_monsterinsights_sitenote_note":"","_monsterinsights_sitenote_category":0,"_uf_show_specific_survey":0,"_uf_disable_surveys":false,"jetpack_post_was_ever_published":false,"_jetpack_newsletter_access":"","_jetpack_dont_email_post_to_subs":false,"_jetpack_newsletter_tier_id":0,"_jetpack_memberships_contains_paywalled_content":false,"_jetpack_memberships_contains_paid_content":false,"footnotes":"","jetpack_publicize_message":"","jetpack_publicize_feature_enabled":true,"jetpack_social_post_already_shared":false,"jetpack_social_options":{"image_generator_settings":{"template":"highway","default_image_id":0,"font":"","enabled":false},"version":2}},"categories":[4,18],"tags":[],"class_list":["post-46304","post","type-post","status-publish","format-standard","has-post-thumbnail","hentry","category-destacadas","category-politica"],"aioseo_notices":[],"views":6,"jetpack_publicize_connections":[],"jetpack_featured_media_url":"https:\/\/i0.wp.com\/elterritorialweb.com.ar\/web\/wp-content\/uploads\/2022\/11\/FERNANDEZ-EN-EL-G20.jpg?fit=680%2C454&ssl=1","jetpack_sharing_enabled":true,"_links":{"self":[{"href":"https:\/\/elterritorialweb.com.ar\/web\/wp-json\/wp\/v2\/posts\/46304","targetHints":{"allow":["GET"]}}],"collection":[{"href":"https:\/\/elterritorialweb.com.ar\/web\/wp-json\/wp\/v2\/posts"}],"about":[{"href":"https:\/\/elterritorialweb.com.ar\/web\/wp-json\/wp\/v2\/types\/post"}],"author":[{"embeddable":true,"href":"https:\/\/elterritorialweb.com.ar\/web\/wp-json\/wp\/v2\/users\/2"}],"replies":[{"embeddable":true,"href":"https:\/\/elterritorialweb.com.ar\/web\/wp-json\/wp\/v2\/comments?post=46304"}],"version-history":[{"count":1,"href":"https:\/\/elterritorialweb.com.ar\/web\/wp-json\/wp\/v2\/posts\/46304\/revisions"}],"predecessor-version":[{"id":46306,"href":"https:\/\/elterritorialweb.com.ar\/web\/wp-json\/wp\/v2\/posts\/46304\/revisions\/46306"}],"wp:featuredmedia":[{"embeddable":true,"href":"https:\/\/elterritorialweb.com.ar\/web\/wp-json\/wp\/v2\/media\/46305"}],"wp:attachment":[{"href":"https:\/\/elterritorialweb.com.ar\/web\/wp-json\/wp\/v2\/media?parent=46304"}],"wp:term":[{"taxonomy":"category","embeddable":true,"href":"https:\/\/elterritorialweb.com.ar\/web\/wp-json\/wp\/v2\/categories?post=46304"},{"taxonomy":"post_tag","embeddable":true,"href":"https:\/\/elterritorialweb.com.ar\/web\/wp-json\/wp\/v2\/tags?post=46304"}],"curies":[{"name":"wp","href":"https:\/\/api.w.org\/{rel}","templated":true}]}}