{"id":46307,"date":"2022-11-15T04:34:18","date_gmt":"2022-11-15T04:34:18","guid":{"rendered":"http:\/\/elterritorialweb.com.ar\/web\/?p=46307"},"modified":"2022-11-15T04:38:21","modified_gmt":"2022-11-15T04:38:21","slug":"casi-2-000-productos-de-primera-necesidad-ya-tienen-precios-justos","status":"publish","type":"post","link":"https:\/\/elterritorialweb.com.ar\/web\/casi-2-000-productos-de-primera-necesidad-ya-tienen-precios-justos\/","title":{"rendered":"CASI 2.000 PRODUCTOS DE PRIMERA NECESIDAD YA TIENEN PRECIOS JUSTOS"},"content":{"rendered":"\n<p>El programa&nbsp;<strong>Precios Justos, que establece la fijaci\u00f3n de precios de cerca de 2.000 productos de primera necesidad durante cuatro meses<\/strong>&nbsp;y un aumento m\u00e1ximo del 4% para otros 30.000 art\u00edculos durante el mismo per\u00edodo acordados entre la Secretar\u00eda de Comercio y las empresas y comercializadores minoristas, ya rige en todo el pa\u00eds, confirmaron a T\u00e9lam fuentes de la Secretar\u00eda de Comercio.<\/p>\n\n\n\n<p>El precio de los productos estar\u00e1 fijado de acuerdo al promedio de los valores de octubre y, sobre esa misma base, correr\u00e1 el aumento del 4% para el resto de la canasta de productos sin fijar para las empresas participantes, lo que permitir\u00e1 enhebrar una l\u00f3gica de variaci\u00f3n de precios similar para todo el sector y abordar de mejor manera las expectativas de inflaci\u00f3n para los pr\u00f3ximos meses.<\/p>\n\n\n\n<p>Las autoridades conf\u00edan\u00a0<strong>en que en los pr\u00f3ximos 10 d\u00edas termine de instalarse la se\u00f1al\u00e9tica que distinguir\u00e1 a los productos en las g\u00f3ndolas\u00a0<\/strong>y se avance con la capacitaci\u00f3n de inspectores que, para este programa, estar\u00e1 descentralizada y a cargo de los municipios.<\/p>\n\n\n\n<p>Actualmente ya est\u00e1 disponible la aplicaci\u00f3n para tel\u00e9fonos m\u00f3viles -Precios Justos, para tel\u00e9fonos con Android y IOs- que ya tuvo m\u00e1s de 100.000 descargas en las \u00faltimas jornadas y que permite ver la lista de productos incluidos, lectura de c\u00f3digos de barra y una opci\u00f3n para denunciar una diferencia de precios o faltantes.<\/p>\n\n\n\n<p>El objetivo de esta medida, aseguraron fuentes gubernamentales,&nbsp;<strong>es tener una pol\u00edtica de precios sostenible y previsible en el tiempo, que permita dar un orden tanto a los consumidores como a los productores<\/strong>&nbsp;-que ahora tendr\u00e1n certeza del momento en el que acceder\u00e1n a divisas para sumar insumos importados- y que tambi\u00e9n asegure el abastecimiento.<\/p>\n\n\n\n<p>De esta forma, se asegura evitar los abusos de empresas que, ante la incertidumbre, aceleraron la suba de precios desde julio \u00faltimo y que, ahora, tendr\u00e1n un l\u00edmite de aumentos del 4% que estar\u00e1 monitoreada a diario por la Secretar\u00eda de Comercio, a trav\u00e9s de sistemas electr\u00f3nicos y de la asistencia de los intendentes y los inspectores que podr\u00e1n fijar y cobrar las multas.<\/p>\n\n\n\n<p><strong>\u00abEstamos muy enfocados en seguir profundizando la hoja de ruta del ministro (Sergio Massa), que a poco de asumir plante\u00f3 un panorama que ten\u00eda que ver con lograr orden fiscal, acumulaci\u00f3n de reservas y como se lograron ambas cosas, se puede avanzar con lo que tiene que ver con la pol\u00edtica de precios<\/strong>\u00ab, manifest\u00f3 esta ma\u00f1ana el secretario de Comercio, Mat\u00edas Tombolini, en di\u00e1logo con Radio 10.<\/p>\n\n\n\n<p>La b\u00fasqueda de estos acuerdos sectorizados es reforzar la previsibilidad en torno a la pauta del 4% mensual para, as\u00ed, general una l\u00f3gica de aumentos similar entre rubros que permita desacelerar la inercia inflacionaria que desde hace ya varios meses gira en torno a un 7% mensual.<\/p>\n\n\n\n<p>El programa cuenta con el aval del sector privado y, entre ellos, el presidente de la Coordinadora de las Industrias de Productos Alimenticios (Copal), Daniel Funes de Rioja, destac\u00f3 que Precios Justos en un \u00abacuerdo voluntario\u00bb y que, si bien \u00abno es lo que va a resolver la inflaci\u00f3n\u00bb, es \u00abparte de un proceso\u00bb en ese sentido.<\/p>\n\n\n\n<p><strong>\u00abNo es un congelamiento sino un acuerdo voluntario que implica no mover los precios por cuatro meses<\/strong>\u00ab, afirm\u00f3 Funes de Rioja a la radio AM750.<\/p>\n\n\n\n<p>\u00abEsto no es lo que va a resolver la inflaci\u00f3n; esto es parte de un proceso donde hay cuestiones macroecon\u00f3micas, como la administraci\u00f3n eficiente del gasto fiscal y tener en cuenta que no se puede gastar m\u00e1s de lo que se genera ni presionar m\u00e1s fiscalmente al sector formal de la econom\u00eda\u00bb, agreg\u00f3 el dirigente empresarial.<\/p>\n","protected":false},"excerpt":{"rendered":"<p>El Programa tiene como objetivo contar con una pol\u00edtica de precios sostenible y previsible en el tiempo. Hay m\u00e1s de 113 empresas incluidas y 1.823 productos que se mantendr\u00e1n a precios constantes. <\/p>\n","protected":false},"author":2,"featured_media":46308,"comment_status":"open","ping_status":"open","sticky":false,"template":"","format":"standard","meta":{"om_disable_all_campaigns":false,"_monsterinsights_skip_tracking":false,"_monsterinsights_sitenote_active":false,"_monsterinsights_sitenote_note":"","_monsterinsights_sitenote_category":0,"_uf_show_specific_survey":0,"_uf_disable_surveys":false,"jetpack_post_was_ever_published":false,"_jetpack_newsletter_access":"","_jetpack_dont_email_post_to_subs":false,"_jetpack_newsletter_tier_id":0,"_jetpack_memberships_contains_paywalled_content":false,"_jetpack_memberships_contains_paid_content":false,"footnotes":"","jetpack_publicize_message":"","jetpack_publicize_feature_enabled":true,"jetpack_social_post_already_shared":false,"jetpack_social_options":{"image_generator_settings":{"template":"highway","default_image_id":0,"font":"","enabled":false},"version":2}},"categories":[4,2],"tags":[],"class_list":["post-46307","post","type-post","status-publish","format-standard","has-post-thumbnail","hentry","category-destacadas","category-economia"],"aioseo_notices":[],"views":12,"jetpack_publicize_connections":[],"jetpack_featured_media_url":"https:\/\/i0.wp.com\/elterritorialweb.com.ar\/web\/wp-content\/uploads\/2022\/11\/PRECIOS-JUSTOS.jpg?fit=600%2C365&ssl=1","jetpack_sharing_enabled":true,"_links":{"self":[{"href":"https:\/\/elterritorialweb.com.ar\/web\/wp-json\/wp\/v2\/posts\/46307","targetHints":{"allow":["GET"]}}],"collection":[{"href":"https:\/\/elterritorialweb.com.ar\/web\/wp-json\/wp\/v2\/posts"}],"about":[{"href":"https:\/\/elterritorialweb.com.ar\/web\/wp-json\/wp\/v2\/types\/post"}],"author":[{"embeddable":true,"href":"https:\/\/elterritorialweb.com.ar\/web\/wp-json\/wp\/v2\/users\/2"}],"replies":[{"embeddable":true,"href":"https:\/\/elterritorialweb.com.ar\/web\/wp-json\/wp\/v2\/comments?post=46307"}],"version-history":[{"count":3,"href":"https:\/\/elterritorialweb.com.ar\/web\/wp-json\/wp\/v2\/posts\/46307\/revisions"}],"predecessor-version":[{"id":46312,"href":"https:\/\/elterritorialweb.com.ar\/web\/wp-json\/wp\/v2\/posts\/46307\/revisions\/46312"}],"wp:featuredmedia":[{"embeddable":true,"href":"https:\/\/elterritorialweb.com.ar\/web\/wp-json\/wp\/v2\/media\/46308"}],"wp:attachment":[{"href":"https:\/\/elterritorialweb.com.ar\/web\/wp-json\/wp\/v2\/media?parent=46307"}],"wp:term":[{"taxonomy":"category","embeddable":true,"href":"https:\/\/elterritorialweb.com.ar\/web\/wp-json\/wp\/v2\/categories?post=46307"},{"taxonomy":"post_tag","embeddable":true,"href":"https:\/\/elterritorialweb.com.ar\/web\/wp-json\/wp\/v2\/tags?post=46307"}],"curies":[{"name":"wp","href":"https:\/\/api.w.org\/{rel}","templated":true}]}}