{"id":46314,"date":"2022-11-15T16:59:10","date_gmt":"2022-11-15T16:59:10","guid":{"rendered":"http:\/\/elterritorialweb.com.ar\/web\/?p=46314"},"modified":"2022-11-15T17:42:36","modified_gmt":"2022-11-15T17:42:36","slug":"la-pena-de-orellana-lucca-el-ultimo-encuentro-musical-del-ano","status":"publish","type":"post","link":"https:\/\/elterritorialweb.com.ar\/web\/la-pena-de-orellana-lucca-el-ultimo-encuentro-musical-del-ano\/","title":{"rendered":"LA PE\u00d1A DE ORELLANA LUCCA: EL \u00daLTIMO ENCUENTRO MUSICAL DEL A\u00d1O"},"content":{"rendered":"\n<p><strong>Orellana Lucca<\/strong> anunci\u00f3 a sus seguidores una nueva edici\u00f3n de <strong>La pe\u00f1a de Orellana Lucca<\/strong> junto a una atractiva grilla de reconocidos artistas, que estar\u00e1n presentes en Santiago del Estero, cerrando el a\u00f1o en la provincia a pura m\u00fasica.<\/p>\n\n\n\n<p>El evento de gran convocatoria se realizar\u00e1 el pr\u00f3ximo<strong> viernes 2 de diciembre desde las 21 en el Club Old Lions, <\/strong>y contar\u00e1 con artistas invitados consagrados, que animaran la noche pe\u00f1era y son: <strong>Bruno Arias, N\u00e9stor Garnica, Los Arcanos del Desierto, Natalia Barrionuevo, Mart\u00edn \u00c1balos y Leslie Rold\u00e1n.<\/strong><\/p>\n\n\n\n<p>Desde la organizaci\u00f3n informaron que las entradas anticipadas disponibles se las puede adquirir a trav\u00e9s <br><strong><a href=\"https:\/\/www.entradaweb.com.ar\/index.php?r=site\/detalles&amp;d=4e97751b\" data-type=\"URL\" data-id=\"https:\/\/www.entradaweb.com.ar\/index.php?r=site\/detalles&amp;d=4e97751b\">Entradaweb.com<\/a> <\/strong>en forma on line o en <strong>Pago Donde Nac\u00ed en Independencia 253 (Galer\u00eda Gigli)<\/strong>.<\/p>\n\n\n\n<figure class=\"wp-block-image size-large\"><a href=\"https:\/\/i0.wp.com\/elterritorialweb.com.ar\/web\/wp-content\/uploads\/2022\/11\/WhatsApp-Image-2022-11-14-at-17.54.13.jpeg\"><img data-recalc-dims=\"1\" decoding=\"async\" width=\"640\" height=\"582\" data-src=\"https:\/\/i0.wp.com\/elterritorialweb.com.ar\/web\/wp-content\/uploads\/2022\/11\/WhatsApp-Image-2022-11-14-at-17.54.13.jpeg?resize=640%2C582\" alt=\"\" class=\"wp-image-46318 lazyload\" data-srcset=\"https:\/\/i0.wp.com\/elterritorialweb.com.ar\/web\/wp-content\/uploads\/2022\/11\/WhatsApp-Image-2022-11-14-at-17.54.13.jpeg?resize=1024%2C931&amp;ssl=1 1024w, https:\/\/i0.wp.com\/elterritorialweb.com.ar\/web\/wp-content\/uploads\/2022\/11\/WhatsApp-Image-2022-11-14-at-17.54.13.jpeg?resize=300%2C273&amp;ssl=1 300w, https:\/\/i0.wp.com\/elterritorialweb.com.ar\/web\/wp-content\/uploads\/2022\/11\/WhatsApp-Image-2022-11-14-at-17.54.13.jpeg?resize=768%2C698&amp;ssl=1 768w, https:\/\/i0.wp.com\/elterritorialweb.com.ar\/web\/wp-content\/uploads\/2022\/11\/WhatsApp-Image-2022-11-14-at-17.54.13.jpeg?w=1080&amp;ssl=1 1080w\" data-sizes=\"(max-width: 640px) 100vw, 640px\" src=\"data:image\/svg+xml;base64,PHN2ZyB3aWR0aD0iMSIgaGVpZ2h0PSIxIiB4bWxucz0iaHR0cDovL3d3dy53My5vcmcvMjAwMC9zdmciPjwvc3ZnPg==\" style=\"--smush-placeholder-width: 640px; --smush-placeholder-aspect-ratio: 640\/582;\" \/><\/a><\/figure>\n\n\n\n<p><\/p>\n","protected":false},"excerpt":{"rendered":"<p>La cita ser\u00e1 el viernes 2 de diciembre en el Club Old Lions a las 21 horas.<\/p>\n","protected":false},"author":2,"featured_media":46315,"comment_status":"open","ping_status":"open","sticky":false,"template":"","format":"standard","meta":{"om_disable_all_campaigns":false,"_monsterinsights_skip_tracking":false,"_monsterinsights_sitenote_active":false,"_monsterinsights_sitenote_note":"","_monsterinsights_sitenote_category":0,"_uf_show_specific_survey":0,"_uf_disable_surveys":false,"jetpack_post_was_ever_published":false,"_jetpack_newsletter_access":"","_jetpack_dont_email_post_to_subs":false,"_jetpack_newsletter_tier_id":0,"_jetpack_memberships_contains_paywalled_content":false,"_jetpack_memberships_contains_paid_content":false,"footnotes":"","jetpack_publicize_message":"","jetpack_publicize_feature_enabled":true,"jetpack_social_post_already_shared":false,"jetpack_social_options":{"image_generator_settings":{"template":"highway","default_image_id":0,"font":"","enabled":false},"version":2}},"categories":[20],"tags":[],"class_list":["post-46314","post","type-post","status-publish","format-standard","has-post-thumbnail","hentry","category-especysociales"],"aioseo_notices":[],"views":15,"jetpack_publicize_connections":[],"jetpack_featured_media_url":"https:\/\/i0.wp.com\/elterritorialweb.com.ar\/web\/wp-content\/uploads\/2022\/11\/orellana-lucca.jpg?fit=853%2C450&ssl=1","jetpack_sharing_enabled":true,"_links":{"self":[{"href":"https:\/\/elterritorialweb.com.ar\/web\/wp-json\/wp\/v2\/posts\/46314","targetHints":{"allow":["GET"]}}],"collection":[{"href":"https:\/\/elterritorialweb.com.ar\/web\/wp-json\/wp\/v2\/posts"}],"about":[{"href":"https:\/\/elterritorialweb.com.ar\/web\/wp-json\/wp\/v2\/types\/post"}],"author":[{"embeddable":true,"href":"https:\/\/elterritorialweb.com.ar\/web\/wp-json\/wp\/v2\/users\/2"}],"replies":[{"embeddable":true,"href":"https:\/\/elterritorialweb.com.ar\/web\/wp-json\/wp\/v2\/comments?post=46314"}],"version-history":[{"count":3,"href":"https:\/\/elterritorialweb.com.ar\/web\/wp-json\/wp\/v2\/posts\/46314\/revisions"}],"predecessor-version":[{"id":46321,"href":"https:\/\/elterritorialweb.com.ar\/web\/wp-json\/wp\/v2\/posts\/46314\/revisions\/46321"}],"wp:featuredmedia":[{"embeddable":true,"href":"https:\/\/elterritorialweb.com.ar\/web\/wp-json\/wp\/v2\/media\/46315"}],"wp:attachment":[{"href":"https:\/\/elterritorialweb.com.ar\/web\/wp-json\/wp\/v2\/media?parent=46314"}],"wp:term":[{"taxonomy":"category","embeddable":true,"href":"https:\/\/elterritorialweb.com.ar\/web\/wp-json\/wp\/v2\/categories?post=46314"},{"taxonomy":"post_tag","embeddable":true,"href":"https:\/\/elterritorialweb.com.ar\/web\/wp-json\/wp\/v2\/tags?post=46314"}],"curies":[{"name":"wp","href":"https:\/\/api.w.org\/{rel}","templated":true}]}}