{"id":46322,"date":"2022-11-15T18:29:36","date_gmt":"2022-11-15T18:29:36","guid":{"rendered":"http:\/\/elterritorialweb.com.ar\/web\/?p=46322"},"modified":"2022-11-15T18:29:37","modified_gmt":"2022-11-15T18:29:37","slug":"un-vecino-del-barrio-primero-de-mayo-es-el-nuevo-beneficiario-de-emprendiendo-suenos","status":"publish","type":"post","link":"https:\/\/elterritorialweb.com.ar\/web\/un-vecino-del-barrio-primero-de-mayo-es-el-nuevo-beneficiario-de-emprendiendo-suenos\/","title":{"rendered":"UN VECINO DEL BARRIO PRIMERO DE MAYO ES EL NUEVO BENEFICIARIO DE \u00abEMPRENDIENDO SUE\u00d1OS\u00bb"},"content":{"rendered":"\n<p>En esta oportunidad el intendente Roger Nediani, junto al secretario de Coordinaci\u00f3n y Desarrollo Territorial, Mat\u00edas Nediani y el coordinador de la Oficina de Emprendedores, Marcelo Abraham, hicieron entrega de una carretilla, una bordeadora, una pala, un machete y una manguera para mejorar el trabajo del beneficiario, Roger Acu\u00f1a domiciliado en el barrio Primero de Mayo.<br>Este vecino emprendedor, se dedica a realizar trabajos de jardiner\u00eda como poda de \u00e1rboles, cortado de c\u00e9sped y mantenimiento de espacios verdes en general. Inici\u00f3 esta actividad despu\u00e9s de quedar desocupado por lo que puso en pr\u00e1ctica sus conocimientos en jardiner\u00eda para generar un ingreso para sostener a su familia.<br>Por su parte, el jefe comunal Nediani destac\u00f3 la determinaci\u00f3n de este vecino bande\u00f1o que busca hacer crecer su emprendimiento de manera independiente, agreg\u00f3: \u201cEl objetivo principal de este programa es apoyar a las personas que tienen ganas de trabajar y salir adelante superando situaciones personales y econ\u00f3micas dif\u00edciles, por lo que el municipio gestiona con recursos propios la entrega de herramientas e insumos que son elegidos por ellos mismos\u201d.<br>Los interesados en contratar los servicios brindados por Roger Acu\u00f1a, pueden comunicarse a trav\u00e9s del siguiente n\u00famero (0385) 155188583.<\/p>\n","protected":false},"excerpt":{"rendered":"<p>La comuna bande\u00f1a benefici\u00f3 a un nuevo vecino a trav\u00e9s del programa municipal \u201cEmprendiendo Sue\u00f1os\u201d, con la entrega de herramientas para potenciar su emprendiemiento de jardiner\u00eda.<\/p>\n","protected":false},"author":2,"featured_media":46323,"comment_status":"open","ping_status":"open","sticky":false,"template":"","format":"standard","meta":{"om_disable_all_campaigns":false,"_monsterinsights_skip_tracking":false,"_monsterinsights_sitenote_active":false,"_monsterinsights_sitenote_note":"","_monsterinsights_sitenote_category":0,"_uf_show_specific_survey":0,"_uf_disable_surveys":false,"jetpack_post_was_ever_published":false,"_jetpack_newsletter_access":"","_jetpack_dont_email_post_to_subs":false,"_jetpack_newsletter_tier_id":0,"_jetpack_memberships_contains_paywalled_content":false,"_jetpack_memberships_contains_paid_content":false,"footnotes":"","jetpack_publicize_message":"","jetpack_publicize_feature_enabled":true,"jetpack_social_post_already_shared":false,"jetpack_social_options":{"image_generator_settings":{"template":"highway","default_image_id":0,"font":"","enabled":false},"version":2}},"categories":[21],"tags":[],"class_list":["post-46322","post","type-post","status-publish","format-standard","has-post-thumbnail","hentry","category-locales"],"aioseo_notices":[],"views":10,"jetpack_publicize_connections":[],"jetpack_featured_media_url":"https:\/\/i0.wp.com\/elterritorialweb.com.ar\/web\/wp-content\/uploads\/2022\/11\/WhatsApp-Image-2022-11-15-at-13.15.53.jpeg?fit=1280%2C845&ssl=1","jetpack_sharing_enabled":true,"_links":{"self":[{"href":"https:\/\/elterritorialweb.com.ar\/web\/wp-json\/wp\/v2\/posts\/46322","targetHints":{"allow":["GET"]}}],"collection":[{"href":"https:\/\/elterritorialweb.com.ar\/web\/wp-json\/wp\/v2\/posts"}],"about":[{"href":"https:\/\/elterritorialweb.com.ar\/web\/wp-json\/wp\/v2\/types\/post"}],"author":[{"embeddable":true,"href":"https:\/\/elterritorialweb.com.ar\/web\/wp-json\/wp\/v2\/users\/2"}],"replies":[{"embeddable":true,"href":"https:\/\/elterritorialweb.com.ar\/web\/wp-json\/wp\/v2\/comments?post=46322"}],"version-history":[{"count":1,"href":"https:\/\/elterritorialweb.com.ar\/web\/wp-json\/wp\/v2\/posts\/46322\/revisions"}],"predecessor-version":[{"id":46324,"href":"https:\/\/elterritorialweb.com.ar\/web\/wp-json\/wp\/v2\/posts\/46322\/revisions\/46324"}],"wp:featuredmedia":[{"embeddable":true,"href":"https:\/\/elterritorialweb.com.ar\/web\/wp-json\/wp\/v2\/media\/46323"}],"wp:attachment":[{"href":"https:\/\/elterritorialweb.com.ar\/web\/wp-json\/wp\/v2\/media?parent=46322"}],"wp:term":[{"taxonomy":"category","embeddable":true,"href":"https:\/\/elterritorialweb.com.ar\/web\/wp-json\/wp\/v2\/categories?post=46322"},{"taxonomy":"post_tag","embeddable":true,"href":"https:\/\/elterritorialweb.com.ar\/web\/wp-json\/wp\/v2\/tags?post=46322"}],"curies":[{"name":"wp","href":"https:\/\/api.w.org\/{rel}","templated":true}]}}