{"id":46325,"date":"2022-11-15T19:29:03","date_gmt":"2022-11-15T19:29:03","guid":{"rendered":"http:\/\/elterritorialweb.com.ar\/web\/?p=46325"},"modified":"2022-11-15T19:29:03","modified_gmt":"2022-11-15T19:29:03","slug":"alberto-fernandez-se-reunio-con-el-presidente-chino-xi-jinping","status":"publish","type":"post","link":"https:\/\/elterritorialweb.com.ar\/web\/alberto-fernandez-se-reunio-con-el-presidente-chino-xi-jinping\/","title":{"rendered":"ALBERTO FERN\u00c1NDEZ SE REUNI\u00d3 CON EL PRESIDENTE CHINO XI JINPING"},"content":{"rendered":"\n<p>El mandatario argentino calific\u00f3 de positivo el encuentro y afirm\u00f3 que hablaron de \u201ctemas bilaterales\u201d, y de \u201ctemas que nos preocupan\u201d porque \u201clos dos somos profundos defensores del multilateralismo y del desarrollo con inclusi\u00f3n\u201d.<\/p>\n\n\n\n<p>El presidente destac\u00f3 que dialogaron sobre \u201cdos temas puntuales que nos preocupan: El primero fue la ampliaci\u00f3n del Swap, que venimos trabajando hace varios meses y no ten\u00edamos respuesta. Hoy nos inform\u00f3 que el Gobierno chino autoriz\u00f3 a que Argentina disponga libremente de los 5.000 millones de d\u00f3lares\u201d.<\/p>\n\n\n\n<p>\u201cPara nosotros esa es un gran noticia que agradecimos profundamente. Adem\u00e1s, me explic\u00f3 que es una excepci\u00f3n absoluta que hace China para con la Argentina y as\u00ed lo tomamos y as\u00ed lo agradecemos\u201d, a\u00f1adi\u00f3 el mandatario acompa\u00f1ado por el ministro de Relaciones Exteriores y Culto, Santiago Cafiero y el ministro de Econom\u00eda, Sergio Massa.<\/p>\n\n\n\n<p>En cuanto al segundo tema abordado, el presidente mencion\u00f3 que se trata de \u201cuna deuda que mantiene China por las represas Cepernic-N\u00e9stor Kirchner\u201d en la provincia de Santa Cruz. Y agreg\u00f3 que, tras reconocer \u201cque esa deuda est\u00e1 pendiente\u201d, el mandatario chino \u201cdio instrucciones al Consejo de Desarrollo que estaba acompa\u00f1\u00e1ndolo para que r\u00e1pidamente se pongan en marcha para poder cubrir esa deuda\u201d.<\/p>\n\n\n\n<p>Por su parte, Massa brind\u00f3 m\u00e1s detalles sobre la ampliaci\u00f3n del Swap: \u201cLo que representa para la Argentina, es contar con 5.000 millones de d\u00f3lares m\u00e1s en las reservas del Banco Central para el fortalecimiento de nuestra moneda. De manera tal que esto no solamente engrosa, si no que aumenta la capacidad de acci\u00f3n en el mercado \u00fanico libre de cambios del Banco\u201d.<\/p>\n\n\n\n<figure class=\"wp-block-image size-large\"><a href=\"https:\/\/i0.wp.com\/elterritorialweb.com.ar\/web\/wp-content\/uploads\/2022\/11\/reunion1.jpg\"><img data-recalc-dims=\"1\" decoding=\"async\" width=\"640\" height=\"426\" data-src=\"https:\/\/i0.wp.com\/elterritorialweb.com.ar\/web\/wp-content\/uploads\/2022\/11\/reunion1.jpg?resize=640%2C426\" alt=\"\" class=\"wp-image-46326 lazyload\" data-srcset=\"https:\/\/i0.wp.com\/elterritorialweb.com.ar\/web\/wp-content\/uploads\/2022\/11\/reunion1.jpg?resize=1024%2C682&amp;ssl=1 1024w, https:\/\/i0.wp.com\/elterritorialweb.com.ar\/web\/wp-content\/uploads\/2022\/11\/reunion1.jpg?resize=300%2C200&amp;ssl=1 300w, https:\/\/i0.wp.com\/elterritorialweb.com.ar\/web\/wp-content\/uploads\/2022\/11\/reunion1.jpg?resize=768%2C512&amp;ssl=1 768w, https:\/\/i0.wp.com\/elterritorialweb.com.ar\/web\/wp-content\/uploads\/2022\/11\/reunion1.jpg?resize=1536%2C1024&amp;ssl=1 1536w, https:\/\/i0.wp.com\/elterritorialweb.com.ar\/web\/wp-content\/uploads\/2022\/11\/reunion1.jpg?w=1940&amp;ssl=1 1940w, https:\/\/i0.wp.com\/elterritorialweb.com.ar\/web\/wp-content\/uploads\/2022\/11\/reunion1.jpg?w=1280 1280w\" data-sizes=\"(max-width: 640px) 100vw, 640px\" src=\"data:image\/svg+xml;base64,PHN2ZyB3aWR0aD0iMSIgaGVpZ2h0PSIxIiB4bWxucz0iaHR0cDovL3d3dy53My5vcmcvMjAwMC9zdmciPjwvc3ZnPg==\" style=\"--smush-placeholder-width: 640px; --smush-placeholder-aspect-ratio: 640\/426;\" \/><\/a><\/figure>\n\n\n\n<p>Durante el encuentro bilateral, las comitivas profundizaron la Asociaci\u00f3n Estrat\u00e9gica Integral que une a ambos pa\u00edses en el marco del actual \u201cA\u00f1o de la Amistad y la Cooperaci\u00f3n entre Argentina y China\u201d, inaugurado por los presidentes en ocasi\u00f3n del 50 aniversario de relaciones diplom\u00e1ticas que se conmemora este a\u00f1o. El acuerdo constituye un marco de referencia para fortalecer las \u00e1reas de trabajo conjunto en desarrollo e identificar nuevas tem\u00e1ticas de inter\u00e9s com\u00fan que ampl\u00eden la cooperaci\u00f3n.<\/p>\n\n\n\n<p>China es actualmente el segundo socio comercial y el segundo destino para las exportaciones argentinas. Existe gran potencial de desarrollo en materia financiera y de inversiones, por lo que ambos mandatarios coincidieron en impulsar un comercio bilateral m\u00e1s equilibrado, diversificado y agilizar los procesos de apertura de mercado.<\/p>\n\n\n\n<p>Por otra parte, el presidente destac\u00f3 el valioso respaldo de China para que Argentina est\u00e9 entre los primeros pa\u00edses a ser incorporado al grupo de los BRICS como miembro pleno.<\/p>\n\n\n\n<p>En tanto, en su calidad de presidente pro tempore de la CELAC, Alberto Fern\u00e1ndez convoc\u00f3 a su par de China a seguir trabajando en el marco del Plan de Acci\u00f3n CELAC-China 2022-2024, en el dise\u00f1o e implementaci\u00f3n de actividades de particular inter\u00e9s para todos los miembros de esta relaci\u00f3n estrat\u00e9gica.<\/p>\n\n\n\n<p>Por \u00faltimo, el mandatario reiter\u00f3 a Xi Jinping el inter\u00e9s de avanzar en la creaci\u00f3n de una Subcomisi\u00f3n de Asuntos Oce\u00e1nicos, Ant\u00e1rticos y de Conservaci\u00f3n, con el objetivo de afianzar la cooperaci\u00f3n en la conservaci\u00f3n de los recursos mar\u00edtimos. Y agradeci\u00f3 el apoyo que China brinda a la posici\u00f3n argentina en la cuesti\u00f3n de las Islas Malvinas, especialmente a trav\u00e9s de sus intervenciones como miembro del Comit\u00e9 Especial de Descolonizaci\u00f3n de la ONU.<\/p>\n\n\n\n<p>Acompa\u00f1aron al mandatario durante los ministros de Relaciones Exteriores, Comercio Internacional y Culto, Santiago Cafiero; y de Econom\u00eda, Sergio Massa; el vicejefe de Gabinete, Juan Manuel Olmos; el secretario general de la Presidencia, Julio Vitobello; la portavoz de la Presidencia, Gabriela Cerruti; la secretaria de Energ\u00eda, Flavia Royon; y la jefa de Gabinete de la Canciller\u00eda, Luciana Tito.<\/p>\n","protected":false},"excerpt":{"rendered":"<p>El presidente Alberto Fern\u00e1ndez mantuvo hoy una reuni\u00f3n bilateral con su par de la Rep\u00fablica Popular China, Xi Jinping, en donde dialogaron sobre el v\u00ednculo econ\u00f3mico y comercial que mantienen ambos pa\u00edses y avanzaron en una agenda com\u00fan en materia de seguridad energ\u00e9tica y alimentaria, en el marco de la 17\u00aa Cumbre de L\u00edderes del G20.<\/p>\n","protected":false},"author":2,"featured_media":46327,"comment_status":"open","ping_status":"open","sticky":false,"template":"","format":"standard","meta":{"om_disable_all_campaigns":false,"_monsterinsights_skip_tracking":false,"_monsterinsights_sitenote_active":false,"_monsterinsights_sitenote_note":"","_monsterinsights_sitenote_category":0,"_uf_show_specific_survey":0,"_uf_disable_surveys":false,"jetpack_post_was_ever_published":false,"_jetpack_newsletter_access":"","_jetpack_dont_email_post_to_subs":false,"_jetpack_newsletter_tier_id":0,"_jetpack_memberships_contains_paywalled_content":false,"_jetpack_memberships_contains_paid_content":false,"footnotes":"","jetpack_publicize_message":"","jetpack_publicize_feature_enabled":true,"jetpack_social_post_already_shared":false,"jetpack_social_options":{"image_generator_settings":{"template":"highway","default_image_id":0,"font":"","enabled":false},"version":2}},"categories":[18],"tags":[],"class_list":["post-46325","post","type-post","status-publish","format-standard","has-post-thumbnail","hentry","category-politica"],"aioseo_notices":[],"views":10,"jetpack_publicize_connections":[],"jetpack_featured_media_url":"https:\/\/i0.wp.com\/elterritorialweb.com.ar\/web\/wp-content\/uploads\/2022\/11\/reunion2.jpg?fit=1940%2C1293&ssl=1","jetpack_sharing_enabled":true,"_links":{"self":[{"href":"https:\/\/elterritorialweb.com.ar\/web\/wp-json\/wp\/v2\/posts\/46325","targetHints":{"allow":["GET"]}}],"collection":[{"href":"https:\/\/elterritorialweb.com.ar\/web\/wp-json\/wp\/v2\/posts"}],"about":[{"href":"https:\/\/elterritorialweb.com.ar\/web\/wp-json\/wp\/v2\/types\/post"}],"author":[{"embeddable":true,"href":"https:\/\/elterritorialweb.com.ar\/web\/wp-json\/wp\/v2\/users\/2"}],"replies":[{"embeddable":true,"href":"https:\/\/elterritorialweb.com.ar\/web\/wp-json\/wp\/v2\/comments?post=46325"}],"version-history":[{"count":1,"href":"https:\/\/elterritorialweb.com.ar\/web\/wp-json\/wp\/v2\/posts\/46325\/revisions"}],"predecessor-version":[{"id":46328,"href":"https:\/\/elterritorialweb.com.ar\/web\/wp-json\/wp\/v2\/posts\/46325\/revisions\/46328"}],"wp:featuredmedia":[{"embeddable":true,"href":"https:\/\/elterritorialweb.com.ar\/web\/wp-json\/wp\/v2\/media\/46327"}],"wp:attachment":[{"href":"https:\/\/elterritorialweb.com.ar\/web\/wp-json\/wp\/v2\/media?parent=46325"}],"wp:term":[{"taxonomy":"category","embeddable":true,"href":"https:\/\/elterritorialweb.com.ar\/web\/wp-json\/wp\/v2\/categories?post=46325"},{"taxonomy":"post_tag","embeddable":true,"href":"https:\/\/elterritorialweb.com.ar\/web\/wp-json\/wp\/v2\/tags?post=46325"}],"curies":[{"name":"wp","href":"https:\/\/api.w.org\/{rel}","templated":true}]}}