{"id":46329,"date":"2022-11-15T19:47:49","date_gmt":"2022-11-15T19:47:49","guid":{"rendered":"http:\/\/elterritorialweb.com.ar\/web\/?p=46329"},"modified":"2022-11-15T19:47:51","modified_gmt":"2022-11-15T19:47:51","slug":"la-inflacion-de-octubre-fue-de-63-y-acumulo-un-88-en-lo-que-va-del-ano","status":"publish","type":"post","link":"https:\/\/elterritorialweb.com.ar\/web\/la-inflacion-de-octubre-fue-de-63-y-acumulo-un-88-en-lo-que-va-del-ano\/","title":{"rendered":"LA INFLACI\u00d3N DE OCTUBRE FUE DE 6,3% Y ACUMUL\u00d3 UN 88% EN LO QUE VA DEL A\u00d1O"},"content":{"rendered":"\n<p>El \u00edndice de precios al consumidor (IPC-Costo de Vida) subi\u00f3 6,3% en octubre, con lo que acumul\u00f3 en los diez primeros meses del a\u00f1o un alza del 76,6%, inform\u00f3 este martes el Instituto Nacional de Estad\u00edstica y Censos (Indec).<\/p>\n\n\n\n<p>Adem\u00e1s, los precios a nivel minorista entre octubre de este a\u00f1o e igual mes del 2021 acumulan un incremento del 88%. De esta manera, la inflaci\u00f3n subi\u00f3 un punto con respecto al 6.2 que se registr\u00f3 en septiembre y se estima que a fin de a\u00f1o el total acumulado en el 2022 ronde el 90% de incremento.<\/p>\n\n\n\n<p>Con un 12.1% de incremento, el rubro&nbsp;<strong>Comunicaci\u00f3n&nbsp;<\/strong>fue el de mayor aumento en el mes impulsado por la suba de los servicios de telefon\u00eda e internet.<strong>&nbsp;Vivienda, Agua, Electricidad, Gas y otros Combustibles<\/strong>&nbsp;es la segunda categor\u00eda que m\u00e1s incrementos registr\u00f3, con un 7,5% en el \u00faltimo mes, donde se destac\u00f3 el aumento de los servicios de electricidad y gas por la segmentaci\u00f3n tarifaria.<\/p>\n\n\n\n<p>El rubro&nbsp;<strong>Equipamiento y Mantenimiento del Hogar&nbsp;<\/strong>aument\u00f3 un 4,9%; la divisi\u00f3n&nbsp;<strong>Salud<\/strong>, un 7,1%; mientras que las subas de peajes y combustibles, y el arrastre que dej\u00f3 el alza de las tarifas del transporte p\u00fablico en septiembre, impactaron sobre la divisi\u00f3n&nbsp;<strong>Transporte&nbsp;<\/strong>que aument\u00f3 un 4,5%.<\/p>\n\n\n\n<p>La suba de<strong>&nbsp;Alimentos<\/strong>&nbsp;y bebidas no alcoh\u00f3licas del 6,2% fue lo que m\u00e1s incidi\u00f3 en todas las regiones, destac\u00e1ndose el aumento de Verduras, tub\u00e9rculos y legumbres; y Frutas.<\/p>\n","protected":false},"excerpt":{"rendered":"<p>Los datos del informe de Instituto Nacional de Estad\u00edsticas y censos se\u00f1alan que el \u00edndice acumula un 76,6% en los primeros diez meses de 2022.<\/p>\n","protected":false},"author":2,"featured_media":46330,"comment_status":"open","ping_status":"open","sticky":false,"template":"","format":"standard","meta":{"om_disable_all_campaigns":false,"_monsterinsights_skip_tracking":false,"_monsterinsights_sitenote_active":false,"_monsterinsights_sitenote_note":"","_monsterinsights_sitenote_category":0,"_uf_show_specific_survey":0,"_uf_disable_surveys":false,"jetpack_post_was_ever_published":false,"_jetpack_newsletter_access":"","_jetpack_dont_email_post_to_subs":false,"_jetpack_newsletter_tier_id":0,"_jetpack_memberships_contains_paywalled_content":false,"_jetpack_memberships_contains_paid_content":false,"footnotes":"","jetpack_publicize_message":"","jetpack_publicize_feature_enabled":true,"jetpack_social_post_already_shared":false,"jetpack_social_options":{"image_generator_settings":{"template":"highway","default_image_id":0,"font":"","enabled":false},"version":2}},"categories":[4,2],"tags":[],"class_list":["post-46329","post","type-post","status-publish","format-standard","has-post-thumbnail","hentry","category-destacadas","category-economia"],"aioseo_notices":[],"views":9,"jetpack_publicize_connections":[],"jetpack_featured_media_url":"https:\/\/i0.wp.com\/elterritorialweb.com.ar\/web\/wp-content\/uploads\/2022\/11\/image-3.png?fit=1200%2C677&ssl=1","jetpack_sharing_enabled":true,"_links":{"self":[{"href":"https:\/\/elterritorialweb.com.ar\/web\/wp-json\/wp\/v2\/posts\/46329","targetHints":{"allow":["GET"]}}],"collection":[{"href":"https:\/\/elterritorialweb.com.ar\/web\/wp-json\/wp\/v2\/posts"}],"about":[{"href":"https:\/\/elterritorialweb.com.ar\/web\/wp-json\/wp\/v2\/types\/post"}],"author":[{"embeddable":true,"href":"https:\/\/elterritorialweb.com.ar\/web\/wp-json\/wp\/v2\/users\/2"}],"replies":[{"embeddable":true,"href":"https:\/\/elterritorialweb.com.ar\/web\/wp-json\/wp\/v2\/comments?post=46329"}],"version-history":[{"count":1,"href":"https:\/\/elterritorialweb.com.ar\/web\/wp-json\/wp\/v2\/posts\/46329\/revisions"}],"predecessor-version":[{"id":46331,"href":"https:\/\/elterritorialweb.com.ar\/web\/wp-json\/wp\/v2\/posts\/46329\/revisions\/46331"}],"wp:featuredmedia":[{"embeddable":true,"href":"https:\/\/elterritorialweb.com.ar\/web\/wp-json\/wp\/v2\/media\/46330"}],"wp:attachment":[{"href":"https:\/\/elterritorialweb.com.ar\/web\/wp-json\/wp\/v2\/media?parent=46329"}],"wp:term":[{"taxonomy":"category","embeddable":true,"href":"https:\/\/elterritorialweb.com.ar\/web\/wp-json\/wp\/v2\/categories?post=46329"},{"taxonomy":"post_tag","embeddable":true,"href":"https:\/\/elterritorialweb.com.ar\/web\/wp-json\/wp\/v2\/tags?post=46329"}],"curies":[{"name":"wp","href":"https:\/\/api.w.org\/{rel}","templated":true}]}}