{"id":46335,"date":"2022-11-16T13:31:34","date_gmt":"2022-11-16T13:31:34","guid":{"rendered":"http:\/\/elterritorialweb.com.ar\/web\/?p=46335"},"modified":"2022-11-16T13:31:34","modified_gmt":"2022-11-16T13:31:34","slug":"los-lideres-del-g20-respaldan-el-pedido-de-alberto-fernandez-al-fmi","status":"publish","type":"post","link":"https:\/\/elterritorialweb.com.ar\/web\/los-lideres-del-g20-respaldan-el-pedido-de-alberto-fernandez-al-fmi\/","title":{"rendered":"LOS LIDERES DEL G20 RESPALDAN EL PEDIDO DE ALBERTO FERN\u00c1NDEZ AL FMI"},"content":{"rendered":"\n<p>El presidente Alberto Fern\u00e1ndez recibi\u00f3\u00a0<strong>un s\u00f3lido respaldo por parte de los l\u00edderes del G20<\/strong>\u00a0en relaci\u00f3n al planteo que solicita la revisi\u00f3n de la pol\u00edtica de sobrecargos del Fondo Monetario Internacional. La declaraci\u00f3n final se da despu\u00e9s\u00a0<strong>de\u00a0la reuni\u00f3n del mandatario con la titular del organismo internacional, Kristalina Georgieva.<\/strong><\/p>\n\n\n\n<p>De esta forma avalan el pedido que el Gobierno argentino viene realizando en los \u00faltimos meses en distintos foros, en sus negociaciones bilaterales con el organismo de cr\u00e9dito y en concordancia con la iniciativa planteada\u00a0<strong>por nuestro pa\u00eds en la cumbre de Roma en octubre de 2021.<\/strong><\/p>\n\n\n\n<p>Dicho documento se\u00f1ala en su punto 33 que los mandatarios firmantes est\u00e1n&nbsp;<strong>\u00abcomprometidos a apoyar a todos los pa\u00edses vulnerables para que se recuperen juntos y m\u00e1s fuertes\u00bb<\/strong>&nbsp;y destaca \u00ablos compromisos por un monto de u$s81.600 millones a trav\u00e9s de la canalizaci\u00f3n voluntaria de Derechos Especiales de Giro (DEG) o contribuciones equivalentes\u00bb, exhortando as\u00ed al compromiso de todos los pa\u00edses capaces de cumplir la ambici\u00f3n global total de u$s100.000 millones de contribuciones voluntarias para los pa\u00edses en desarrollo.<\/p>\n\n\n\n<figure class=\"wp-block-image size-full\"><a href=\"https:\/\/i0.wp.com\/elterritorialweb.com.ar\/web\/wp-content\/uploads\/2022\/11\/image-4.png\"><img data-recalc-dims=\"1\" decoding=\"async\" width=\"640\" height=\"361\" data-src=\"https:\/\/i0.wp.com\/elterritorialweb.com.ar\/web\/wp-content\/uploads\/2022\/11\/image-4.png?resize=640%2C361\" alt=\"\" class=\"wp-image-46337 lazyload\" data-srcset=\"https:\/\/i0.wp.com\/elterritorialweb.com.ar\/web\/wp-content\/uploads\/2022\/11\/image-4.png?w=790&amp;ssl=1 790w, https:\/\/i0.wp.com\/elterritorialweb.com.ar\/web\/wp-content\/uploads\/2022\/11\/image-4.png?resize=300%2C169&amp;ssl=1 300w, https:\/\/i0.wp.com\/elterritorialweb.com.ar\/web\/wp-content\/uploads\/2022\/11\/image-4.png?resize=768%2C433&amp;ssl=1 768w\" data-sizes=\"(max-width: 640px) 100vw, 640px\" src=\"data:image\/svg+xml;base64,PHN2ZyB3aWR0aD0iMSIgaGVpZ2h0PSIxIiB4bWxucz0iaHR0cDovL3d3dy53My5vcmcvMjAwMC9zdmciPjwvc3ZnPg==\" style=\"--smush-placeholder-width: 640px; --smush-placeholder-aspect-ratio: 640\/361;\" \/><\/a><\/figure>\n\n\n\n<p>Adem\u00e1s,&nbsp;<strong>resaltan la puesta en funcionamiento del Resilience and Sustainability Trust (RST)<\/strong>, destinado a la ayuda de los \u00abpa\u00edses de bajos ingresos, los peque\u00f1os Estados y los pa\u00edses vulnerables de ingresos medios\u00bb a abordar los desaf\u00edos estructurales a largo plazo que plantean riesgos macroecon\u00f3micos, incluidos los derivados de las pandemias y el cambio clim\u00e1tico.<\/p>\n\n\n\n<p>Del mismo modo se pidieron compromisos adicionales y contribuciones oportunas al RST y al Poverty Reduction and Growth Trust (PRGT), a fin de satisfacer las necesidades de financiamiento.<\/p>\n\n\n\n<p>Desde el Gobierno argentino comunicaron que sigue firme su<strong>&nbsp;\u00abcompromiso para evitar el hambre de los m\u00e1s vulnerables, utilizando todas las herramientas disponibles para hacer frente a la crisis alimentaria mundial.<\/strong>&nbsp;A ello se suma promover un comercio agr\u00edcola abierto, transparente, inclusivo, predecible y no discriminatorio; en especial, se\u00f1ala la necesidad de actualizar las reglas multilaterales de comercio agr\u00edcolas, facilitar el flujo de los bienes agr\u00edcolas, y disminuir sus distorsiones\u00bb.<\/p>\n\n\n\n<p>Seg\u00fan indicaron desde la Presidencia, buscar\u00e1n<strong>&nbsp;\u00abtomar acciones coordinadas para hacer frente a los retos de seguridad alimentaria, incluyendo la suba de los precios y el d\u00e9ficit global de materias primas y fertilizantes\u00bb.<\/strong><\/p>\n","protected":false},"excerpt":{"rendered":"<p>En la declaraci\u00f3n final de la cumbre, los miembros solicitaron la revisi\u00f3n de los sobrecargos en el acuerdo firmado por el Gobierno y se mostraron \u00abcomprometidos a apoyar a todos los pa\u00edses vulnerables para que se recuperen juntos y m\u00e1s fuertes\u00bb<\/p>\n","protected":false},"author":2,"featured_media":46336,"comment_status":"open","ping_status":"open","sticky":false,"template":"","format":"standard","meta":{"om_disable_all_campaigns":false,"_monsterinsights_skip_tracking":false,"_monsterinsights_sitenote_active":false,"_monsterinsights_sitenote_note":"","_monsterinsights_sitenote_category":0,"_uf_show_specific_survey":0,"_uf_disable_surveys":false,"jetpack_post_was_ever_published":false,"_jetpack_newsletter_access":"","_jetpack_dont_email_post_to_subs":false,"_jetpack_newsletter_tier_id":0,"_jetpack_memberships_contains_paywalled_content":false,"_jetpack_memberships_contains_paid_content":false,"footnotes":"","jetpack_publicize_message":"","jetpack_publicize_feature_enabled":true,"jetpack_social_post_already_shared":false,"jetpack_social_options":{"image_generator_settings":{"template":"highway","default_image_id":0,"font":"","enabled":false},"version":2}},"categories":[18],"tags":[],"class_list":["post-46335","post","type-post","status-publish","format-standard","has-post-thumbnail","hentry","category-politica"],"aioseo_notices":[],"views":9,"jetpack_publicize_connections":[],"jetpack_featured_media_url":"https:\/\/i0.wp.com\/elterritorialweb.com.ar\/web\/wp-content\/uploads\/2022\/11\/G20-INDONESIA-scaled.jpg?fit=2560%2C1670&ssl=1","jetpack_sharing_enabled":true,"_links":{"self":[{"href":"https:\/\/elterritorialweb.com.ar\/web\/wp-json\/wp\/v2\/posts\/46335","targetHints":{"allow":["GET"]}}],"collection":[{"href":"https:\/\/elterritorialweb.com.ar\/web\/wp-json\/wp\/v2\/posts"}],"about":[{"href":"https:\/\/elterritorialweb.com.ar\/web\/wp-json\/wp\/v2\/types\/post"}],"author":[{"embeddable":true,"href":"https:\/\/elterritorialweb.com.ar\/web\/wp-json\/wp\/v2\/users\/2"}],"replies":[{"embeddable":true,"href":"https:\/\/elterritorialweb.com.ar\/web\/wp-json\/wp\/v2\/comments?post=46335"}],"version-history":[{"count":1,"href":"https:\/\/elterritorialweb.com.ar\/web\/wp-json\/wp\/v2\/posts\/46335\/revisions"}],"predecessor-version":[{"id":46338,"href":"https:\/\/elterritorialweb.com.ar\/web\/wp-json\/wp\/v2\/posts\/46335\/revisions\/46338"}],"wp:featuredmedia":[{"embeddable":true,"href":"https:\/\/elterritorialweb.com.ar\/web\/wp-json\/wp\/v2\/media\/46336"}],"wp:attachment":[{"href":"https:\/\/elterritorialweb.com.ar\/web\/wp-json\/wp\/v2\/media?parent=46335"}],"wp:term":[{"taxonomy":"category","embeddable":true,"href":"https:\/\/elterritorialweb.com.ar\/web\/wp-json\/wp\/v2\/categories?post=46335"},{"taxonomy":"post_tag","embeddable":true,"href":"https:\/\/elterritorialweb.com.ar\/web\/wp-json\/wp\/v2\/tags?post=46335"}],"curies":[{"name":"wp","href":"https:\/\/api.w.org\/{rel}","templated":true}]}}