{"id":46342,"date":"2022-11-16T14:04:07","date_gmt":"2022-11-16T14:04:07","guid":{"rendered":"http:\/\/elterritorialweb.com.ar\/web\/?p=46342"},"modified":"2022-11-16T14:04:08","modified_gmt":"2022-11-16T14:04:08","slug":"giorgieva-es-muy-importante-que-argentina-mantenga-el-rumbo-con-el-objetivo-de-bajar-la-inflacion","status":"publish","type":"post","link":"https:\/\/elterritorialweb.com.ar\/web\/giorgieva-es-muy-importante-que-argentina-mantenga-el-rumbo-con-el-objetivo-de-bajar-la-inflacion\/","title":{"rendered":"GIORGIEVA: \u00abES MUY IMPORTANTE QUE ARGENTINA MANTENGA EL RUMBO, CON EL OBJETIVO DE BAJAR LA INFLACI\u00d3N\u00bb"},"content":{"rendered":"\n<p>En el marco de\u00a0<a href=\"http:\/\/elterritorialweb.com.ar\/web\/los-lideres-del-g20-respaldan-el-pedido-de-alberto-fernandez-al-fmi\/\" data-type=\"URL\" data-id=\"http:\/\/elterritorialweb.com.ar\/web\/los-lideres-del-g20-respaldan-el-pedido-de-alberto-fernandez-al-fmi\/\">la cumbre del G20 que se desarrolla en Indonesia<\/a>,\u00a0<a href=\"http:\/\/elterritorialweb.com.ar\/web\/el-presidente-se-reunio-con-kristalina-giorgeva-en-bali\/\" data-type=\"URL\" data-id=\"http:\/\/elterritorialweb.com.ar\/web\/el-presidente-se-reunio-con-kristalina-giorgeva-en-bali\/\"><strong>el presidente\u00a0Alberto Fern\u00e1ndez se reuni\u00f3 este mi\u00e9rcoles con la directora gerente del Fondo Monetario Internacional (FMI), Kristalina Georgieva<\/strong>.<\/a> Tras el encuentro, la funcionaria se mostr\u00f3 satisfecha con el camino recorrido por el pa\u00eds.<strong>\u00a0\u00abEs muy importante que Argentina mantenga el rumbo tal como lo ha hecho tan exitosamente en los \u00faltimos meses\u00bb<\/strong>, asegur\u00f3.<\/p>\n\n\n\n<p>\u00abMantuvimos una conversaci\u00f3n muy buena y constructiva sobre el tema del impacto de la guerra de Ucrania sobre la econom\u00eda global y tambi\u00e9n Argentina,\u00a0<strong>resaltando la importancia de que Argentina siga con el objetivo de bajar la inflaci\u00f3n, mejorar el desempe\u00f1o de su econom\u00eda y hacerlo de una manera que tenga en cuenta la necesidad de la poblaci\u00f3n argentina especialmente los segmentos m\u00e1s vulnerables<\/strong>\u00ab, expres\u00f3 Georgieva en declaraciones a la prensa.<\/p>\n\n\n\n<p>La funcionaria destac\u00f3 el trabajo realizado por el ministro de Econom\u00eda, Sergio Massa, tambi\u00e9n presente en la reuni\u00f3n.<strong>&nbsp;\u00abEs muy importante que Argentina mantenga el rumbo tal como lo ha hecho tan exitosamente en los \u00faltimos meses\u00bb<\/strong>, subray\u00f3.<\/p>\n\n\n\n<p>Georgieva afirm\u00f3 que&nbsp;<strong>\u00abhemos concluido exitosamente la segunda revisi\u00f3n en un per\u00edodo breve debido a la disciplina que el ministro Massa y su equipo han demostrado\u00bb<\/strong>&nbsp;y a\u00f1adi\u00f3 que \u00abcoincidimos en nuestra conversaci\u00f3n respecto a que este ambiente global tan dif\u00edcil es importante continuar con esta disciplina\u00bb.<\/p>\n\n\n\n<p>Adem\u00e1s del titular de Hacienda, acompa\u00f1aron al Presidente el canciller Santiago Cafiero y el embajador argentino en Estados Unidos, Jorge Arg\u00fcello.<\/p>\n\n\n\n<p>Por parte del FMI, adem\u00e1s de su titular participaron Gita Gopinath, consejera Econ\u00f3mica y directora del Departamento de Estudios; Kristina Kostial, directora gerente adjunta del organismo; Christian Mumssen, director de Finanzas; y Krishna Srinivasan, director del departamento de Asia y el Pac\u00edfico.<\/p>\n\n\n\n<p><strong>El \u00faltimo encuentro entre Alberto Fern\u00e1ndez y la titular del FMI se hab\u00eda llevado adelante el 19 de septiembre en Nueva York,<\/strong>\u00a0cuando\u00a0el Fondo aprob\u00f3 la segunda revisi\u00f3n del acuerdo\u00a0y el organismo liber\u00f3 u$s3.900 millones para la cancelaci\u00f3n de vencimientos.<\/p>\n","protected":false},"excerpt":{"rendered":"<p>La titular del FMI se reuni\u00f3 con el presidente Alberto Fern\u00e1ndez en el marco de la cumbre del G20 en Indonesia. Sostuvo la necesidad de mejorar la econom\u00eda \u00abteniendo en cuenta la necesidad de los segmentos m\u00e1s vulnerables\u00bb.<\/p>\n","protected":false},"author":2,"featured_media":46344,"comment_status":"open","ping_status":"open","sticky":false,"template":"","format":"standard","meta":{"om_disable_all_campaigns":false,"_monsterinsights_skip_tracking":false,"_monsterinsights_sitenote_active":false,"_monsterinsights_sitenote_note":"","_monsterinsights_sitenote_category":0,"_uf_show_specific_survey":0,"_uf_disable_surveys":false,"jetpack_post_was_ever_published":false,"_jetpack_newsletter_access":"","_jetpack_dont_email_post_to_subs":false,"_jetpack_newsletter_tier_id":0,"_jetpack_memberships_contains_paywalled_content":false,"_jetpack_memberships_contains_paid_content":false,"footnotes":"","jetpack_publicize_message":"","jetpack_publicize_feature_enabled":true,"jetpack_social_post_already_shared":false,"jetpack_social_options":{"image_generator_settings":{"template":"highway","default_image_id":0,"font":"","enabled":false},"version":2}},"categories":[18],"tags":[],"class_list":["post-46342","post","type-post","status-publish","format-standard","has-post-thumbnail","hentry","category-politica"],"aioseo_notices":[],"views":9,"jetpack_publicize_connections":[],"jetpack_featured_media_url":"https:\/\/i0.wp.com\/elterritorialweb.com.ar\/web\/wp-content\/uploads\/2022\/11\/WhatsApp-Image-2022-11-16-at-11.03.08.jpeg?fit=918%2C528&ssl=1","jetpack_sharing_enabled":true,"_links":{"self":[{"href":"https:\/\/elterritorialweb.com.ar\/web\/wp-json\/wp\/v2\/posts\/46342","targetHints":{"allow":["GET"]}}],"collection":[{"href":"https:\/\/elterritorialweb.com.ar\/web\/wp-json\/wp\/v2\/posts"}],"about":[{"href":"https:\/\/elterritorialweb.com.ar\/web\/wp-json\/wp\/v2\/types\/post"}],"author":[{"embeddable":true,"href":"https:\/\/elterritorialweb.com.ar\/web\/wp-json\/wp\/v2\/users\/2"}],"replies":[{"embeddable":true,"href":"https:\/\/elterritorialweb.com.ar\/web\/wp-json\/wp\/v2\/comments?post=46342"}],"version-history":[{"count":1,"href":"https:\/\/elterritorialweb.com.ar\/web\/wp-json\/wp\/v2\/posts\/46342\/revisions"}],"predecessor-version":[{"id":46345,"href":"https:\/\/elterritorialweb.com.ar\/web\/wp-json\/wp\/v2\/posts\/46342\/revisions\/46345"}],"wp:featuredmedia":[{"embeddable":true,"href":"https:\/\/elterritorialweb.com.ar\/web\/wp-json\/wp\/v2\/media\/46344"}],"wp:attachment":[{"href":"https:\/\/elterritorialweb.com.ar\/web\/wp-json\/wp\/v2\/media?parent=46342"}],"wp:term":[{"taxonomy":"category","embeddable":true,"href":"https:\/\/elterritorialweb.com.ar\/web\/wp-json\/wp\/v2\/categories?post=46342"},{"taxonomy":"post_tag","embeddable":true,"href":"https:\/\/elterritorialweb.com.ar\/web\/wp-json\/wp\/v2\/tags?post=46342"}],"curies":[{"name":"wp","href":"https:\/\/api.w.org\/{rel}","templated":true}]}}