{"id":46349,"date":"2022-11-16T14:47:23","date_gmt":"2022-11-16T14:47:23","guid":{"rendered":"http:\/\/elterritorialweb.com.ar\/web\/?p=46349"},"modified":"2022-11-16T14:53:39","modified_gmt":"2022-11-16T14:53:39","slug":"jose-herrera-es-el-nuevo-director-general-de-municipalidades","status":"publish","type":"post","link":"https:\/\/elterritorialweb.com.ar\/web\/jose-herrera-es-el-nuevo-director-general-de-municipalidades\/","title":{"rendered":"JOSE HERRERA ES EL NUEVO DIRECTOR GENERAL DE MUNICIPALIDADES"},"content":{"rendered":"\n<p>El ministro de Gobierno, Seguridad y Culto, (<a href=\"https:\/\/www.facebook.com\/mgobiernosde?__cft__[0]=AZXFBCapTvqAV8JGnQuyMVwaiQNMOCgkba1AcwoKzIy4tlvVQpxKX_c-LSsHNLNySXQmgn3f2FyIwsKxhnwN_K8bcfI7-xi3EwO-Wp5PiGKYOC_8AXr32RpOLiP-DaWIvIj-xCkV8JOv4JiT4_bdnwzQAwd9t9WQuCTMeExWkYQLK3J8dTTqg2WLwJbGtxhD7G4&amp;__tn__=-]K-R\">Ministerio de Gobierno, Seguridad y Culto de Santiago del Estero<\/a>) <a href=\"https:\/\/www.facebook.com\/MarceloABarbur?__cft__[0]=AZXFBCapTvqAV8JGnQuyMVwaiQNMOCgkba1AcwoKzIy4tlvVQpxKX_c-LSsHNLNySXQmgn3f2FyIwsKxhnwN_K8bcfI7-xi3EwO-Wp5PiGKYOC_8AXr32RpOLiP-DaWIvIj-xCkV8JOv4JiT4_bdnwzQAwd9t9WQuCTMeExWkYQLK3J8dTTqg2WLwJbGtxhD7G4&amp;__tn__=-]K-R\">Marcelo Barbur<\/a>, tom\u00f3 juramento y puso en funciones a Jos\u00e9 Alberto Herrera como director general de Municipalidades.<\/p>\n\n\n\n<p>Tras el juramento de estilo, Herrera dijo: \u201cEstamos para servir a la gente en este proyecto donde vamos a cumplir con las responsabilidades y vamos a trabajar en forma conjunta, y en permanente di\u00e1logo\u201d.<\/p>\n\n\n\n<p>Tambi\u00e9n agradeci\u00f3 al gobernador Gerardo Zamora y del senador Jos\u00e9 Emilio Neder por la confianza depositada y prometi\u00f3 poner todo el esfuerzo necesario para cumplir con esta nueva funci\u00f3n.<\/p>\n","protected":false},"excerpt":{"rendered":"<p>En la oportunidad estuvo acompa\u00f1ado por familiares y allegados en este importante acto.<\/p>\n","protected":false},"author":2,"featured_media":46350,"comment_status":"open","ping_status":"open","sticky":false,"template":"","format":"standard","meta":{"om_disable_all_campaigns":false,"_monsterinsights_skip_tracking":false,"_monsterinsights_sitenote_active":false,"_monsterinsights_sitenote_note":"","_monsterinsights_sitenote_category":0,"_uf_show_specific_survey":0,"_uf_disable_surveys":false,"jetpack_post_was_ever_published":false,"_jetpack_newsletter_access":"","_jetpack_dont_email_post_to_subs":false,"_jetpack_newsletter_tier_id":0,"_jetpack_memberships_contains_paywalled_content":false,"_jetpack_memberships_contains_paid_content":false,"footnotes":"","jetpack_publicize_message":"","jetpack_publicize_feature_enabled":true,"jetpack_social_post_already_shared":false,"jetpack_social_options":{"image_generator_settings":{"template":"highway","default_image_id":0,"font":"","enabled":false},"version":2}},"categories":[21],"tags":[],"class_list":["post-46349","post","type-post","status-publish","format-standard","has-post-thumbnail","hentry","category-locales"],"aioseo_notices":[],"views":20,"jetpack_publicize_connections":[],"jetpack_featured_media_url":"https:\/\/i0.wp.com\/elterritorialweb.com.ar\/web\/wp-content\/uploads\/2022\/11\/JOSE-TOTO-HERRERA-DIRECTOR-DE-MUNI.jpg?fit=1280%2C720&ssl=1","jetpack_sharing_enabled":true,"_links":{"self":[{"href":"https:\/\/elterritorialweb.com.ar\/web\/wp-json\/wp\/v2\/posts\/46349","targetHints":{"allow":["GET"]}}],"collection":[{"href":"https:\/\/elterritorialweb.com.ar\/web\/wp-json\/wp\/v2\/posts"}],"about":[{"href":"https:\/\/elterritorialweb.com.ar\/web\/wp-json\/wp\/v2\/types\/post"}],"author":[{"embeddable":true,"href":"https:\/\/elterritorialweb.com.ar\/web\/wp-json\/wp\/v2\/users\/2"}],"replies":[{"embeddable":true,"href":"https:\/\/elterritorialweb.com.ar\/web\/wp-json\/wp\/v2\/comments?post=46349"}],"version-history":[{"count":2,"href":"https:\/\/elterritorialweb.com.ar\/web\/wp-json\/wp\/v2\/posts\/46349\/revisions"}],"predecessor-version":[{"id":46352,"href":"https:\/\/elterritorialweb.com.ar\/web\/wp-json\/wp\/v2\/posts\/46349\/revisions\/46352"}],"wp:featuredmedia":[{"embeddable":true,"href":"https:\/\/elterritorialweb.com.ar\/web\/wp-json\/wp\/v2\/media\/46350"}],"wp:attachment":[{"href":"https:\/\/elterritorialweb.com.ar\/web\/wp-json\/wp\/v2\/media?parent=46349"}],"wp:term":[{"taxonomy":"category","embeddable":true,"href":"https:\/\/elterritorialweb.com.ar\/web\/wp-json\/wp\/v2\/categories?post=46349"},{"taxonomy":"post_tag","embeddable":true,"href":"https:\/\/elterritorialweb.com.ar\/web\/wp-json\/wp\/v2\/tags?post=46349"}],"curies":[{"name":"wp","href":"https:\/\/api.w.org\/{rel}","templated":true}]}}