{"id":46353,"date":"2022-11-16T19:48:53","date_gmt":"2022-11-16T19:48:53","guid":{"rendered":"http:\/\/elterritorialweb.com.ar\/web\/?p=46353"},"modified":"2022-11-16T19:48:53","modified_gmt":"2022-11-16T19:48:53","slug":"extienden-la-campana-de-vacunacion-contra-sarampion-rubeola-paperas-y-polio","status":"publish","type":"post","link":"https:\/\/elterritorialweb.com.ar\/web\/extienden-la-campana-de-vacunacion-contra-sarampion-rubeola-paperas-y-polio\/","title":{"rendered":"EXTIENDEN LA CAMPA\u00d1A DE VACUNACI\u00d3N CONTRA SARAMPI\u00d3N, RUB\u00c9OLA, PAPERAS Y POLIO"},"content":{"rendered":"\n<p>Las doctoras Florencia Coronel, jefa del Programa Provincial de Inmunizaciones, y Martha Tarchini, directora de Atenci\u00f3n Primaria de la Salud, comentaron acerca de la prolongaci\u00f3n de la campa\u00f1a.<br>La Dra. Coronel mencion\u00f3 los \u00edndices de vacunaci\u00f3n que logr\u00f3 la provincia. \u201cSantiago del Estero ya vacun\u00f3 45 mil ni\u00f1os y ni\u00f1as, pero nos faltan 14 mil todav\u00eda para vacunar. Llevamos un 77% de cobertura, gracias al arduo trabajo que se viene realizando, pero a\u00fan nos falta y nuestra meta es llegar al 100%\u201d, explic\u00f3.<br>\u201cEstas dos vacunas de campa\u00f1a \u2013agreg\u00f3- que son la Triple Viral e IPV, son vacunas del calendario, por lo tanto, son vacunas obligatorias. Recordemos que el Carnet nacional de vacunaci\u00f3n completo es un requisito para el ingreso escolar\u201d.<br>A su turno, la Dra. Tarchini se refiri\u00f3 al trabajo realizado desde las Unidades Primarias de Atenci\u00f3n. \u201cNuestros agentes sanitarios, enfermeros y vacunadores, contin\u00faan realizando las visitas casas por casa y la vacunaci\u00f3n en jardines de infantes, con el fin de inmunizar a ni\u00f1os y ni\u00f1as de 13 meses a 4 a\u00f1os inclusive. Pedimos a la comunidad que puedan recibir al personal de salud, que se encuentra trabajando por la tarde y tambi\u00e9n los fines de semana, recorriendo los diferentes barrios\u201d, precis\u00f3.<br>De igual forma record\u00f3 que \u201clas vacunas se encuentran disponibles en todas las Upas y Caps de lunes a viernes de 7 a 19 y fines de semana de 9 a 13. Al igual que en los vacunatorios permanentes de Pedro Le\u00f3n Gallo casi Av. Belgrano de lunes a viernes de 8 a 19 y s\u00e1bados de 8 a 13; del CIC Campo Contreras y Caps Los Lagos de lunes a viernes de 8 a 18\u201d.<\/p>\n\n\n\n<p>Para dar continuidad a la inmunizaci\u00f3n de ni\u00f1os y ni\u00f1as de 13 meses hasta 4 a\u00f1os inclusive, se extendi\u00f3 la Campa\u00f1a Nacional de Vacunaci\u00f3n de dosis de refuerzo de las vacunas IPV y Triple Viral hasta el 11 de diciembre.<br>Las doctoras Florencia Coronel, jefa del Programa Provincial de Inmunizaciones, y Martha Tarchini, directora de Atenci\u00f3n Primaria de la Salud, comentaron acerca de la prolongaci\u00f3n de la campa\u00f1a.<br>La Dra. Coronel mencion\u00f3 los \u00edndices de vacunaci\u00f3n que logr\u00f3 la provincia. \u201cSantiago del Estero ya vacun\u00f3 45 mil ni\u00f1os y ni\u00f1as, pero nos faltan 14 mil todav\u00eda para vacunar. Llevamos un 77% de cobertura, gracias al arduo trabajo que se viene realizando, pero a\u00fan nos falta y nuestra meta es llegar al 100%\u201d, explic\u00f3.<br>\u201cEstas dos vacunas de campa\u00f1a \u2013agreg\u00f3- que son la Triple Viral e IPV, son vacunas del calendario, por lo tanto, son vacunas obligatorias. Recordemos que el Carnet nacional de vacunaci\u00f3n completo es un requisito para el ingreso escolar\u201d.<br>A su turno, la Dra. Tarchini se refiri\u00f3 al trabajo realizado desde las Unidades Primarias de Atenci\u00f3n. \u201cNuestros agentes sanitarios, enfermeros y vacunadores, contin\u00faan realizando las visitas casas por casa y la vacunaci\u00f3n en jardines de infantes, con el fin de inmunizar a ni\u00f1os y ni\u00f1as de 13 meses a 4 a\u00f1os inclusive. Pedimos a la comunidad que puedan recibir al personal de salud, que se encuentra trabajando por la tarde y tambi\u00e9n los fines de semana, recorriendo los diferentes barrios\u201d, precis\u00f3.<br>De igual forma record\u00f3 que \u201clas vacunas se encuentran disponibles en todas las Upas y Caps de lunes a viernes de 7 a 19 y fines de semana de 9 a 13. Al igual que en los vacunatorios permanentes de Pedro Le\u00f3n Gallo casi Av. Belgrano de lunes a viernes de 8 a 19 y s\u00e1bados de 8 a 13; del CIC Campo Contreras y Caps Los Lagos de lunes a viernes de 8 a 18\u201d.<\/p>\n","protected":false},"excerpt":{"rendered":"<p>Para dar continuidad a la inmunizaci\u00f3n de ni\u00f1os y ni\u00f1as de 13 meses hasta 4 a\u00f1os inclusive, se extendi\u00f3 la Campa\u00f1a Nacional de Vacunaci\u00f3n de dosis de refuerzo de las vacunas IPV y Triple Viral hasta el 11 de diciembre.<\/p>\n","protected":false},"author":2,"featured_media":46354,"comment_status":"open","ping_status":"open","sticky":false,"template":"","format":"standard","meta":{"om_disable_all_campaigns":false,"_monsterinsights_skip_tracking":false,"_monsterinsights_sitenote_active":false,"_monsterinsights_sitenote_note":"","_monsterinsights_sitenote_category":0,"_uf_show_specific_survey":0,"_uf_disable_surveys":false,"jetpack_post_was_ever_published":false,"_jetpack_newsletter_access":"","_jetpack_dont_email_post_to_subs":false,"_jetpack_newsletter_tier_id":0,"_jetpack_memberships_contains_paywalled_content":false,"_jetpack_memberships_contains_paid_content":false,"footnotes":"","jetpack_publicize_message":"","jetpack_publicize_feature_enabled":true,"jetpack_social_post_already_shared":false,"jetpack_social_options":{"image_generator_settings":{"template":"highway","default_image_id":0,"font":"","enabled":false},"version":2}},"categories":[3],"tags":[],"class_list":["post-46353","post","type-post","status-publish","format-standard","has-post-thumbnail","hentry","category-salud"],"aioseo_notices":[],"views":10,"jetpack_publicize_connections":[],"jetpack_featured_media_url":"https:\/\/i0.wp.com\/elterritorialweb.com.ar\/web\/wp-content\/uploads\/2022\/11\/IMG-20221116-WA0046.jpg?fit=1280%2C720&ssl=1","jetpack_sharing_enabled":true,"_links":{"self":[{"href":"https:\/\/elterritorialweb.com.ar\/web\/wp-json\/wp\/v2\/posts\/46353","targetHints":{"allow":["GET"]}}],"collection":[{"href":"https:\/\/elterritorialweb.com.ar\/web\/wp-json\/wp\/v2\/posts"}],"about":[{"href":"https:\/\/elterritorialweb.com.ar\/web\/wp-json\/wp\/v2\/types\/post"}],"author":[{"embeddable":true,"href":"https:\/\/elterritorialweb.com.ar\/web\/wp-json\/wp\/v2\/users\/2"}],"replies":[{"embeddable":true,"href":"https:\/\/elterritorialweb.com.ar\/web\/wp-json\/wp\/v2\/comments?post=46353"}],"version-history":[{"count":1,"href":"https:\/\/elterritorialweb.com.ar\/web\/wp-json\/wp\/v2\/posts\/46353\/revisions"}],"predecessor-version":[{"id":46355,"href":"https:\/\/elterritorialweb.com.ar\/web\/wp-json\/wp\/v2\/posts\/46353\/revisions\/46355"}],"wp:featuredmedia":[{"embeddable":true,"href":"https:\/\/elterritorialweb.com.ar\/web\/wp-json\/wp\/v2\/media\/46354"}],"wp:attachment":[{"href":"https:\/\/elterritorialweb.com.ar\/web\/wp-json\/wp\/v2\/media?parent=46353"}],"wp:term":[{"taxonomy":"category","embeddable":true,"href":"https:\/\/elterritorialweb.com.ar\/web\/wp-json\/wp\/v2\/categories?post=46353"},{"taxonomy":"post_tag","embeddable":true,"href":"https:\/\/elterritorialweb.com.ar\/web\/wp-json\/wp\/v2\/tags?post=46353"}],"curies":[{"name":"wp","href":"https:\/\/api.w.org\/{rel}","templated":true}]}}