{"id":46357,"date":"2022-11-16T22:54:50","date_gmt":"2022-11-16T22:54:50","guid":{"rendered":"http:\/\/elterritorialweb.com.ar\/web\/?p=46357"},"modified":"2022-11-16T22:54:53","modified_gmt":"2022-11-16T22:54:53","slug":"alumnos-del-departamento-banda-visitaron-casa-de-gobierno","status":"publish","type":"post","link":"https:\/\/elterritorialweb.com.ar\/web\/alumnos-del-departamento-banda-visitaron-casa-de-gobierno\/","title":{"rendered":"ALUMNOS DEL DEPARTAMENTO BANDA VISITARON CASA DE GOBIERNO"},"content":{"rendered":"\n<p>La visita forma parte de las actividades organizadas a trav\u00e9s del programa \u201cConociendo mi provincia\u00bb, que permite a los alumnos del interior santiague\u00f1o que cursan el \u00faltimo a\u00f1o del secundario conocer la ciudad Capital, Villa la Punta y Las Termas de R\u00edo Hondo con sus principales atractivos.<\/p>\n\n\n\n<p>El encuentro se realiz\u00f3 en el sal\u00f3n Juan Felipe Ibarra donde el mandatario recibi\u00f3 a 38 alumnos junto a cuatro docentes, quienes agradecieron por&nbsp; la oportunidad que se ofrece a los j\u00f3venes del interior de vivir esta experiencia significativa.<\/p>\n\n\n\n<p>Por su parte, Zamora expres\u00f3 valor\u00f3 \u201cel esfuerzo y dedicaci\u00f3n de siempre de los docentes en su tarea educativa y por acompa\u00f1ar a los alumnos en este viaje\u00bb.<\/p>\n\n\n\n<p>\u201cEs una alegr\u00eda recibirlos y que puedan compartir esta experiencia a trav\u00e9s del programa que tiene como objetivo conocer los lugares emblem\u00e1ticos, hist\u00f3rico, culturales y tur\u00edsticos de la provincia y que puedan confraternizar\u201d, dijo.<\/p>\n","protected":false},"excerpt":{"rendered":"<p>El gobernador Gerardo Zamora recibi\u00f3 este mi\u00e9rcoles en Casa de Gobierno a un grupo de estudiantes del Colegio Agrot\u00e9cnico de la localidad de La Granja, departamento Banda.<\/p>\n","protected":false},"author":2,"featured_media":46358,"comment_status":"open","ping_status":"open","sticky":false,"template":"","format":"standard","meta":{"om_disable_all_campaigns":false,"_monsterinsights_skip_tracking":false,"_monsterinsights_sitenote_active":false,"_monsterinsights_sitenote_note":"","_monsterinsights_sitenote_category":0,"_uf_show_specific_survey":0,"_uf_disable_surveys":false,"jetpack_post_was_ever_published":false,"_jetpack_newsletter_access":"","_jetpack_dont_email_post_to_subs":false,"_jetpack_newsletter_tier_id":0,"_jetpack_memberships_contains_paywalled_content":false,"_jetpack_memberships_contains_paid_content":false,"footnotes":"","jetpack_publicize_message":"","jetpack_publicize_feature_enabled":true,"jetpack_social_post_already_shared":false,"jetpack_social_options":{"image_generator_settings":{"template":"highway","default_image_id":0,"font":"","enabled":false},"version":2}},"categories":[21],"tags":[],"class_list":["post-46357","post","type-post","status-publish","format-standard","has-post-thumbnail","hentry","category-locales"],"aioseo_notices":[],"views":7,"jetpack_publicize_connections":[],"jetpack_featured_media_url":"https:\/\/i0.wp.com\/elterritorialweb.com.ar\/web\/wp-content\/uploads\/2022\/11\/banda.jpeg?fit=1280%2C760&ssl=1","jetpack_sharing_enabled":true,"_links":{"self":[{"href":"https:\/\/elterritorialweb.com.ar\/web\/wp-json\/wp\/v2\/posts\/46357","targetHints":{"allow":["GET"]}}],"collection":[{"href":"https:\/\/elterritorialweb.com.ar\/web\/wp-json\/wp\/v2\/posts"}],"about":[{"href":"https:\/\/elterritorialweb.com.ar\/web\/wp-json\/wp\/v2\/types\/post"}],"author":[{"embeddable":true,"href":"https:\/\/elterritorialweb.com.ar\/web\/wp-json\/wp\/v2\/users\/2"}],"replies":[{"embeddable":true,"href":"https:\/\/elterritorialweb.com.ar\/web\/wp-json\/wp\/v2\/comments?post=46357"}],"version-history":[{"count":1,"href":"https:\/\/elterritorialweb.com.ar\/web\/wp-json\/wp\/v2\/posts\/46357\/revisions"}],"predecessor-version":[{"id":46359,"href":"https:\/\/elterritorialweb.com.ar\/web\/wp-json\/wp\/v2\/posts\/46357\/revisions\/46359"}],"wp:featuredmedia":[{"embeddable":true,"href":"https:\/\/elterritorialweb.com.ar\/web\/wp-json\/wp\/v2\/media\/46358"}],"wp:attachment":[{"href":"https:\/\/elterritorialweb.com.ar\/web\/wp-json\/wp\/v2\/media?parent=46357"}],"wp:term":[{"taxonomy":"category","embeddable":true,"href":"https:\/\/elterritorialweb.com.ar\/web\/wp-json\/wp\/v2\/categories?post=46357"},{"taxonomy":"post_tag","embeddable":true,"href":"https:\/\/elterritorialweb.com.ar\/web\/wp-json\/wp\/v2\/tags?post=46357"}],"curies":[{"name":"wp","href":"https:\/\/api.w.org\/{rel}","templated":true}]}}