{"id":46360,"date":"2022-11-17T02:09:17","date_gmt":"2022-11-17T02:09:17","guid":{"rendered":"http:\/\/elterritorialweb.com.ar\/web\/?p=46360"},"modified":"2022-11-17T02:09:18","modified_gmt":"2022-11-17T02:09:18","slug":"nediani-entrego-herramientas-de-trabajo-a-vecinos-del-barrio-el-cruce","status":"publish","type":"post","link":"https:\/\/elterritorialweb.com.ar\/web\/nediani-entrego-herramientas-de-trabajo-a-vecinos-del-barrio-el-cruce\/","title":{"rendered":"NEDIANI ENTREG\u00d3 HERRAMIENTAS DE TRABAJO A VECINOS DEL BARRIO EL CRUCE"},"content":{"rendered":"\n<p>En la oportunidad. Sonia Santill\u00e1n recibi\u00f3 de manos del intendente Nediani una hidrolavadora y una aspiradora industrial que le permitir\u00e1 dar inicio al trabajo de lavado de autos y motos en su propio domicilio.<br>\u201cSiempre tuvimos el anhelo de poder iniciar nuestro propio lavadero al que llamaremos \u00b4Cheli\u00b4, que estar\u00e1 ubicado en nuestro propio domicilio. Desde que comenz\u00f3 a empeorar la situaci\u00f3n econ\u00f3mica nos vimos en la necesidad de buscar ingresos alternativos que nos permitan mantener a nuestra familia\u201d, se\u00f1al\u00f3 Santill\u00e1n.<br>\u201cEstoy muy agradecido con el municipio por darnos esta ayuda que nos permitir\u00e1 realizar un sue\u00f1o, trabajaremos mucho para poder ganar clientes en un sector que es cercano a una ruta provincial y en donde no hay negocios de este tipo\u201d, finaliz\u00f3.<br>Quienes est\u00e9n interesados en contratar el servicio de lavado de motos y autos pueden dirigirse a la calle Virrey Liniers N\u00b0 245 del barrio El Cruce.<br>De la entrega particip\u00f3 tambi\u00e9n el coordinador de la Oficina de Emprendedores, Marcelo Abraham.<br>Cabe destacar, que quienes deseen recibir este beneficio deber\u00e1n presentarse de manera personal en la Oficina de Emprendedores en el Palacio Municipal de lunes a viernes de 8 a 12 para solicitar los requisitos correspondientes.<\/p>\n","protected":false},"excerpt":{"rendered":"<p>En el marco del programa municipal \u201cEmprendiendo sue\u00f1os\u201d, intendente Roger Nediani concret\u00f3 la entrega de herramientas de trabajo a un matrimonio de emprendedores del barrio El Cruce quienes ten\u00edan el anhelo de habilitar su propio lavadero de autos y motos.<\/p>\n","protected":false},"author":2,"featured_media":46361,"comment_status":"open","ping_status":"open","sticky":false,"template":"","format":"standard","meta":{"om_disable_all_campaigns":false,"_monsterinsights_skip_tracking":false,"_monsterinsights_sitenote_active":false,"_monsterinsights_sitenote_note":"","_monsterinsights_sitenote_category":0,"_uf_show_specific_survey":0,"_uf_disable_surveys":false,"jetpack_post_was_ever_published":false,"_jetpack_newsletter_access":"","_jetpack_dont_email_post_to_subs":false,"_jetpack_newsletter_tier_id":0,"_jetpack_memberships_contains_paywalled_content":false,"_jetpack_memberships_contains_paid_content":false,"footnotes":"","jetpack_publicize_message":"","jetpack_publicize_feature_enabled":true,"jetpack_social_post_already_shared":false,"jetpack_social_options":{"image_generator_settings":{"template":"highway","default_image_id":0,"font":"","enabled":false},"version":2}},"categories":[21],"tags":[],"class_list":["post-46360","post","type-post","status-publish","format-standard","has-post-thumbnail","hentry","category-locales"],"aioseo_notices":[],"views":10,"jetpack_publicize_connections":[],"jetpack_featured_media_url":"https:\/\/i0.wp.com\/elterritorialweb.com.ar\/web\/wp-content\/uploads\/2022\/11\/WhatsApp-Image-2022-11-16-at-14.47.34.jpeg?fit=1280%2C845&ssl=1","jetpack_sharing_enabled":true,"_links":{"self":[{"href":"https:\/\/elterritorialweb.com.ar\/web\/wp-json\/wp\/v2\/posts\/46360","targetHints":{"allow":["GET"]}}],"collection":[{"href":"https:\/\/elterritorialweb.com.ar\/web\/wp-json\/wp\/v2\/posts"}],"about":[{"href":"https:\/\/elterritorialweb.com.ar\/web\/wp-json\/wp\/v2\/types\/post"}],"author":[{"embeddable":true,"href":"https:\/\/elterritorialweb.com.ar\/web\/wp-json\/wp\/v2\/users\/2"}],"replies":[{"embeddable":true,"href":"https:\/\/elterritorialweb.com.ar\/web\/wp-json\/wp\/v2\/comments?post=46360"}],"version-history":[{"count":1,"href":"https:\/\/elterritorialweb.com.ar\/web\/wp-json\/wp\/v2\/posts\/46360\/revisions"}],"predecessor-version":[{"id":46362,"href":"https:\/\/elterritorialweb.com.ar\/web\/wp-json\/wp\/v2\/posts\/46360\/revisions\/46362"}],"wp:featuredmedia":[{"embeddable":true,"href":"https:\/\/elterritorialweb.com.ar\/web\/wp-json\/wp\/v2\/media\/46361"}],"wp:attachment":[{"href":"https:\/\/elterritorialweb.com.ar\/web\/wp-json\/wp\/v2\/media?parent=46360"}],"wp:term":[{"taxonomy":"category","embeddable":true,"href":"https:\/\/elterritorialweb.com.ar\/web\/wp-json\/wp\/v2\/categories?post=46360"},{"taxonomy":"post_tag","embeddable":true,"href":"https:\/\/elterritorialweb.com.ar\/web\/wp-json\/wp\/v2\/tags?post=46360"}],"curies":[{"name":"wp","href":"https:\/\/api.w.org\/{rel}","templated":true}]}}