{"id":46363,"date":"2022-11-17T02:23:42","date_gmt":"2022-11-17T02:23:42","guid":{"rendered":"http:\/\/elterritorialweb.com.ar\/web\/?p=46363"},"modified":"2022-11-17T02:23:42","modified_gmt":"2022-11-17T02:23:42","slug":"el-renzi-renueva-su-cartelera-con-la-pelicula-de-terror-jeepers-creepers-reborn","status":"publish","type":"post","link":"https:\/\/elterritorialweb.com.ar\/web\/el-renzi-renueva-su-cartelera-con-la-pelicula-de-terror-jeepers-creepers-reborn\/","title":{"rendered":"EL RENZI RENUEVA SU CARTELERA CON LA PEL\u00cdCULA DE TERROR \u00abJEEPERS CREEPERS: REBORN\u00bb"},"content":{"rendered":"\n<p>Esta nueva entrega de la saga de esta pel\u00edcula de terror y suspenso estadounidense dirigida por Timo Vuorensola, escrita por Sean Michael Argo y producida por Orwo Studios y Black Hangar Studios para Screen Media Films.<br>Obligada a viajar con su novio, Laine, comienza a experimentar premoniciones asociadas con el mito urbano de The Creeper. Laine cree que se ha convocado algo sobrenatural, y que ella est\u00e1 en el centro de todo. La misma podr\u00e1 verse todos los d\u00edas en el horario de las 23:30.<br>\u201cPantera Negra: Wakanda Forever\u201d una pel\u00edcula de superh\u00e9roes basada en el personaje de Marvel Comics. Se trata de una secuela que seguir\u00e1 explorando el incomparable mundo de Wakanda y todos los ricos y variados personajes presentados en la pel\u00edcula de 2018.En esta nueva entrega de Marvel Studios, la reina Ramonda (Angela Bassett), Shuri (Letitia Wright), M\u2019Baku (Winston Duke), Okoye (Danai Gurira) y las Dora Milaje (incluida Florence Kasumba), luchan para proteger su naci\u00f3n de las potencias mundiales que quieren intervenir en ella tras la muerte del rey T\u2019Challa (Chadwick Boseman). Mientras los habitantes de Wakanda se esfuerzan por abrazar su pr\u00f3ximo cap\u00edtulo, los h\u00e9roes deben unirse con la ayuda de War Dog Nakia (Lupita Nyong\u2019o) y Everett Ross (Martin Freeman) y forjar un nuevo camino para el reino de Wakanda. La misma ser\u00e1 proyecta a las 15 y 20:30.<br>Como parte del Espacio Incaa, \u201cArgentina 1985\u201d contin\u00faa en cartelera en el \u00fanico horario de las 18. La aclamada pel\u00edcula argentina cuenta la historia del Juicio a las Juntas como parte de la reconstrucci\u00f3n democr\u00e1tica del pa\u00eds en donde se deja en evidencia las atrocidades del terrorismo de Estado y la decisi\u00f3n pol\u00edtica de que un tribunal juzgue a los m\u00e1ximos responsables de la dictadura.<br>Las entradas generales tienen un costo de $600 por persona y una promoci\u00f3n vigente de lunes a mi\u00e9rcoles de dos entradas por $900 y Espacio Incaa $100.<\/p>\n","protected":false},"excerpt":{"rendered":"<p>El Cine Renzi renueva su cartelera desde el jueves 17 hasta el mi\u00e9rcoles 23 con el estreno de la pel\u00edcula estadounidense de terror \u201cJeepers Creepers: Reborn\u201d y continuando en cartelera con la \u201cPantera Negra: Wakanda Forever\u201d y \u201cArgentina 1985\u201d.<\/p>\n","protected":false},"author":2,"featured_media":46364,"comment_status":"open","ping_status":"open","sticky":false,"template":"","format":"standard","meta":{"om_disable_all_campaigns":false,"_monsterinsights_skip_tracking":false,"_monsterinsights_sitenote_active":false,"_monsterinsights_sitenote_note":"","_monsterinsights_sitenote_category":0,"_uf_show_specific_survey":0,"_uf_disable_surveys":false,"jetpack_post_was_ever_published":false,"_jetpack_newsletter_access":"","_jetpack_dont_email_post_to_subs":false,"_jetpack_newsletter_tier_id":0,"_jetpack_memberships_contains_paywalled_content":false,"_jetpack_memberships_contains_paid_content":false,"footnotes":"","jetpack_publicize_message":"","jetpack_publicize_feature_enabled":true,"jetpack_social_post_already_shared":false,"jetpack_social_options":{"image_generator_settings":{"template":"highway","default_image_id":0,"font":"","enabled":false},"version":2}},"categories":[20],"tags":[],"class_list":["post-46363","post","type-post","status-publish","format-standard","has-post-thumbnail","hentry","category-especysociales"],"aioseo_notices":[],"views":22,"jetpack_publicize_connections":[],"jetpack_featured_media_url":"https:\/\/i0.wp.com\/elterritorialweb.com.ar\/web\/wp-content\/uploads\/2022\/11\/WhatsApp-Image-2022-11-16-at-14.47.33.jpeg?fit=800%2C531&ssl=1","jetpack_sharing_enabled":true,"_links":{"self":[{"href":"https:\/\/elterritorialweb.com.ar\/web\/wp-json\/wp\/v2\/posts\/46363","targetHints":{"allow":["GET"]}}],"collection":[{"href":"https:\/\/elterritorialweb.com.ar\/web\/wp-json\/wp\/v2\/posts"}],"about":[{"href":"https:\/\/elterritorialweb.com.ar\/web\/wp-json\/wp\/v2\/types\/post"}],"author":[{"embeddable":true,"href":"https:\/\/elterritorialweb.com.ar\/web\/wp-json\/wp\/v2\/users\/2"}],"replies":[{"embeddable":true,"href":"https:\/\/elterritorialweb.com.ar\/web\/wp-json\/wp\/v2\/comments?post=46363"}],"version-history":[{"count":1,"href":"https:\/\/elterritorialweb.com.ar\/web\/wp-json\/wp\/v2\/posts\/46363\/revisions"}],"predecessor-version":[{"id":46365,"href":"https:\/\/elterritorialweb.com.ar\/web\/wp-json\/wp\/v2\/posts\/46363\/revisions\/46365"}],"wp:featuredmedia":[{"embeddable":true,"href":"https:\/\/elterritorialweb.com.ar\/web\/wp-json\/wp\/v2\/media\/46364"}],"wp:attachment":[{"href":"https:\/\/elterritorialweb.com.ar\/web\/wp-json\/wp\/v2\/media?parent=46363"}],"wp:term":[{"taxonomy":"category","embeddable":true,"href":"https:\/\/elterritorialweb.com.ar\/web\/wp-json\/wp\/v2\/categories?post=46363"},{"taxonomy":"post_tag","embeddable":true,"href":"https:\/\/elterritorialweb.com.ar\/web\/wp-json\/wp\/v2\/tags?post=46363"}],"curies":[{"name":"wp","href":"https:\/\/api.w.org\/{rel}","templated":true}]}}