{"id":46370,"date":"2022-11-17T21:53:39","date_gmt":"2022-11-17T21:53:39","guid":{"rendered":"http:\/\/elterritorialweb.com.ar\/web\/?p=46370"},"modified":"2022-11-18T04:19:38","modified_gmt":"2022-11-18T04:19:38","slug":"el-espacio-de-primera-infancia-arco-iris-realizara-su-muestra-anual","status":"publish","type":"post","link":"https:\/\/elterritorialweb.com.ar\/web\/el-espacio-de-primera-infancia-arco-iris-realizara-su-muestra-anual\/","title":{"rendered":"EL ESPACIO DE PRIMERA INFANCIA \u00abARCO IRIS\u00bb REALIZAR\u00c1 SU MUESTRA ANUAL"},"content":{"rendered":"\n<h4 class=\"wp-block-heading\">VILLA FIGUEROA <\/h4>\n\n\n\n<p>Desde la comisi\u00f3n municipal encabezada por su <strong>comisionada<\/strong>,<strong> Gabriela Gerez Bravo<\/strong>, en dialogo con<strong> El Territorial Web<\/strong>, se refiri\u00f3 a la muestra anual y al trabajo que vienen realizando en este Centro de Primera Infancia: <em>\u00abEstamos ahora culminando una etapa en nuestro espacio de primera infancia que se llama Arco Iris, que se inaugur\u00f3 en mayo de este a\u00f1o,  en el aniversario de nuestro pueblo (Villa Figueroa), en coordinaci\u00f3n con Desarrollo Social de la Naci\u00f3n, a trav\u00e9s de la subsecretaria de la primera infancia\u00bb<\/em>, comenz\u00f3 diciendo Gerez Bravo.<\/p>\n\n\n\n<p><em>\u00abEs un proyecto que ha sido dise\u00f1ado en plena pandemia y que tuvo un mayor porcentaje de aporte de la comisi\u00f3n municipal, donde destacamos el trabajo que se viene realizando, y esta muestra anual, pedag\u00f3gica, de arte, m\u00fasica y danza que van a realizar nuestros ni\u00f1os es muy importante para nosotros\u00bb,<\/em> a\u00f1adi\u00f3 la funcionaria municipal.<\/p>\n\n\n\n<figure class=\"wp-block-image size-large\"><a href=\"https:\/\/i0.wp.com\/elterritorialweb.com.ar\/web\/wp-content\/uploads\/2022\/11\/WhatsApp-Image-2022-11-17-at-18.44.16-e1668721860197.jpeg\"><img data-recalc-dims=\"1\" decoding=\"async\" width=\"640\" height=\"915\" data-src=\"https:\/\/i0.wp.com\/elterritorialweb.com.ar\/web\/wp-content\/uploads\/2022\/11\/WhatsApp-Image-2022-11-17-at-18.44.16.jpeg?resize=640%2C915\" alt=\"\" class=\"wp-image-46373 lazyload\" src=\"data:image\/svg+xml;base64,PHN2ZyB3aWR0aD0iMSIgaGVpZ2h0PSIxIiB4bWxucz0iaHR0cDovL3d3dy53My5vcmcvMjAwMC9zdmciPjwvc3ZnPg==\" style=\"--smush-placeholder-width: 640px; --smush-placeholder-aspect-ratio: 640\/915;\" \/><\/a><figcaption><strong>Comisionada de Villa Figueroa Gabriela Gerez Bravo<\/strong><\/figcaption><\/figure>\n\n\n\n<p>Tambi\u00e9n afirm\u00f3 que <em>\u00abno se limit\u00f3 el trabajo ya que reciben a peque\u00f1os de 45 d\u00edas hasta los 4 o 5 a\u00f1os inclusive, que reciben un aporte nutricional todos los d\u00edas de lunes a viernes de 14 a 17 horas, y que ahora en horario de verano ser\u00e1 de  9 a 12 horas\u00bb<\/em>. <\/p>\n\n\n\n<p>Para finalizar la comisionada de Villa Figueroa destac\u00f3: <em>\u00abEl trabajo esta integrado por un equipo interdisciplinario, conformado por una docente de educaci\u00f3n inicial, un psic\u00f3logo, una docente de educaci\u00f3n especial, un trabajador social y una fonoaudi\u00f3loga que se incorporo hace poco tiempo, del cual se hizo \u00e9nfasis en la inclusi\u00f3n, morivo por el cual, recibimos ni\u00f1os diariamente durante todo el a\u00f1o, no solo de Villa Figueroa, sino tambi\u00e9n de parajes cercanos\u00bb<\/em>.<\/p>\n","protected":false},"excerpt":{"rendered":"<p>La misma se realizara este viernes 18 de noviembre a las 19 horas en establecimiento educativo.<\/p>\n","protected":false},"author":2,"featured_media":46372,"comment_status":"open","ping_status":"open","sticky":false,"template":"","format":"standard","meta":{"om_disable_all_campaigns":false,"_monsterinsights_skip_tracking":false,"_monsterinsights_sitenote_active":false,"_monsterinsights_sitenote_note":"","_monsterinsights_sitenote_category":0,"_uf_show_specific_survey":0,"_uf_disable_surveys":false,"jetpack_post_was_ever_published":false,"_jetpack_newsletter_access":"","_jetpack_dont_email_post_to_subs":false,"_jetpack_newsletter_tier_id":0,"_jetpack_memberships_contains_paywalled_content":false,"_jetpack_memberships_contains_paid_content":false,"footnotes":"","jetpack_publicize_message":"","jetpack_publicize_feature_enabled":true,"jetpack_social_post_already_shared":false,"jetpack_social_options":{"image_generator_settings":{"template":"highway","default_image_id":0,"font":"","enabled":false},"version":2}},"categories":[21],"tags":[],"class_list":["post-46370","post","type-post","status-publish","format-standard","has-post-thumbnail","hentry","category-locales"],"aioseo_notices":[],"views":25,"jetpack_publicize_connections":[],"jetpack_featured_media_url":"https:\/\/i0.wp.com\/elterritorialweb.com.ar\/web\/wp-content\/uploads\/2022\/11\/WhatsApp-Image-2022-11-17-at-17.33.04.jpeg?fit=1080%2C720&ssl=1","jetpack_sharing_enabled":true,"_links":{"self":[{"href":"https:\/\/elterritorialweb.com.ar\/web\/wp-json\/wp\/v2\/posts\/46370","targetHints":{"allow":["GET"]}}],"collection":[{"href":"https:\/\/elterritorialweb.com.ar\/web\/wp-json\/wp\/v2\/posts"}],"about":[{"href":"https:\/\/elterritorialweb.com.ar\/web\/wp-json\/wp\/v2\/types\/post"}],"author":[{"embeddable":true,"href":"https:\/\/elterritorialweb.com.ar\/web\/wp-json\/wp\/v2\/users\/2"}],"replies":[{"embeddable":true,"href":"https:\/\/elterritorialweb.com.ar\/web\/wp-json\/wp\/v2\/comments?post=46370"}],"version-history":[{"count":3,"href":"https:\/\/elterritorialweb.com.ar\/web\/wp-json\/wp\/v2\/posts\/46370\/revisions"}],"predecessor-version":[{"id":46398,"href":"https:\/\/elterritorialweb.com.ar\/web\/wp-json\/wp\/v2\/posts\/46370\/revisions\/46398"}],"wp:featuredmedia":[{"embeddable":true,"href":"https:\/\/elterritorialweb.com.ar\/web\/wp-json\/wp\/v2\/media\/46372"}],"wp:attachment":[{"href":"https:\/\/elterritorialweb.com.ar\/web\/wp-json\/wp\/v2\/media?parent=46370"}],"wp:term":[{"taxonomy":"category","embeddable":true,"href":"https:\/\/elterritorialweb.com.ar\/web\/wp-json\/wp\/v2\/categories?post=46370"},{"taxonomy":"post_tag","embeddable":true,"href":"https:\/\/elterritorialweb.com.ar\/web\/wp-json\/wp\/v2\/tags?post=46370"}],"curies":[{"name":"wp","href":"https:\/\/api.w.org\/{rel}","templated":true}]}}