{"id":46378,"date":"2022-11-17T22:08:53","date_gmt":"2022-11-17T22:08:53","guid":{"rendered":"http:\/\/elterritorialweb.com.ar\/web\/?p=46378"},"modified":"2022-11-17T22:08:54","modified_gmt":"2022-11-17T22:08:54","slug":"gran-inicio-del-campeonato-argentino-de-profesionales-senior-en-el-golf-club-de-termas","status":"publish","type":"post","link":"https:\/\/elterritorialweb.com.ar\/web\/gran-inicio-del-campeonato-argentino-de-profesionales-senior-en-el-golf-club-de-termas\/","title":{"rendered":"GRAN INICIO DEL CAMPEONATO ARGENTINO DE PROFESIONALES SENIOR EN EL GOLF CLUB DE TERMAS"},"content":{"rendered":"\n<p>El evento se desarrollar\u00e1 hasta el s\u00e1bado pr\u00f3ximo con la presencia de golfistas de categor\u00edas senior y pre-senior provenientes de Chaco, Corrientes, Salta, Entre R\u00edos, Santa Fe, C\u00f3rdoba, Buenos Aires, Tucum\u00e1n y otros puntos del pa\u00eds.<br>En la primera, el riocuartense Mauricio Molina lider\u00f3 la competencia con un score de 69 golpes menos 4, seguido por una diferencia de 2 golpes por el tucumano C\u00e9sar Monasterio. Mientras que Jorge Berendt completa la tr\u00edada con 72 golpes, casillero que comparte con Luis Carbonetti, otra leyenda de R\u00edo Cuarto.<br>La competencia continuar\u00e1 este viernes desde temprano hasta pasado el mediod\u00eda. El s\u00e1bado ser\u00e1 el cierre con la definici\u00f3n.<\/p>\n\n\n\n<figure class=\"wp-block-image size-large\"><a href=\"https:\/\/i0.wp.com\/elterritorialweb.com.ar\/web\/wp-content\/uploads\/2022\/11\/WhatsApp-Image-2022-11-17-at-17.59.01.jpeg\"><img data-recalc-dims=\"1\" decoding=\"async\" width=\"640\" height=\"369\" data-src=\"https:\/\/i0.wp.com\/elterritorialweb.com.ar\/web\/wp-content\/uploads\/2022\/11\/WhatsApp-Image-2022-11-17-at-17.59.01.jpeg?resize=640%2C369\" alt=\"\" class=\"wp-image-46379 lazyload\" data-srcset=\"https:\/\/i0.wp.com\/elterritorialweb.com.ar\/web\/wp-content\/uploads\/2022\/11\/WhatsApp-Image-2022-11-17-at-17.59.01.jpeg?resize=1024%2C591&amp;ssl=1 1024w, https:\/\/i0.wp.com\/elterritorialweb.com.ar\/web\/wp-content\/uploads\/2022\/11\/WhatsApp-Image-2022-11-17-at-17.59.01.jpeg?resize=300%2C173&amp;ssl=1 300w, https:\/\/i0.wp.com\/elterritorialweb.com.ar\/web\/wp-content\/uploads\/2022\/11\/WhatsApp-Image-2022-11-17-at-17.59.01.jpeg?resize=768%2C443&amp;ssl=1 768w, https:\/\/i0.wp.com\/elterritorialweb.com.ar\/web\/wp-content\/uploads\/2022\/11\/WhatsApp-Image-2022-11-17-at-17.59.01.jpeg?w=1280&amp;ssl=1 1280w\" data-sizes=\"(max-width: 640px) 100vw, 640px\" src=\"data:image\/svg+xml;base64,PHN2ZyB3aWR0aD0iMSIgaGVpZ2h0PSIxIiB4bWxucz0iaHR0cDovL3d3dy53My5vcmcvMjAwMC9zdmciPjwvc3ZnPg==\" style=\"--smush-placeholder-width: 640px; --smush-placeholder-aspect-ratio: 640\/369;\" \/><\/a><\/figure>\n","protected":false},"excerpt":{"rendered":"<p>Como parte de la agenda deportiva de la ciudad de Las Termas de Rio Hondo, este jueves por la ma\u00f1ana comenz\u00f3 el Campeonato Argentino de Profesionales Senior en el Golf Club Internacional.<\/p>\n","protected":false},"author":2,"featured_media":46380,"comment_status":"open","ping_status":"open","sticky":false,"template":"","format":"standard","meta":{"om_disable_all_campaigns":false,"_monsterinsights_skip_tracking":false,"_monsterinsights_sitenote_active":false,"_monsterinsights_sitenote_note":"","_monsterinsights_sitenote_category":0,"_uf_show_specific_survey":0,"_uf_disable_surveys":false,"jetpack_post_was_ever_published":false,"_jetpack_newsletter_access":"","_jetpack_dont_email_post_to_subs":false,"_jetpack_newsletter_tier_id":0,"_jetpack_memberships_contains_paywalled_content":false,"_jetpack_memberships_contains_paid_content":false,"footnotes":"","jetpack_publicize_message":"","jetpack_publicize_feature_enabled":true,"jetpack_social_post_already_shared":false,"jetpack_social_options":{"image_generator_settings":{"template":"highway","default_image_id":0,"font":"","enabled":false},"version":2}},"categories":[6],"tags":[],"class_list":["post-46378","post","type-post","status-publish","format-standard","has-post-thumbnail","hentry","category-deportes"],"aioseo_notices":[],"views":9,"jetpack_publicize_connections":[],"jetpack_featured_media_url":"https:\/\/i0.wp.com\/elterritorialweb.com.ar\/web\/wp-content\/uploads\/2022\/11\/WhatsApp-Image-2022-11-17-at-17.59.02.jpeg?fit=1280%2C722&ssl=1","jetpack_sharing_enabled":true,"_links":{"self":[{"href":"https:\/\/elterritorialweb.com.ar\/web\/wp-json\/wp\/v2\/posts\/46378","targetHints":{"allow":["GET"]}}],"collection":[{"href":"https:\/\/elterritorialweb.com.ar\/web\/wp-json\/wp\/v2\/posts"}],"about":[{"href":"https:\/\/elterritorialweb.com.ar\/web\/wp-json\/wp\/v2\/types\/post"}],"author":[{"embeddable":true,"href":"https:\/\/elterritorialweb.com.ar\/web\/wp-json\/wp\/v2\/users\/2"}],"replies":[{"embeddable":true,"href":"https:\/\/elterritorialweb.com.ar\/web\/wp-json\/wp\/v2\/comments?post=46378"}],"version-history":[{"count":1,"href":"https:\/\/elterritorialweb.com.ar\/web\/wp-json\/wp\/v2\/posts\/46378\/revisions"}],"predecessor-version":[{"id":46381,"href":"https:\/\/elterritorialweb.com.ar\/web\/wp-json\/wp\/v2\/posts\/46378\/revisions\/46381"}],"wp:featuredmedia":[{"embeddable":true,"href":"https:\/\/elterritorialweb.com.ar\/web\/wp-json\/wp\/v2\/media\/46380"}],"wp:attachment":[{"href":"https:\/\/elterritorialweb.com.ar\/web\/wp-json\/wp\/v2\/media?parent=46378"}],"wp:term":[{"taxonomy":"category","embeddable":true,"href":"https:\/\/elterritorialweb.com.ar\/web\/wp-json\/wp\/v2\/categories?post=46378"},{"taxonomy":"post_tag","embeddable":true,"href":"https:\/\/elterritorialweb.com.ar\/web\/wp-json\/wp\/v2\/tags?post=46378"}],"curies":[{"name":"wp","href":"https:\/\/api.w.org\/{rel}","templated":true}]}}