{"id":46382,"date":"2022-11-18T01:38:44","date_gmt":"2022-11-18T01:38:44","guid":{"rendered":"http:\/\/elterritorialweb.com.ar\/web\/?p=46382"},"modified":"2022-11-18T04:24:34","modified_gmt":"2022-11-18T04:24:34","slug":"santiago-del-estero-presente-en-el-10-neo-vorkshop-en-tucuman","status":"publish","type":"post","link":"https:\/\/elterritorialweb.com.ar\/web\/santiago-del-estero-presente-en-el-10-neo-vorkshop-en-tucuman\/","title":{"rendered":"SANTIAGO DEL ESTERO PRESENTE EN EL 10\u00b0 NEO WORKSHOP EN TUCUM\u00c1N"},"content":{"rendered":"\n<p>El evento es organizado por Federaci\u00f3n de C\u00e1maras de Turismo de la Rep\u00fablica Argentina (Fedecatur) y la C\u00e1mara Argentina de Turismo (CAT) con la participaci\u00f3n de todas las provincias argentinas, tanto del sector p\u00fablico como privado.<\/p>\n\n\n\n<p>Esta d\u00e9cima edici\u00f3n tiene como particularidad la intenci\u00f3n de reactivar los negocios y potenciar la oferta nacional, dicho encuentro tiene lugar en la ciudad de San Miguel de Tucum\u00e1n, espec\u00edficamente en el Hotel Sheraton, donde se llevar\u00e1n a cabo rondas de negocios, capacitaciones y una muestra gastron\u00f3mica federal.<\/p>\n\n\n\n<figure class=\"wp-block-image size-large\"><a href=\"https:\/\/i0.wp.com\/elterritorialweb.com.ar\/web\/wp-content\/uploads\/2022\/11\/WhatsApp-Image-2022-11-17-at-18.25.22.jpeg\"><img data-recalc-dims=\"1\" decoding=\"async\" width=\"640\" height=\"426\" data-src=\"https:\/\/i0.wp.com\/elterritorialweb.com.ar\/web\/wp-content\/uploads\/2022\/11\/WhatsApp-Image-2022-11-17-at-18.25.22.jpeg?resize=640%2C426\" alt=\"\" class=\"wp-image-46383 lazyload\" data-srcset=\"https:\/\/i0.wp.com\/elterritorialweb.com.ar\/web\/wp-content\/uploads\/2022\/11\/WhatsApp-Image-2022-11-17-at-18.25.22.jpeg?resize=1024%2C682&amp;ssl=1 1024w, https:\/\/i0.wp.com\/elterritorialweb.com.ar\/web\/wp-content\/uploads\/2022\/11\/WhatsApp-Image-2022-11-17-at-18.25.22.jpeg?resize=300%2C200&amp;ssl=1 300w, https:\/\/i0.wp.com\/elterritorialweb.com.ar\/web\/wp-content\/uploads\/2022\/11\/WhatsApp-Image-2022-11-17-at-18.25.22.jpeg?resize=768%2C512&amp;ssl=1 768w, https:\/\/i0.wp.com\/elterritorialweb.com.ar\/web\/wp-content\/uploads\/2022\/11\/WhatsApp-Image-2022-11-17-at-18.25.22.jpeg?w=1280&amp;ssl=1 1280w\" data-sizes=\"(max-width: 640px) 100vw, 640px\" src=\"data:image\/svg+xml;base64,PHN2ZyB3aWR0aD0iMSIgaGVpZ2h0PSIxIiB4bWxucz0iaHR0cDovL3d3dy53My5vcmcvMjAwMC9zdmciPjwvc3ZnPg==\" style=\"--smush-placeholder-width: 640px; --smush-placeholder-aspect-ratio: 640\/426;\" \/><\/a><\/figure>\n\n\n\n<p>Santiago del Estero tendr\u00e1 participaci\u00f3n en las capacitaciones, donde se presentar\u00e1 el Complejo Tur\u00edstico Sol, Sal y Luna, ubicado en Guanaco Sombriana, a cargo de Primitiva Zurita y Teresa Pintos.<br>La provincia tambi\u00e9n estar\u00e1 representada en la Muestra Gastron\u00f3mica por Amasijo, a cargo de Agust\u00edn Kuran y Florencia Nieva, quienes llevar\u00e1n la cocina tradicional a trav\u00e9s de los sabores de nuestra tierra.<\/p>\n","protected":false},"excerpt":{"rendered":"<p>La Subsecretar\u00eda de Turismo de Santiago del Estero se encuentra participando en la provincia de Tucum\u00e1n del 10\u00b0 Neo Workshop con un stand promocional y la presencia del titular del organismo, Prof. Nelson Bravo.<\/p>\n","protected":false},"author":2,"featured_media":46384,"comment_status":"open","ping_status":"open","sticky":false,"template":"","format":"standard","meta":{"om_disable_all_campaigns":false,"_monsterinsights_skip_tracking":false,"_monsterinsights_sitenote_active":false,"_monsterinsights_sitenote_note":"","_monsterinsights_sitenote_category":0,"_uf_show_specific_survey":0,"_uf_disable_surveys":false,"jetpack_post_was_ever_published":false,"_jetpack_newsletter_access":"","_jetpack_dont_email_post_to_subs":false,"_jetpack_newsletter_tier_id":0,"_jetpack_memberships_contains_paywalled_content":false,"_jetpack_memberships_contains_paid_content":false,"footnotes":"","jetpack_publicize_message":"","jetpack_publicize_feature_enabled":true,"jetpack_social_post_already_shared":false,"jetpack_social_options":{"image_generator_settings":{"template":"highway","default_image_id":0,"font":"","enabled":false},"version":2}},"categories":[29],"tags":[],"class_list":["post-46382","post","type-post","status-publish","format-standard","has-post-thumbnail","hentry","category-turismo"],"aioseo_notices":[],"views":16,"jetpack_publicize_connections":[],"jetpack_featured_media_url":"https:\/\/i0.wp.com\/elterritorialweb.com.ar\/web\/wp-content\/uploads\/2022\/11\/WhatsApp-Image-2022-11-17-at-18.25.23-1.jpeg?fit=1600%2C867&ssl=1","jetpack_sharing_enabled":true,"_links":{"self":[{"href":"https:\/\/elterritorialweb.com.ar\/web\/wp-json\/wp\/v2\/posts\/46382","targetHints":{"allow":["GET"]}}],"collection":[{"href":"https:\/\/elterritorialweb.com.ar\/web\/wp-json\/wp\/v2\/posts"}],"about":[{"href":"https:\/\/elterritorialweb.com.ar\/web\/wp-json\/wp\/v2\/types\/post"}],"author":[{"embeddable":true,"href":"https:\/\/elterritorialweb.com.ar\/web\/wp-json\/wp\/v2\/users\/2"}],"replies":[{"embeddable":true,"href":"https:\/\/elterritorialweb.com.ar\/web\/wp-json\/wp\/v2\/comments?post=46382"}],"version-history":[{"count":2,"href":"https:\/\/elterritorialweb.com.ar\/web\/wp-json\/wp\/v2\/posts\/46382\/revisions"}],"predecessor-version":[{"id":46400,"href":"https:\/\/elterritorialweb.com.ar\/web\/wp-json\/wp\/v2\/posts\/46382\/revisions\/46400"}],"wp:featuredmedia":[{"embeddable":true,"href":"https:\/\/elterritorialweb.com.ar\/web\/wp-json\/wp\/v2\/media\/46384"}],"wp:attachment":[{"href":"https:\/\/elterritorialweb.com.ar\/web\/wp-json\/wp\/v2\/media?parent=46382"}],"wp:term":[{"taxonomy":"category","embeddable":true,"href":"https:\/\/elterritorialweb.com.ar\/web\/wp-json\/wp\/v2\/categories?post=46382"},{"taxonomy":"post_tag","embeddable":true,"href":"https:\/\/elterritorialweb.com.ar\/web\/wp-json\/wp\/v2\/tags?post=46382"}],"curies":[{"name":"wp","href":"https:\/\/api.w.org\/{rel}","templated":true}]}}