{"id":47726,"date":"2023-01-06T21:15:40","date_gmt":"2023-01-06T21:15:40","guid":{"rendered":"http:\/\/elterritorialweb.com.ar\/web\/?p=47726"},"modified":"2023-01-06T21:15:41","modified_gmt":"2023-01-06T21:15:41","slug":"ultiman-detalles-en-anoranzas-para-el-festival-de-la-chacarera","status":"publish","type":"post","link":"https:\/\/elterritorialweb.com.ar\/web\/ultiman-detalles-en-anoranzas-para-el-festival-de-la-chacarera\/","title":{"rendered":"ULTIMAN DETALLES EN A\u00d1ORANZAS, PARA EL FESTIVAL DE LA CHACARERA"},"content":{"rendered":"\n<p>Se inicia la recta final hacia la edici\u00f3n 52 del \u00abFestival Nacional de la Chacarera\u00bb, un evento 100% santiague\u00f1o, con la identidad de chacarera desde el montaje y la log\u00edstica del mismo. As\u00ed se va preparando una fiesta que celebra la m\u00fasica, danza, artesan\u00edas, creencias y costumbres que dibujan ante el mundo el paisaje de Santiago del Estero. <\/p>\n\n\n\n<figure class=\"wp-block-image size-large is-resized\"><a href=\"https:\/\/i0.wp.com\/elterritorialweb.com.ar\/web\/wp-content\/uploads\/2023\/01\/IMG-20230106-WA0031.jpg\"><img data-recalc-dims=\"1\" decoding=\"async\" data-src=\"https:\/\/i0.wp.com\/elterritorialweb.com.ar\/web\/wp-content\/uploads\/2023\/01\/IMG-20230106-WA0031.jpg?resize=381%2C214\" alt=\"\" class=\"wp-image-47728 lazyload\" width=\"381\" height=\"214\" data-srcset=\"https:\/\/i0.wp.com\/elterritorialweb.com.ar\/web\/wp-content\/uploads\/2023\/01\/IMG-20230106-WA0031.jpg?resize=1024%2C576&amp;ssl=1 1024w, https:\/\/i0.wp.com\/elterritorialweb.com.ar\/web\/wp-content\/uploads\/2023\/01\/IMG-20230106-WA0031.jpg?resize=300%2C169&amp;ssl=1 300w, https:\/\/i0.wp.com\/elterritorialweb.com.ar\/web\/wp-content\/uploads\/2023\/01\/IMG-20230106-WA0031.jpg?resize=768%2C432&amp;ssl=1 768w, https:\/\/i0.wp.com\/elterritorialweb.com.ar\/web\/wp-content\/uploads\/2023\/01\/IMG-20230106-WA0031.jpg?w=1280&amp;ssl=1 1280w\" data-sizes=\"(max-width: 381px) 100vw, 381px\" src=\"data:image\/svg+xml;base64,PHN2ZyB3aWR0aD0iMSIgaGVpZ2h0PSIxIiB4bWxucz0iaHR0cDovL3d3dy53My5vcmcvMjAwMC9zdmciPjwvc3ZnPg==\" style=\"--smush-placeholder-width: 381px; --smush-placeholder-aspect-ratio: 381\/214;\" \/><\/a><\/figure>\n\n\n\n<p>Este s\u00e1bado 7 de Enero a partir de las 21.30 horas,  se encender\u00e1 el escenario Agust\u00edn Carabajal para poner en evidencia el porqu\u00e9 de una tierra naturalmente musical, inmensa en cultura y m\u00e1gica en su danza. <\/p>\n\n\n\n<p>Las estradas se venden de manera anticipada en Absalon Rojas 149 y tambi\u00e9n online <a href=\"https:\/\/www.entradaweb.com.ar\/\" data-type=\"URL\" data-id=\"https:\/\/www.entradaweb.com.ar\/\">Entradaweb.com<\/a><\/p>\n","protected":false},"excerpt":{"rendered":"<p>Con motivo de realizarse el 52\u00b0Festival Nacional de la Chacarera, los organizadores preparan el escenario de Plaza A\u00f1oranzas para la gran fiesta del folklore.<\/p>\n","protected":false},"author":2,"featured_media":47727,"comment_status":"open","ping_status":"open","sticky":false,"template":"","format":"standard","meta":{"om_disable_all_campaigns":false,"_monsterinsights_skip_tracking":false,"_monsterinsights_sitenote_active":false,"_monsterinsights_sitenote_note":"","_monsterinsights_sitenote_category":0,"_uf_show_specific_survey":0,"_uf_disable_surveys":false,"jetpack_post_was_ever_published":false,"_jetpack_newsletter_access":"","_jetpack_dont_email_post_to_subs":false,"_jetpack_newsletter_tier_id":0,"_jetpack_memberships_contains_paywalled_content":false,"_jetpack_memberships_contains_paid_content":false,"footnotes":"","jetpack_publicize_message":"","jetpack_publicize_feature_enabled":true,"jetpack_social_post_already_shared":false,"jetpack_social_options":{"image_generator_settings":{"template":"highway","default_image_id":0,"font":"","enabled":false},"version":2}},"categories":[20],"tags":[],"class_list":["post-47726","post","type-post","status-publish","format-standard","has-post-thumbnail","hentry","category-especysociales"],"aioseo_notices":[],"views":11,"jetpack_publicize_connections":[],"jetpack_featured_media_url":"https:\/\/i0.wp.com\/elterritorialweb.com.ar\/web\/wp-content\/uploads\/2023\/01\/Screenshot_20230106-1434132.png?fit=720%2C400&ssl=1","jetpack_sharing_enabled":true,"_links":{"self":[{"href":"https:\/\/elterritorialweb.com.ar\/web\/wp-json\/wp\/v2\/posts\/47726","targetHints":{"allow":["GET"]}}],"collection":[{"href":"https:\/\/elterritorialweb.com.ar\/web\/wp-json\/wp\/v2\/posts"}],"about":[{"href":"https:\/\/elterritorialweb.com.ar\/web\/wp-json\/wp\/v2\/types\/post"}],"author":[{"embeddable":true,"href":"https:\/\/elterritorialweb.com.ar\/web\/wp-json\/wp\/v2\/users\/2"}],"replies":[{"embeddable":true,"href":"https:\/\/elterritorialweb.com.ar\/web\/wp-json\/wp\/v2\/comments?post=47726"}],"version-history":[{"count":1,"href":"https:\/\/elterritorialweb.com.ar\/web\/wp-json\/wp\/v2\/posts\/47726\/revisions"}],"predecessor-version":[{"id":47729,"href":"https:\/\/elterritorialweb.com.ar\/web\/wp-json\/wp\/v2\/posts\/47726\/revisions\/47729"}],"wp:featuredmedia":[{"embeddable":true,"href":"https:\/\/elterritorialweb.com.ar\/web\/wp-json\/wp\/v2\/media\/47727"}],"wp:attachment":[{"href":"https:\/\/elterritorialweb.com.ar\/web\/wp-json\/wp\/v2\/media?parent=47726"}],"wp:term":[{"taxonomy":"category","embeddable":true,"href":"https:\/\/elterritorialweb.com.ar\/web\/wp-json\/wp\/v2\/categories?post=47726"},{"taxonomy":"post_tag","embeddable":true,"href":"https:\/\/elterritorialweb.com.ar\/web\/wp-json\/wp\/v2\/tags?post=47726"}],"curies":[{"name":"wp","href":"https:\/\/api.w.org\/{rel}","templated":true}]}}