{"id":47730,"date":"2023-01-07T00:44:45","date_gmt":"2023-01-07T00:44:45","guid":{"rendered":"http:\/\/elterritorialweb.com.ar\/web\/?p=47730"},"modified":"2023-01-07T01:05:00","modified_gmt":"2023-01-07T01:05:00","slug":"el-arquero-marcos-ledesma-se-convirtio-en-jugador-de-central-cordoba","status":"publish","type":"post","link":"https:\/\/elterritorialweb.com.ar\/web\/el-arquero-marcos-ledesma-se-convirtio-en-jugador-de-central-cordoba\/","title":{"rendered":"EL ARQUERO MARCOS LEDESMA SE CONVIRTI\u00d3 EN JUGADOR DE CENTRAL C\u00d3RDOBA"},"content":{"rendered":"\n<p>El arquero Marcos Ledesma se convirti\u00f3 en nuevo jugador de Central C\u00f3rdoba. El futbolista de 26 a\u00f1os nacido en R\u00edo Cuarto, C\u00f3rdoba, se sum\u00f3 a pr\u00e9stamo desde Defensa y Justicia con una opci\u00f3n a compra y firm\u00f3 un contrato hasta el 31 de diciembre de 2023. <\/p>\n\n\n\n<p>El cordob\u00e9s se inici\u00f3 en Quilmes, luego pas\u00f3 por Defensa y Justicia y su \u00faltimo club fue Platense. Marcos se integrar\u00e1 al equipo el pr\u00f3ximo lunes cuando el plantel comience su concentraci\u00f3n en La Candela en Buenos Aires.<\/p>\n","protected":false},"excerpt":{"rendered":"<p>El ferroviario contin\u00faa sumando refuerzos de cara al inicio del campeonato del f\u00fatbol profesional.<\/p>\n","protected":false},"author":2,"featured_media":47733,"comment_status":"open","ping_status":"open","sticky":false,"template":"","format":"standard","meta":{"om_disable_all_campaigns":false,"_monsterinsights_skip_tracking":false,"_monsterinsights_sitenote_active":false,"_monsterinsights_sitenote_note":"","_monsterinsights_sitenote_category":0,"_uf_show_specific_survey":0,"_uf_disable_surveys":false,"jetpack_post_was_ever_published":false,"_jetpack_newsletter_access":"","_jetpack_dont_email_post_to_subs":false,"_jetpack_newsletter_tier_id":0,"_jetpack_memberships_contains_paywalled_content":false,"_jetpack_memberships_contains_paid_content":false,"footnotes":"","jetpack_publicize_message":"","jetpack_publicize_feature_enabled":true,"jetpack_social_post_already_shared":false,"jetpack_social_options":{"image_generator_settings":{"template":"highway","default_image_id":0,"font":"","enabled":false},"version":2}},"categories":[6],"tags":[],"class_list":["post-47730","post","type-post","status-publish","format-standard","has-post-thumbnail","hentry","category-deportes"],"aioseo_notices":[],"views":57,"jetpack_publicize_connections":[],"jetpack_featured_media_url":"https:\/\/i0.wp.com\/elterritorialweb.com.ar\/web\/wp-content\/uploads\/2023\/01\/IMG-20230106-WA00552.jpg?fit=960%2C767&ssl=1","jetpack_sharing_enabled":true,"_links":{"self":[{"href":"https:\/\/elterritorialweb.com.ar\/web\/wp-json\/wp\/v2\/posts\/47730","targetHints":{"allow":["GET"]}}],"collection":[{"href":"https:\/\/elterritorialweb.com.ar\/web\/wp-json\/wp\/v2\/posts"}],"about":[{"href":"https:\/\/elterritorialweb.com.ar\/web\/wp-json\/wp\/v2\/types\/post"}],"author":[{"embeddable":true,"href":"https:\/\/elterritorialweb.com.ar\/web\/wp-json\/wp\/v2\/users\/2"}],"replies":[{"embeddable":true,"href":"https:\/\/elterritorialweb.com.ar\/web\/wp-json\/wp\/v2\/comments?post=47730"}],"version-history":[{"count":2,"href":"https:\/\/elterritorialweb.com.ar\/web\/wp-json\/wp\/v2\/posts\/47730\/revisions"}],"predecessor-version":[{"id":47735,"href":"https:\/\/elterritorialweb.com.ar\/web\/wp-json\/wp\/v2\/posts\/47730\/revisions\/47735"}],"wp:featuredmedia":[{"embeddable":true,"href":"https:\/\/elterritorialweb.com.ar\/web\/wp-json\/wp\/v2\/media\/47733"}],"wp:attachment":[{"href":"https:\/\/elterritorialweb.com.ar\/web\/wp-json\/wp\/v2\/media?parent=47730"}],"wp:term":[{"taxonomy":"category","embeddable":true,"href":"https:\/\/elterritorialweb.com.ar\/web\/wp-json\/wp\/v2\/categories?post=47730"},{"taxonomy":"post_tag","embeddable":true,"href":"https:\/\/elterritorialweb.com.ar\/web\/wp-json\/wp\/v2\/tags?post=47730"}],"curies":[{"name":"wp","href":"https:\/\/api.w.org\/{rel}","templated":true}]}}