{"id":47736,"date":"2023-01-07T14:54:53","date_gmt":"2023-01-07T14:54:53","guid":{"rendered":"http:\/\/elterritorialweb.com.ar\/web\/?p=47736"},"modified":"2023-01-07T14:54:54","modified_gmt":"2023-01-07T14:54:54","slug":"fuentes-habilito-la-edicion-2023-de-santiago-es-tu-rio","status":"publish","type":"post","link":"https:\/\/elterritorialweb.com.ar\/web\/fuentes-habilito-la-edicion-2023-de-santiago-es-tu-rio\/","title":{"rendered":"FUENTES HABILIT\u00d3 LA EDICI\u00d3N 2023 DE SANTIAGO ES TU R\u00cdO"},"content":{"rendered":"\n<p>Ante una importante cantidad de vecinos, la jefa comunal habilit\u00f3 el espacio de recreaci\u00f3n y de actividad deportiva preferido por los santiague\u00f1os para el verano, en el predio ampliado y acondicionado de Alsina y Costanera Luis \u201cChacho\u201d Lescano.<br>En su recorrido por los stands de emprendedores y artesanos y las canchas habilitadas, la intendente Fuentes destac\u00f3 el trabajo articulado con los organismos de Turismo y Deportes de la provincia y las obras que permitieron mejorar y ampliar el espacio, que a\u00f1o a a\u00f1o, re\u00fane a la familia santiague\u00f1a.<br>Resalt\u00f3 tambi\u00e9n que en esta edici\u00f3n, quienes participen y la visiten, podr\u00e1n acceder a Wi Fi y de actividades gratuitas destinadas para todas las edades.<br>\u201cInvitamos a todos para que vengan a entretenerse y a divertirse y puedan disfrutar de otras actividades en paralelo, en sectores a lo largo de la costanera, recalc\u00f3 la Ing. Fuentes.<br>Asimismo, indic\u00f3 que en esta edici\u00f3n se agregaron m\u00e1s espacios, actividades \u201cy para que todos puedan pasar un agradable momento\u201d.<br>Tambi\u00e9n remarc\u00f3 que est\u00e1n presentes en el predio, los puestos destinados al cuidado del medio ambiente, a trav\u00e9s de los cestos de clasificaci\u00f3n de residuos, los de reciclado y el punto de Eco Canje.<br>Acompa\u00f1aron a la intendente en la habilitaci\u00f3n del programa de verano, la presidente del Consejo de Educaci\u00f3n de la Provincia, Mar\u00eda Elena Herrera, funcionarios del gabinete municipal, concejales y vecinos.<\/p>\n","protected":false},"excerpt":{"rendered":"<p>La intendente Ing. Norma Fuentes junto al secretario de Deportes de la Provincia, Carlos Dapello, y el subsecretario de Turismo, Nels\u00f3n Bravo, realiz\u00f3 la apertura de la temporada 2023 de Santiago es tu R\u00edo que se extender\u00e1 hasta fines de febrero en la ribera del Dulce.<\/p>\n","protected":false},"author":2,"featured_media":47737,"comment_status":"open","ping_status":"open","sticky":false,"template":"","format":"standard","meta":{"om_disable_all_campaigns":false,"_monsterinsights_skip_tracking":false,"_monsterinsights_sitenote_active":false,"_monsterinsights_sitenote_note":"","_monsterinsights_sitenote_category":0,"_uf_show_specific_survey":0,"_uf_disable_surveys":false,"jetpack_post_was_ever_published":false,"_jetpack_newsletter_access":"","_jetpack_dont_email_post_to_subs":false,"_jetpack_newsletter_tier_id":0,"_jetpack_memberships_contains_paywalled_content":false,"_jetpack_memberships_contains_paid_content":false,"footnotes":"","jetpack_publicize_message":"","jetpack_publicize_feature_enabled":true,"jetpack_social_post_already_shared":false,"jetpack_social_options":{"image_generator_settings":{"template":"highway","default_image_id":0,"font":"","enabled":false},"version":2}},"categories":[21],"tags":[],"class_list":["post-47736","post","type-post","status-publish","format-standard","has-post-thumbnail","hentry","category-locales"],"aioseo_notices":[],"views":24,"jetpack_publicize_connections":[],"jetpack_featured_media_url":"https:\/\/i0.wp.com\/elterritorialweb.com.ar\/web\/wp-content\/uploads\/2023\/01\/fuentes-rio.jpeg?fit=1039%2C559&ssl=1","jetpack_sharing_enabled":true,"_links":{"self":[{"href":"https:\/\/elterritorialweb.com.ar\/web\/wp-json\/wp\/v2\/posts\/47736","targetHints":{"allow":["GET"]}}],"collection":[{"href":"https:\/\/elterritorialweb.com.ar\/web\/wp-json\/wp\/v2\/posts"}],"about":[{"href":"https:\/\/elterritorialweb.com.ar\/web\/wp-json\/wp\/v2\/types\/post"}],"author":[{"embeddable":true,"href":"https:\/\/elterritorialweb.com.ar\/web\/wp-json\/wp\/v2\/users\/2"}],"replies":[{"embeddable":true,"href":"https:\/\/elterritorialweb.com.ar\/web\/wp-json\/wp\/v2\/comments?post=47736"}],"version-history":[{"count":1,"href":"https:\/\/elterritorialweb.com.ar\/web\/wp-json\/wp\/v2\/posts\/47736\/revisions"}],"predecessor-version":[{"id":47738,"href":"https:\/\/elterritorialweb.com.ar\/web\/wp-json\/wp\/v2\/posts\/47736\/revisions\/47738"}],"wp:featuredmedia":[{"embeddable":true,"href":"https:\/\/elterritorialweb.com.ar\/web\/wp-json\/wp\/v2\/media\/47737"}],"wp:attachment":[{"href":"https:\/\/elterritorialweb.com.ar\/web\/wp-json\/wp\/v2\/media?parent=47736"}],"wp:term":[{"taxonomy":"category","embeddable":true,"href":"https:\/\/elterritorialweb.com.ar\/web\/wp-json\/wp\/v2\/categories?post=47736"},{"taxonomy":"post_tag","embeddable":true,"href":"https:\/\/elterritorialweb.com.ar\/web\/wp-json\/wp\/v2\/tags?post=47736"}],"curies":[{"name":"wp","href":"https:\/\/api.w.org\/{rel}","templated":true}]}}