{"id":47739,"date":"2023-01-07T15:41:25","date_gmt":"2023-01-07T15:41:25","guid":{"rendered":"http:\/\/elterritorialweb.com.ar\/web\/?p=47739"},"modified":"2023-01-07T15:41:26","modified_gmt":"2023-01-07T15:41:26","slug":"los-reyes-magos-este-ano-llegaran-a-todos-los-barrios-bandenos","status":"publish","type":"post","link":"https:\/\/elterritorialweb.com.ar\/web\/los-reyes-magos-este-ano-llegaran-a-todos-los-barrios-bandenos\/","title":{"rendered":"LOS REYES MAGOS ESTE A\u00d1O LLEGAR\u00c1N A TODOS LOS BARRIOS BANDE\u00d1OS"},"content":{"rendered":"\n<p>El pasado viernes el festejo de Reyes Magos se realiz\u00f3 en el club Banfield del barrio Hom\u00f3nimo para alegrar a cientos de ni\u00f1os bande\u00f1os, donde hubo juegos, sorteos y espect\u00e1culos.<br>El evento fue organizado por la Municipalidad de La Banda y es el primero de los tres festejos destinados para los m\u00e1s peque\u00f1os; el segundo se realizar\u00e1 este s\u00e1bado en el Polideportivo Municipal del barrio Mishqui Mayu, sito en Av. Eva Per\u00f3n y Calchaqu\u00edes; mientras que el \u00faltimo se realizar\u00e1 el domingo en el Patin\u00f3dromo Municipal ubicado en Av. San Mart\u00edn N\u00b0 550 a partir de las 17.<\/p>\n\n\n\n<figure class=\"wp-block-image size-large\"><a href=\"https:\/\/i0.wp.com\/elterritorialweb.com.ar\/web\/wp-content\/uploads\/2023\/01\/IMG-20230107-WA0025.jpg\"><img data-recalc-dims=\"1\" decoding=\"async\" width=\"640\" height=\"426\" data-src=\"https:\/\/i0.wp.com\/elterritorialweb.com.ar\/web\/wp-content\/uploads\/2023\/01\/IMG-20230107-WA0025.jpg?resize=640%2C426\" alt=\"\" class=\"wp-image-47742 lazyload\" data-srcset=\"https:\/\/i0.wp.com\/elterritorialweb.com.ar\/web\/wp-content\/uploads\/2023\/01\/IMG-20230107-WA0025.jpg?resize=1024%2C682&amp;ssl=1 1024w, https:\/\/i0.wp.com\/elterritorialweb.com.ar\/web\/wp-content\/uploads\/2023\/01\/IMG-20230107-WA0025.jpg?resize=300%2C200&amp;ssl=1 300w, https:\/\/i0.wp.com\/elterritorialweb.com.ar\/web\/wp-content\/uploads\/2023\/01\/IMG-20230107-WA0025.jpg?resize=768%2C512&amp;ssl=1 768w, https:\/\/i0.wp.com\/elterritorialweb.com.ar\/web\/wp-content\/uploads\/2023\/01\/IMG-20230107-WA0025.jpg?w=1280&amp;ssl=1 1280w\" data-sizes=\"(max-width: 640px) 100vw, 640px\" src=\"data:image\/svg+xml;base64,PHN2ZyB3aWR0aD0iMSIgaGVpZ2h0PSIxIiB4bWxucz0iaHR0cDovL3d3dy53My5vcmcvMjAwMC9zdmciPjwvc3ZnPg==\" style=\"--smush-placeholder-width: 640px; --smush-placeholder-aspect-ratio: 640\/426;\" \/><\/a><\/figure>\n\n\n\n<p>En esta oportunidad estuvo presente el vice intendente, Gabriel Santill\u00e1n acompa\u00f1ado por autoridades del Ejecutivo y Legislativo, quien manifest\u00f3: \u00abQueremos hacer llegar el saludo de nuestro intendente, Roger Nediani a todas las familias y en especial a los ni\u00f1os que se han congregado en este primer festejo por el d\u00eda de Reyes, a trav\u00e9s de actividades l\u00fadicas, los ni\u00f1os se est\u00e1n divirtiendo\u201d.<br>\u201cLa idea principal es que los ni\u00f1os, a trav\u00e9s de todas estas actividades que estamos realizando puedan continuar con el aprendizaje en equipo, la solidaridad y compa\u00f1erismo\u00bb, finaliz\u00f3 Santill\u00e1n.<br>Por su parte, la secretaria de Gobierno, Victoria Torres expres\u00f3: \u00abEstamos contentos porque los ni\u00f1os pudieron participar pese a las altas temperaturas, est\u00e1n pasando un muy buen momento con animaciones, con castillos inflables y juegos, por lo que se est\u00e1n divirtiendo mucho\u00bb.<\/p>\n\n\n\n<figure class=\"wp-block-image size-large\"><a href=\"https:\/\/i0.wp.com\/elterritorialweb.com.ar\/web\/wp-content\/uploads\/2023\/01\/IMG-20230107-WA0027.jpg\"><img data-recalc-dims=\"1\" decoding=\"async\" width=\"640\" height=\"360\" data-src=\"https:\/\/i0.wp.com\/elterritorialweb.com.ar\/web\/wp-content\/uploads\/2023\/01\/IMG-20230107-WA0027.jpg?resize=640%2C360\" alt=\"\" class=\"wp-image-47741 lazyload\" data-srcset=\"https:\/\/i0.wp.com\/elterritorialweb.com.ar\/web\/wp-content\/uploads\/2023\/01\/IMG-20230107-WA0027.jpg?resize=1024%2C576&amp;ssl=1 1024w, https:\/\/i0.wp.com\/elterritorialweb.com.ar\/web\/wp-content\/uploads\/2023\/01\/IMG-20230107-WA0027.jpg?resize=300%2C169&amp;ssl=1 300w, https:\/\/i0.wp.com\/elterritorialweb.com.ar\/web\/wp-content\/uploads\/2023\/01\/IMG-20230107-WA0027.jpg?resize=768%2C432&amp;ssl=1 768w, https:\/\/i0.wp.com\/elterritorialweb.com.ar\/web\/wp-content\/uploads\/2023\/01\/IMG-20230107-WA0027.jpg?w=1280&amp;ssl=1 1280w\" data-sizes=\"(max-width: 640px) 100vw, 640px\" src=\"data:image\/svg+xml;base64,PHN2ZyB3aWR0aD0iMSIgaGVpZ2h0PSIxIiB4bWxucz0iaHR0cDovL3d3dy53My5vcmcvMjAwMC9zdmciPjwvc3ZnPg==\" style=\"--smush-placeholder-width: 640px; --smush-placeholder-aspect-ratio: 640\/360;\" \/><\/a><\/figure>\n\n\n\n<p>A su turno, el secretario de Coordinaci\u00f3n y Desarrollo Territorial, Mat\u00edas Nediani coment\u00f3: \u00abEstamos como municipio, en representaci\u00f3n de nuestro intendente, participando del festejo de D\u00eda de Reyes para todos los ni\u00f1os. Van a ser tres festejos en diferentes lugares de nuestra ciudad y nos sentimos contentos por la gran concurrencia y participaci\u00f3n de los ni\u00f1os\u00bb.<br>Finalmente, el vocal del Tribunal de Cuentas, Diego Ju\u00e1rez manifest\u00f3: \u00abEstamos acompa\u00f1ando este gran evento realizado por la Secretar\u00eda de Gobierno en coordinaci\u00f3n con la Secretaria de Desarrollo Territorial, concejales y viceintendente\u00bb.<\/p>\n\n\n\n<figure class=\"wp-block-image size-large\"><a href=\"https:\/\/i0.wp.com\/elterritorialweb.com.ar\/web\/wp-content\/uploads\/2023\/01\/IMG-20230107-WA0026.jpg\"><img data-recalc-dims=\"1\" decoding=\"async\" width=\"640\" height=\"426\" data-src=\"https:\/\/i0.wp.com\/elterritorialweb.com.ar\/web\/wp-content\/uploads\/2023\/01\/IMG-20230107-WA0026.jpg?resize=640%2C426\" alt=\"\" class=\"wp-image-47740 lazyload\" data-srcset=\"https:\/\/i0.wp.com\/elterritorialweb.com.ar\/web\/wp-content\/uploads\/2023\/01\/IMG-20230107-WA0026.jpg?resize=1024%2C682&amp;ssl=1 1024w, https:\/\/i0.wp.com\/elterritorialweb.com.ar\/web\/wp-content\/uploads\/2023\/01\/IMG-20230107-WA0026.jpg?resize=300%2C200&amp;ssl=1 300w, https:\/\/i0.wp.com\/elterritorialweb.com.ar\/web\/wp-content\/uploads\/2023\/01\/IMG-20230107-WA0026.jpg?resize=768%2C512&amp;ssl=1 768w, https:\/\/i0.wp.com\/elterritorialweb.com.ar\/web\/wp-content\/uploads\/2023\/01\/IMG-20230107-WA0026.jpg?w=1280&amp;ssl=1 1280w\" data-sizes=\"(max-width: 640px) 100vw, 640px\" src=\"data:image\/svg+xml;base64,PHN2ZyB3aWR0aD0iMSIgaGVpZ2h0PSIxIiB4bWxucz0iaHR0cDovL3d3dy53My5vcmcvMjAwMC9zdmciPjwvc3ZnPg==\" style=\"--smush-placeholder-width: 640px; --smush-placeholder-aspect-ratio: 640\/426;\" \/><\/a><\/figure>\n\n\n\n<p>\u00abGracias a cada vecino que concurri\u00f3 con sus hijos, el prop\u00f3sito es tratar de tener una excelente jornada divertida para cada ni\u00f1o y que se pueden llevar lindos premios\u00bb.<br>\u201cAgradecemos a las diferentes \u00e1reas del municipio que trabajaron en tal evento, como la Direcci\u00f3n de Deportes, Alerta Banda, Tr\u00e1nsito y Juventud, entre otras, que desarrollaron un trabajo excelente en conjunto; esto demuestra la gran predisposici\u00f3n de la gesti\u00f3n del intendente Nediani y tambi\u00e9n del Tribunal de Cuentas, que venimos a colaborar en estos eventos importantes para la comunidad\u00bb, concluy\u00f3 Ju\u00e1rez.<\/p>\n","protected":false},"excerpt":{"rendered":"<p>Por iniciativa del intendente Roger Nediani, este a\u00f1o los Reyes Magos llegar\u00e1n a los diferentes barrios program\u00e1ndose actividades en distintos sectores de la ciudad para este fin de semana.<\/p>\n","protected":false},"author":2,"featured_media":47743,"comment_status":"open","ping_status":"open","sticky":false,"template":"","format":"standard","meta":{"om_disable_all_campaigns":false,"_monsterinsights_skip_tracking":false,"_monsterinsights_sitenote_active":false,"_monsterinsights_sitenote_note":"","_monsterinsights_sitenote_category":0,"_uf_show_specific_survey":0,"_uf_disable_surveys":false,"jetpack_post_was_ever_published":false,"_jetpack_newsletter_access":"","_jetpack_dont_email_post_to_subs":false,"_jetpack_newsletter_tier_id":0,"_jetpack_memberships_contains_paywalled_content":false,"_jetpack_memberships_contains_paid_content":false,"footnotes":"","jetpack_publicize_message":"","jetpack_publicize_feature_enabled":true,"jetpack_social_post_already_shared":false,"jetpack_social_options":{"image_generator_settings":{"template":"highway","default_image_id":0,"font":"","enabled":false},"version":2}},"categories":[9],"tags":[],"class_list":["post-47739","post","type-post","status-publish","format-standard","has-post-thumbnail","hentry","category-banda"],"aioseo_notices":[],"views":15,"jetpack_publicize_connections":[],"jetpack_featured_media_url":"https:\/\/i0.wp.com\/elterritorialweb.com.ar\/web\/wp-content\/uploads\/2023\/01\/IMG-20230107-WA0021.jpg?fit=1280%2C853&ssl=1","jetpack_sharing_enabled":true,"_links":{"self":[{"href":"https:\/\/elterritorialweb.com.ar\/web\/wp-json\/wp\/v2\/posts\/47739","targetHints":{"allow":["GET"]}}],"collection":[{"href":"https:\/\/elterritorialweb.com.ar\/web\/wp-json\/wp\/v2\/posts"}],"about":[{"href":"https:\/\/elterritorialweb.com.ar\/web\/wp-json\/wp\/v2\/types\/post"}],"author":[{"embeddable":true,"href":"https:\/\/elterritorialweb.com.ar\/web\/wp-json\/wp\/v2\/users\/2"}],"replies":[{"embeddable":true,"href":"https:\/\/elterritorialweb.com.ar\/web\/wp-json\/wp\/v2\/comments?post=47739"}],"version-history":[{"count":1,"href":"https:\/\/elterritorialweb.com.ar\/web\/wp-json\/wp\/v2\/posts\/47739\/revisions"}],"predecessor-version":[{"id":47744,"href":"https:\/\/elterritorialweb.com.ar\/web\/wp-json\/wp\/v2\/posts\/47739\/revisions\/47744"}],"wp:featuredmedia":[{"embeddable":true,"href":"https:\/\/elterritorialweb.com.ar\/web\/wp-json\/wp\/v2\/media\/47743"}],"wp:attachment":[{"href":"https:\/\/elterritorialweb.com.ar\/web\/wp-json\/wp\/v2\/media?parent=47739"}],"wp:term":[{"taxonomy":"category","embeddable":true,"href":"https:\/\/elterritorialweb.com.ar\/web\/wp-json\/wp\/v2\/categories?post=47739"},{"taxonomy":"post_tag","embeddable":true,"href":"https:\/\/elterritorialweb.com.ar\/web\/wp-json\/wp\/v2\/tags?post=47739"}],"curies":[{"name":"wp","href":"https:\/\/api.w.org\/{rel}","templated":true}]}}