{"id":47745,"date":"2023-01-07T16:01:35","date_gmt":"2023-01-07T16:01:35","guid":{"rendered":"http:\/\/elterritorialweb.com.ar\/web\/?p=47745"},"modified":"2023-01-08T19:20:03","modified_gmt":"2023-01-08T19:20:03","slug":"higuito-flores-se-presentara-por-primera-vez-en-el-escenario-jacinto-piedra","status":"publish","type":"post","link":"https:\/\/elterritorialweb.com.ar\/web\/higuito-flores-se-presentara-por-primera-vez-en-el-escenario-jacinto-piedra\/","title":{"rendered":"HUGUITO FLORES SE PRESENTAR\u00c1 POR PRIMERA VEZ EN EL ESCENARIO \u00abJACINTO PIEDRA\u00bb"},"content":{"rendered":"\n<p>Durante la entrevista, Huguito Flores manifest\u00f3: \u00abEs un placer ser invitado por la Municipalidad de La Banda, voy a hacer el debut en el Festival de La Salamanca, lo que es muy importante para m\u00ed, para todos los santiague\u00f1os y bande\u00f1os\u00bb.<br>\u00abSe viene un show muy lindo, ojal\u00e1 la gente disfrute much\u00edsimo porque es un d\u00eda muy ansiado por m\u00ed, que siempre quise tocar en este festival que es un orgullo para todos los santiague\u00f1os\u00bb.<\/p>\n\n\n\n<figure class=\"wp-block-image size-full\"><a href=\"https:\/\/i0.wp.com\/elterritorialweb.com.ar\/web\/wp-content\/uploads\/2023\/01\/IMG-20230107-WA0022.jpg\"><img data-recalc-dims=\"1\" decoding=\"async\" width=\"407\" height=\"417\" data-src=\"https:\/\/i0.wp.com\/elterritorialweb.com.ar\/web\/wp-content\/uploads\/2023\/01\/IMG-20230107-WA0022.jpg?resize=407%2C417\" alt=\"\" class=\"wp-image-47747 lazyload\" data-srcset=\"https:\/\/i0.wp.com\/elterritorialweb.com.ar\/web\/wp-content\/uploads\/2023\/01\/IMG-20230107-WA0022.jpg?w=407&amp;ssl=1 407w, https:\/\/i0.wp.com\/elterritorialweb.com.ar\/web\/wp-content\/uploads\/2023\/01\/IMG-20230107-WA0022.jpg?resize=293%2C300&amp;ssl=1 293w\" data-sizes=\"(max-width: 407px) 100vw, 407px\" src=\"data:image\/svg+xml;base64,PHN2ZyB3aWR0aD0iMSIgaGVpZ2h0PSIxIiB4bWxucz0iaHR0cDovL3d3dy53My5vcmcvMjAwMC9zdmciPjwvc3ZnPg==\" style=\"--smush-placeholder-width: 407px; --smush-placeholder-aspect-ratio: 407\/417;\" \/><\/a><\/figure>\n\n\n\n<p>\u00abVamos a estar muy felices de tener toda la familia y amigos cerca en tan esperada noche, present\u00e1ndonos en lo que ser\u00e1 la velada de apertura de este gran e imponente festival nacional que tiene el noroeste argentino\u00bb, finaliz\u00f3 Flores.<br>Cabe destacar que el artista estar\u00e1 acompa\u00f1ado por cinco m\u00fasicos santiague\u00f1os, oriundos de la ciudad de Clodomira y Capital. El cantante y su agrupaci\u00f3n se presentar\u00e1n el jueves 12 en el escenario mayor \u00abJacinto Piedra\u00bb.<\/p>\n","protected":false},"excerpt":{"rendered":"<p>La cartelera del Festival Nacional de La Salamanca contin\u00faa ampliando su gama musical para que pueda ser disfrutada en familia, es por ello que en su XXXI Edici\u00f3n, el Festival Nacional de La Salamanca sum\u00f3 a Huguito Flores y \u00abEl S\u00faper\u00bb con su ritmo de guaracha santiague\u00f1a.<\/p>\n","protected":false},"author":2,"featured_media":47746,"comment_status":"open","ping_status":"open","sticky":false,"template":"","format":"standard","meta":{"om_disable_all_campaigns":false,"_monsterinsights_skip_tracking":false,"_monsterinsights_sitenote_active":false,"_monsterinsights_sitenote_note":"","_monsterinsights_sitenote_category":0,"_uf_show_specific_survey":0,"_uf_disable_surveys":false,"jetpack_post_was_ever_published":false,"_jetpack_newsletter_access":"","_jetpack_dont_email_post_to_subs":false,"_jetpack_newsletter_tier_id":0,"_jetpack_memberships_contains_paywalled_content":false,"_jetpack_memberships_contains_paid_content":false,"footnotes":"","jetpack_publicize_message":"","jetpack_publicize_feature_enabled":true,"jetpack_social_post_already_shared":false,"jetpack_social_options":{"image_generator_settings":{"template":"highway","default_image_id":0,"font":"","enabled":false},"version":2}},"categories":[9,20],"tags":[],"class_list":["post-47745","post","type-post","status-publish","format-standard","has-post-thumbnail","hentry","category-banda","category-especysociales"],"aioseo_notices":[],"views":43,"jetpack_publicize_connections":[],"jetpack_featured_media_url":"https:\/\/i0.wp.com\/elterritorialweb.com.ar\/web\/wp-content\/uploads\/2023\/01\/IMG-20230107-WA0023.jpg?fit=1600%2C1200&ssl=1","jetpack_sharing_enabled":true,"_links":{"self":[{"href":"https:\/\/elterritorialweb.com.ar\/web\/wp-json\/wp\/v2\/posts\/47745","targetHints":{"allow":["GET"]}}],"collection":[{"href":"https:\/\/elterritorialweb.com.ar\/web\/wp-json\/wp\/v2\/posts"}],"about":[{"href":"https:\/\/elterritorialweb.com.ar\/web\/wp-json\/wp\/v2\/types\/post"}],"author":[{"embeddable":true,"href":"https:\/\/elterritorialweb.com.ar\/web\/wp-json\/wp\/v2\/users\/2"}],"replies":[{"embeddable":true,"href":"https:\/\/elterritorialweb.com.ar\/web\/wp-json\/wp\/v2\/comments?post=47745"}],"version-history":[{"count":2,"href":"https:\/\/elterritorialweb.com.ar\/web\/wp-json\/wp\/v2\/posts\/47745\/revisions"}],"predecessor-version":[{"id":47800,"href":"https:\/\/elterritorialweb.com.ar\/web\/wp-json\/wp\/v2\/posts\/47745\/revisions\/47800"}],"wp:featuredmedia":[{"embeddable":true,"href":"https:\/\/elterritorialweb.com.ar\/web\/wp-json\/wp\/v2\/media\/47746"}],"wp:attachment":[{"href":"https:\/\/elterritorialweb.com.ar\/web\/wp-json\/wp\/v2\/media?parent=47745"}],"wp:term":[{"taxonomy":"category","embeddable":true,"href":"https:\/\/elterritorialweb.com.ar\/web\/wp-json\/wp\/v2\/categories?post=47745"},{"taxonomy":"post_tag","embeddable":true,"href":"https:\/\/elterritorialweb.com.ar\/web\/wp-json\/wp\/v2\/tags?post=47745"}],"curies":[{"name":"wp","href":"https:\/\/api.w.org\/{rel}","templated":true}]}}