{"id":47762,"date":"2023-01-07T21:51:58","date_gmt":"2023-01-07T21:51:58","guid":{"rendered":"http:\/\/elterritorialweb.com.ar\/web\/?p=47762"},"modified":"2023-01-07T21:51:58","modified_gmt":"2023-01-07T21:51:58","slug":"diputados-del-oficialismo-quieren-que-los-jueces-de-la-corte-declaren-en-comision","status":"publish","type":"post","link":"https:\/\/elterritorialweb.com.ar\/web\/diputados-del-oficialismo-quieren-que-los-jueces-de-la-corte-declaren-en-comision\/","title":{"rendered":"DIPUTADOS DEL OFICIALISMO QUIEREN QUE LOS JUECES DE LA CORTE DECLAREN EN COMISI\u00d3N"},"content":{"rendered":"\n<p>Los diputados del Frente de Todos se alistan para iniciar el proceso de\u00a0<strong>juicio pol\u00edtico contra los jueces de la Corte Suprema<\/strong>\u00a0de Justicia impulsado por el presidente Alberto Fern\u00e1ndez y varios gobernadores. El oficialismo pedir\u00e1 que los magistrados del m\u00e1ximo tribunal\u00a0<strong>sean llamados a declarar<\/strong>.<\/p>\n\n\n\n<p>Seg\u00fan el reglamento, una vez iniciada la investigaci\u00f3n con mayor\u00eda simple, la comisi\u00f3n pedir\u00e1 documentaci\u00f3n a la Justicia y llamar\u00e1 a los magistrados acusados, que pueden, sin embargo, excusarse de testimoniar y citar adem\u00e1s a otros testigos.<\/p>\n\n\n\n<p><strong>El oficialismo cuenta con los votos suficientes para aprobar la apertura del sumario y emitir dictamen<\/strong>, una vez finalizado el proceso de investigaci\u00f3n. Luego tendr\u00e1 dos meses al menos para llevar adelante el proceso y buscar posibles acuerdos parlamentarios que le permitan sumar voluntades para darle continuidad al proceso.<\/p>\n\n\n\n<p>En ese sentido, el jefe del bloque de diputados del Frente de Todos,&nbsp;<strong>Germ\u00e1n Mart\u00ednez<\/strong>, asegur\u00f3 que se lograr\u00e1&nbsp;<strong>\u00abcada vez m\u00e1s consenso\u00bb<\/strong>&nbsp;a medida que se avance en el juicio pol\u00edtico contra los integrantes de la Corte Suprema.<\/p>\n\n\n\n<p>\u00abVamos a dar un tr\u00e1mite&nbsp;<strong>con seriedad, argumentos y sin chicanas<\/strong>. A medida que vayamos avanzando, te aseguro que va a haber cada vez m\u00e1s consenso en la decisi\u00f3n del presidente y los gobernadores\u00bb, se\u00f1al\u00f3 el legislador santafesino.<\/p>\n","protected":false},"excerpt":{"rendered":"<p>Los magistrados pueden excusarse de testimoniar. El Frente de Todos tiene mayor\u00eda para abrir una investigaci\u00f3n y emitir dictamen, aunque para aprobar ese proceso en el recinto necesita dos tercios de los miembros presentes.<\/p>\n","protected":false},"author":2,"featured_media":47763,"comment_status":"open","ping_status":"open","sticky":false,"template":"","format":"standard","meta":{"om_disable_all_campaigns":false,"_monsterinsights_skip_tracking":false,"_monsterinsights_sitenote_active":false,"_monsterinsights_sitenote_note":"","_monsterinsights_sitenote_category":0,"_uf_show_specific_survey":0,"_uf_disable_surveys":false,"jetpack_post_was_ever_published":false,"_jetpack_newsletter_access":"","_jetpack_dont_email_post_to_subs":false,"_jetpack_newsletter_tier_id":0,"_jetpack_memberships_contains_paywalled_content":false,"_jetpack_memberships_contains_paid_content":false,"footnotes":"","jetpack_publicize_message":"","jetpack_publicize_feature_enabled":true,"jetpack_social_post_already_shared":false,"jetpack_social_options":{"image_generator_settings":{"template":"highway","default_image_id":0,"font":"","enabled":false},"version":2}},"categories":[4,18],"tags":[],"class_list":["post-47762","post","type-post","status-publish","format-standard","has-post-thumbnail","hentry","category-destacadas","category-politica"],"aioseo_notices":[],"views":13,"jetpack_publicize_connections":[],"jetpack_featured_media_url":"https:\/\/i0.wp.com\/elterritorialweb.com.ar\/web\/wp-content\/uploads\/2023\/01\/diputadosjpg.jpg?fit=691%2C388&ssl=1","jetpack_sharing_enabled":true,"_links":{"self":[{"href":"https:\/\/elterritorialweb.com.ar\/web\/wp-json\/wp\/v2\/posts\/47762","targetHints":{"allow":["GET"]}}],"collection":[{"href":"https:\/\/elterritorialweb.com.ar\/web\/wp-json\/wp\/v2\/posts"}],"about":[{"href":"https:\/\/elterritorialweb.com.ar\/web\/wp-json\/wp\/v2\/types\/post"}],"author":[{"embeddable":true,"href":"https:\/\/elterritorialweb.com.ar\/web\/wp-json\/wp\/v2\/users\/2"}],"replies":[{"embeddable":true,"href":"https:\/\/elterritorialweb.com.ar\/web\/wp-json\/wp\/v2\/comments?post=47762"}],"version-history":[{"count":1,"href":"https:\/\/elterritorialweb.com.ar\/web\/wp-json\/wp\/v2\/posts\/47762\/revisions"}],"predecessor-version":[{"id":47764,"href":"https:\/\/elterritorialweb.com.ar\/web\/wp-json\/wp\/v2\/posts\/47762\/revisions\/47764"}],"wp:featuredmedia":[{"embeddable":true,"href":"https:\/\/elterritorialweb.com.ar\/web\/wp-json\/wp\/v2\/media\/47763"}],"wp:attachment":[{"href":"https:\/\/elterritorialweb.com.ar\/web\/wp-json\/wp\/v2\/media?parent=47762"}],"wp:term":[{"taxonomy":"category","embeddable":true,"href":"https:\/\/elterritorialweb.com.ar\/web\/wp-json\/wp\/v2\/categories?post=47762"},{"taxonomy":"post_tag","embeddable":true,"href":"https:\/\/elterritorialweb.com.ar\/web\/wp-json\/wp\/v2\/tags?post=47762"}],"curies":[{"name":"wp","href":"https:\/\/api.w.org\/{rel}","templated":true}]}}