{"id":47765,"date":"2023-01-08T04:33:44","date_gmt":"2023-01-08T04:33:44","guid":{"rendered":"http:\/\/elterritorialweb.com.ar\/web\/?p=47765"},"modified":"2023-01-08T14:55:15","modified_gmt":"2023-01-08T14:55:15","slug":"nestor-garnica-deslumbro-con-su-musica-en-el-festival-de-la-chacarera","status":"publish","type":"post","link":"https:\/\/elterritorialweb.com.ar\/web\/nestor-garnica-deslumbro-con-su-musica-en-el-festival-de-la-chacarera\/","title":{"rendered":"NESTOR GARNICA DESLUMBR\u00d3 CON SU M\u00daSICA EN EL FESTIVAL DE LA CHACARERA"},"content":{"rendered":"\n<p>En una noche llena de emociones se present\u00f3 N\u00e9stor Garnica en el escenario \u00abAgust\u00edn Carabajal\u00bb de Plaza A\u00f1oranzas donde realiz\u00f3 su repertorio de chacareras y Zambas.<\/p>\n\n\n\n<figure class=\"wp-block-image size-large\"><a href=\"https:\/\/i0.wp.com\/elterritorialweb.com.ar\/web\/wp-content\/uploads\/2023\/01\/IMG-20230108-WA0008-scaled.jpeg\"><img data-recalc-dims=\"1\" decoding=\"async\" width=\"576\" height=\"1024\" data-src=\"https:\/\/i0.wp.com\/elterritorialweb.com.ar\/web\/wp-content\/uploads\/2023\/01\/IMG-20230108-WA0008.jpeg?resize=576%2C1024\" alt=\"\" class=\"wp-image-47792 lazyload\" data-srcset=\"https:\/\/i0.wp.com\/elterritorialweb.com.ar\/web\/wp-content\/uploads\/2023\/01\/IMG-20230108-WA0008-scaled.jpeg?resize=576%2C1024&amp;ssl=1 576w, https:\/\/i0.wp.com\/elterritorialweb.com.ar\/web\/wp-content\/uploads\/2023\/01\/IMG-20230108-WA0008-scaled.jpeg?resize=169%2C300&amp;ssl=1 169w, https:\/\/i0.wp.com\/elterritorialweb.com.ar\/web\/wp-content\/uploads\/2023\/01\/IMG-20230108-WA0008-scaled.jpeg?resize=768%2C1365&amp;ssl=1 768w, https:\/\/i0.wp.com\/elterritorialweb.com.ar\/web\/wp-content\/uploads\/2023\/01\/IMG-20230108-WA0008-scaled.jpeg?resize=864%2C1536&amp;ssl=1 864w, https:\/\/i0.wp.com\/elterritorialweb.com.ar\/web\/wp-content\/uploads\/2023\/01\/IMG-20230108-WA0008-scaled.jpeg?resize=1152%2C2048&amp;ssl=1 1152w, https:\/\/i0.wp.com\/elterritorialweb.com.ar\/web\/wp-content\/uploads\/2023\/01\/IMG-20230108-WA0008-scaled.jpeg?resize=1024%2C1820&amp;ssl=1 1024w, https:\/\/i0.wp.com\/elterritorialweb.com.ar\/web\/wp-content\/uploads\/2023\/01\/IMG-20230108-WA0008-scaled.jpeg?w=1440&amp;ssl=1 1440w, https:\/\/i0.wp.com\/elterritorialweb.com.ar\/web\/wp-content\/uploads\/2023\/01\/IMG-20230108-WA0008-scaled.jpeg?w=1280 1280w\" data-sizes=\"(max-width: 576px) 100vw, 576px\" src=\"data:image\/svg+xml;base64,PHN2ZyB3aWR0aD0iMSIgaGVpZ2h0PSIxIiB4bWxucz0iaHR0cDovL3d3dy53My5vcmcvMjAwMC9zdmciPjwvc3ZnPg==\" style=\"--smush-placeholder-width: 576px; --smush-placeholder-aspect-ratio: 576\/1024;\" \/><\/a><\/figure>\n\n\n\n<p>Embajador del folklore en los distintos escenarios del pa\u00eds, el violinero del tiempo hizo bailar al p\u00fablico presente, que devolvi\u00f3 con aplausos y ovaciones el show del artista bande\u00f1o.<\/p>\n","protected":false},"excerpt":{"rendered":"<p>El violinero del tiempo se present\u00f3 en el 52\u00b0 Festival Nacional de la Chacarera, realizado en Plaza A\u00f1oranzas.<\/p>\n","protected":false},"author":2,"featured_media":47766,"comment_status":"open","ping_status":"open","sticky":false,"template":"","format":"standard","meta":{"om_disable_all_campaigns":false,"_monsterinsights_skip_tracking":false,"_monsterinsights_sitenote_active":false,"_monsterinsights_sitenote_note":"","_monsterinsights_sitenote_category":0,"_uf_show_specific_survey":0,"_uf_disable_surveys":false,"jetpack_post_was_ever_published":false,"_jetpack_newsletter_access":"","_jetpack_dont_email_post_to_subs":false,"_jetpack_newsletter_tier_id":0,"_jetpack_memberships_contains_paywalled_content":false,"_jetpack_memberships_contains_paid_content":false,"footnotes":"","jetpack_publicize_message":"","jetpack_publicize_feature_enabled":true,"jetpack_social_post_already_shared":false,"jetpack_social_options":{"image_generator_settings":{"template":"highway","default_image_id":0,"font":"","enabled":false},"version":2}},"categories":[4,20],"tags":[],"class_list":["post-47765","post","type-post","status-publish","format-standard","has-post-thumbnail","hentry","category-destacadas","category-especysociales"],"aioseo_notices":[],"views":13,"jetpack_publicize_connections":[],"jetpack_featured_media_url":"https:\/\/i0.wp.com\/elterritorialweb.com.ar\/web\/wp-content\/uploads\/2023\/01\/IMG-20230108-WA0010-scaled.jpeg?fit=2560%2C1440&ssl=1","jetpack_sharing_enabled":true,"_links":{"self":[{"href":"https:\/\/elterritorialweb.com.ar\/web\/wp-json\/wp\/v2\/posts\/47765","targetHints":{"allow":["GET"]}}],"collection":[{"href":"https:\/\/elterritorialweb.com.ar\/web\/wp-json\/wp\/v2\/posts"}],"about":[{"href":"https:\/\/elterritorialweb.com.ar\/web\/wp-json\/wp\/v2\/types\/post"}],"author":[{"embeddable":true,"href":"https:\/\/elterritorialweb.com.ar\/web\/wp-json\/wp\/v2\/users\/2"}],"replies":[{"embeddable":true,"href":"https:\/\/elterritorialweb.com.ar\/web\/wp-json\/wp\/v2\/comments?post=47765"}],"version-history":[{"count":4,"href":"https:\/\/elterritorialweb.com.ar\/web\/wp-json\/wp\/v2\/posts\/47765\/revisions"}],"predecessor-version":[{"id":47793,"href":"https:\/\/elterritorialweb.com.ar\/web\/wp-json\/wp\/v2\/posts\/47765\/revisions\/47793"}],"wp:featuredmedia":[{"embeddable":true,"href":"https:\/\/elterritorialweb.com.ar\/web\/wp-json\/wp\/v2\/media\/47766"}],"wp:attachment":[{"href":"https:\/\/elterritorialweb.com.ar\/web\/wp-json\/wp\/v2\/media?parent=47765"}],"wp:term":[{"taxonomy":"category","embeddable":true,"href":"https:\/\/elterritorialweb.com.ar\/web\/wp-json\/wp\/v2\/categories?post=47765"},{"taxonomy":"post_tag","embeddable":true,"href":"https:\/\/elterritorialweb.com.ar\/web\/wp-json\/wp\/v2\/tags?post=47765"}],"curies":[{"name":"wp","href":"https:\/\/api.w.org\/{rel}","templated":true}]}}