{"id":47804,"date":"2023-01-09T17:44:12","date_gmt":"2023-01-09T17:44:12","guid":{"rendered":"http:\/\/elterritorialweb.com.ar\/web\/?p=47804"},"modified":"2023-01-09T17:48:36","modified_gmt":"2023-01-09T17:48:36","slug":"ismael-vargas-se-presentara-en-la-xxxi-edicion-de-la-salamanca","status":"publish","type":"post","link":"https:\/\/elterritorialweb.com.ar\/web\/ismael-vargas-se-presentara-en-la-xxxi-edicion-de-la-salamanca\/","title":{"rendered":"ISMAEL VARGAS SE PRESENTAR\u00c1 EN LA XXXI EDICI\u00d3N DE LA SALAMANCA"},"content":{"rendered":"\n<p>Este es el tercer a\u00f1o en que el artista participar\u00e1 en el escenario Jacinto Piedra, \u00abes una oportunidad espectacular y estoy feliz de poder participar una vez m\u00e1s en el festival.<br>Vargas canta folclore tradicional, con un toque moderno, acompa\u00f1ado de bater\u00eda, guitarra el\u00e9ctrica, bajo y percusi\u00f3n; \u00absiempre con ra\u00edz folcl\u00f3rica y de ah\u00ed vamos diversificando con la nueva m\u00fasica y los nuevos sonidos\u00bb.<br>El a\u00f1atuyense record\u00f3 que vivi\u00f3 muchos a\u00f1os en C\u00f3rdoba donde estudi\u00f3 y se form\u00f3, actualmente vive en Buenos Aires y se presentar\u00e1 el d\u00eda domingo 5 de febrero.<br>Agreg\u00f3: \u00abMe siento muy feliz de estar activo despu\u00e9s de la pandemia porque est\u00e1 enfermedad afect\u00f3 a nivel emocional y laboral a much\u00edsimas personas y en mi caso particular de manera m\u00e1s profunda porque hemos tenido que reconvertirnos y actuar de otra manera, trabajar la m\u00fasica desde nuestro hogar, con otros formatos como la virtualidad\u00bb<br>\u00abPoder estar con la gente y poder expresar lo que uno siente y lo que viene trabajando por mucho tiempo es algo fant\u00e1stico, es la situaci\u00f3n ideal porque ese lapso de tiempo que hemos atravesado ha sido muy duro para todos\u00bb, finaliz\u00f3 Vargas.<\/p>\n\n\n\n<p><\/p>\n","protected":false},"excerpt":{"rendered":"<p>Ismael Vargas confirm\u00f3 su presencia en el cierre del Festival Nacional de La Salamanca en su Edici\u00f3n XXXI que tendr\u00e1 lugar como cada a\u00f1o en el Club Sarmiento del 2 al 5 de febrero.<\/p>\n","protected":false},"author":2,"featured_media":47833,"comment_status":"open","ping_status":"open","sticky":false,"template":"","format":"standard","meta":{"om_disable_all_campaigns":false,"_monsterinsights_skip_tracking":false,"_monsterinsights_sitenote_active":false,"_monsterinsights_sitenote_note":"","_monsterinsights_sitenote_category":0,"_uf_show_specific_survey":0,"_uf_disable_surveys":false,"jetpack_post_was_ever_published":false,"_jetpack_newsletter_access":"","_jetpack_dont_email_post_to_subs":false,"_jetpack_newsletter_tier_id":0,"_jetpack_memberships_contains_paywalled_content":false,"_jetpack_memberships_contains_paid_content":false,"footnotes":"","jetpack_publicize_message":"","jetpack_publicize_feature_enabled":true,"jetpack_social_post_already_shared":false,"jetpack_social_options":{"image_generator_settings":{"template":"highway","default_image_id":0,"font":"","enabled":false},"version":2}},"categories":[9,20],"tags":[],"class_list":["post-47804","post","type-post","status-publish","format-standard","has-post-thumbnail","hentry","category-banda","category-especysociales"],"aioseo_notices":[],"views":16,"jetpack_publicize_connections":[],"jetpack_featured_media_url":"https:\/\/i0.wp.com\/elterritorialweb.com.ar\/web\/wp-content\/uploads\/2023\/01\/IMG-20230109-WA00082.jpg?fit=1080%2C851&ssl=1","jetpack_sharing_enabled":true,"_links":{"self":[{"href":"https:\/\/elterritorialweb.com.ar\/web\/wp-json\/wp\/v2\/posts\/47804","targetHints":{"allow":["GET"]}}],"collection":[{"href":"https:\/\/elterritorialweb.com.ar\/web\/wp-json\/wp\/v2\/posts"}],"about":[{"href":"https:\/\/elterritorialweb.com.ar\/web\/wp-json\/wp\/v2\/types\/post"}],"author":[{"embeddable":true,"href":"https:\/\/elterritorialweb.com.ar\/web\/wp-json\/wp\/v2\/users\/2"}],"replies":[{"embeddable":true,"href":"https:\/\/elterritorialweb.com.ar\/web\/wp-json\/wp\/v2\/comments?post=47804"}],"version-history":[{"count":2,"href":"https:\/\/elterritorialweb.com.ar\/web\/wp-json\/wp\/v2\/posts\/47804\/revisions"}],"predecessor-version":[{"id":47836,"href":"https:\/\/elterritorialweb.com.ar\/web\/wp-json\/wp\/v2\/posts\/47804\/revisions\/47836"}],"wp:featuredmedia":[{"embeddable":true,"href":"https:\/\/elterritorialweb.com.ar\/web\/wp-json\/wp\/v2\/media\/47833"}],"wp:attachment":[{"href":"https:\/\/elterritorialweb.com.ar\/web\/wp-json\/wp\/v2\/media?parent=47804"}],"wp:term":[{"taxonomy":"category","embeddable":true,"href":"https:\/\/elterritorialweb.com.ar\/web\/wp-json\/wp\/v2\/categories?post=47804"},{"taxonomy":"post_tag","embeddable":true,"href":"https:\/\/elterritorialweb.com.ar\/web\/wp-json\/wp\/v2\/tags?post=47804"}],"curies":[{"name":"wp","href":"https:\/\/api.w.org\/{rel}","templated":true}]}}