{"id":47805,"date":"2023-01-09T02:37:19","date_gmt":"2023-01-09T02:37:19","guid":{"rendered":"http:\/\/elterritorialweb.com.ar\/web\/?p=47805"},"modified":"2023-01-09T02:37:19","modified_gmt":"2023-01-09T02:37:19","slug":"miles-de-personas-colmaron-el-predio-de-santiago-es-tu-rio","status":"publish","type":"post","link":"https:\/\/elterritorialweb.com.ar\/web\/miles-de-personas-colmaron-el-predio-de-santiago-es-tu-rio\/","title":{"rendered":"MILES DE PERSONAS COLMARON EL PREDIO DE SANTIAGO ES TU R\u00cdO"},"content":{"rendered":"\n<p>El programa de verano ratific\u00f3 su gran convocatoria de quienes disfrutan de los renovados espacios y servicios en la ribera del Dulce destinados para todas las edades.<br>Para esta edici\u00f3n, el municipio puso a disposici\u00f3n paseos turisticos en los colectivos experimentales el\u00e9ctricos, siete canchas de arena y una de basquet 3 x 3, todas con sus respectivas gradas para espectadores, sectores para pic nic, una feria artesanal con emprendedores locales, juegos infantiles, wi fi en el predio, entre otros.<br>Asimismo, los concurrentes participaron de clases de zumba y los recitales con diversos estilos musicales. Por otro lado, tambi\u00e9n se instal\u00f3 una sala de atenci\u00f3n ante emergencias de salud.<br>Las numerosas actividades se llevan adelante en articulaci\u00f3n con la Secretar\u00eda de Deportes y la Subsecretar\u00eda de Turismo de la Provincia.<\/p>\n","protected":false},"excerpt":{"rendered":"<p>Vecinos y turistas colmaron el amplio predio de Santiago es Tu R\u00edo durante el domingo para formar parte de las actividades recreativas libres y gratuitas organizadas por la<br \/>\nMunicipalidad de la Capital.<\/p>\n","protected":false},"author":2,"featured_media":47806,"comment_status":"open","ping_status":"open","sticky":false,"template":"","format":"standard","meta":{"om_disable_all_campaigns":false,"_monsterinsights_skip_tracking":false,"_monsterinsights_sitenote_active":false,"_monsterinsights_sitenote_note":"","_monsterinsights_sitenote_category":0,"_uf_show_specific_survey":0,"_uf_disable_surveys":false,"jetpack_post_was_ever_published":false,"_jetpack_newsletter_access":"","_jetpack_dont_email_post_to_subs":false,"_jetpack_newsletter_tier_id":0,"_jetpack_memberships_contains_paywalled_content":false,"_jetpack_memberships_contains_paid_content":false,"footnotes":"","jetpack_publicize_message":"","jetpack_publicize_feature_enabled":true,"jetpack_social_post_already_shared":false,"jetpack_social_options":{"image_generator_settings":{"template":"highway","default_image_id":0,"font":"","enabled":false},"version":2}},"categories":[21],"tags":[],"class_list":["post-47805","post","type-post","status-publish","format-standard","has-post-thumbnail","hentry","category-locales"],"aioseo_notices":[],"views":28,"jetpack_publicize_connections":[],"jetpack_featured_media_url":"https:\/\/i0.wp.com\/elterritorialweb.com.ar\/web\/wp-content\/uploads\/2023\/01\/Santiago-es-tu-rio-domingo.jpeg?fit=1280%2C720&ssl=1","jetpack_sharing_enabled":true,"_links":{"self":[{"href":"https:\/\/elterritorialweb.com.ar\/web\/wp-json\/wp\/v2\/posts\/47805","targetHints":{"allow":["GET"]}}],"collection":[{"href":"https:\/\/elterritorialweb.com.ar\/web\/wp-json\/wp\/v2\/posts"}],"about":[{"href":"https:\/\/elterritorialweb.com.ar\/web\/wp-json\/wp\/v2\/types\/post"}],"author":[{"embeddable":true,"href":"https:\/\/elterritorialweb.com.ar\/web\/wp-json\/wp\/v2\/users\/2"}],"replies":[{"embeddable":true,"href":"https:\/\/elterritorialweb.com.ar\/web\/wp-json\/wp\/v2\/comments?post=47805"}],"version-history":[{"count":1,"href":"https:\/\/elterritorialweb.com.ar\/web\/wp-json\/wp\/v2\/posts\/47805\/revisions"}],"predecessor-version":[{"id":47807,"href":"https:\/\/elterritorialweb.com.ar\/web\/wp-json\/wp\/v2\/posts\/47805\/revisions\/47807"}],"wp:featuredmedia":[{"embeddable":true,"href":"https:\/\/elterritorialweb.com.ar\/web\/wp-json\/wp\/v2\/media\/47806"}],"wp:attachment":[{"href":"https:\/\/elterritorialweb.com.ar\/web\/wp-json\/wp\/v2\/media?parent=47805"}],"wp:term":[{"taxonomy":"category","embeddable":true,"href":"https:\/\/elterritorialweb.com.ar\/web\/wp-json\/wp\/v2\/categories?post=47805"},{"taxonomy":"post_tag","embeddable":true,"href":"https:\/\/elterritorialweb.com.ar\/web\/wp-json\/wp\/v2\/tags?post=47805"}],"curies":[{"name":"wp","href":"https:\/\/api.w.org\/{rel}","templated":true}]}}