{"id":47808,"date":"2023-01-09T02:51:01","date_gmt":"2023-01-09T02:51:01","guid":{"rendered":"http:\/\/elterritorialweb.com.ar\/web\/?p=47808"},"modified":"2023-01-09T02:51:02","modified_gmt":"2023-01-09T02:51:02","slug":"ninos-bandenos-disfrutaron-del-festejo-de-reyes","status":"publish","type":"post","link":"https:\/\/elterritorialweb.com.ar\/web\/ninos-bandenos-disfrutaron-del-festejo-de-reyes\/","title":{"rendered":"NI\u00d1OS BANDE\u00d1OS DISFRUTARON DEL FESTEJO DE REYES"},"content":{"rendered":"\n<p>Dicho evento fue el segundo festejo que se llev\u00f3 a cabo con el objetivo se agasajar a los ni\u00f1os de diferentes puntos de la ciudad que tuvieron oportunidad de pasar un momento de sana diversi\u00f3n.<\/p>\n\n\n\n<p>En esta oportunidad, estuvo presente el viceintendente, Gabriel Santill\u00e1n, acompa\u00f1ado por la secretaria de Gobierno, Victoria Torres; el secretario de Coordinaci\u00f3n y Desarrollo Territorial, Mat\u00edas Nediani; la secretaria de Comunicaci\u00f3n, Fernanda Raschi; la escribana municipal, Mar\u00eda Laura Tula Rizzo, el miembro del Tribunal de Cuentas, Diego Ju\u00e1rez; el director de Juventud, Delfor Gerez; el director de Deportes, Mario C\u00e1ceres; el secretario de Econom\u00eda, Javier Alexandro; el secretario de Ordenamiento Urbano, Joaquin Romano Norri; el director de Juntas, Carlos G\u00f3mez y dem\u00e1s autoridades municipales.<\/p>\n\n\n\n<figure class=\"wp-block-image size-large\"><a href=\"https:\/\/i0.wp.com\/elterritorialweb.com.ar\/web\/wp-content\/uploads\/2023\/01\/WhatsApp-Image-2023-01-08-at-14.17.19.jpeg\"><img data-recalc-dims=\"1\" decoding=\"async\" width=\"640\" height=\"423\" data-src=\"https:\/\/i0.wp.com\/elterritorialweb.com.ar\/web\/wp-content\/uploads\/2023\/01\/WhatsApp-Image-2023-01-08-at-14.17.19.jpeg?resize=640%2C423\" alt=\"\" class=\"wp-image-47810 lazyload\" data-srcset=\"https:\/\/i0.wp.com\/elterritorialweb.com.ar\/web\/wp-content\/uploads\/2023\/01\/WhatsApp-Image-2023-01-08-at-14.17.19.jpeg?resize=1024%2C676&amp;ssl=1 1024w, https:\/\/i0.wp.com\/elterritorialweb.com.ar\/web\/wp-content\/uploads\/2023\/01\/WhatsApp-Image-2023-01-08-at-14.17.19.jpeg?resize=300%2C198&amp;ssl=1 300w, https:\/\/i0.wp.com\/elterritorialweb.com.ar\/web\/wp-content\/uploads\/2023\/01\/WhatsApp-Image-2023-01-08-at-14.17.19.jpeg?resize=768%2C507&amp;ssl=1 768w, https:\/\/i0.wp.com\/elterritorialweb.com.ar\/web\/wp-content\/uploads\/2023\/01\/WhatsApp-Image-2023-01-08-at-14.17.19.jpeg?w=1280&amp;ssl=1 1280w\" data-sizes=\"(max-width: 640px) 100vw, 640px\" src=\"data:image\/svg+xml;base64,PHN2ZyB3aWR0aD0iMSIgaGVpZ2h0PSIxIiB4bWxucz0iaHR0cDovL3d3dy53My5vcmcvMjAwMC9zdmciPjwvc3ZnPg==\" style=\"--smush-placeholder-width: 640px; --smush-placeholder-aspect-ratio: 640\/423;\" \/><\/a><\/figure>\n\n\n\n<p>Durante los festejos, Exequiel Roldan, quien forma parte del equipo de Juntas Vecinales Municipal, destac\u00f3: \u00bb Nuestra \u00e1rea principalmente se enfoc\u00f3 en el traslado de los ni\u00f1os hacia el Polideportivo por medio de colectivos y combis donde nos llegamos a poder de acuerdo con las distintas juntas vecinales que hoy est\u00e1n presente de distintos barrios como el 25 de Mayo 540 Viviendas, Sauce Bajada, Ampliaci\u00f3n El Polear, 17 de Octubre, Men\u00e9ndez, 1 de Mayo, Ampliaci\u00f3n Para\u00edso y Rio Dulce\u00bb.<\/p>\n\n\n\n<figure class=\"wp-block-image size-large\"><a href=\"https:\/\/i0.wp.com\/elterritorialweb.com.ar\/web\/wp-content\/uploads\/2023\/01\/WhatsApp-Image-2023-01-08-at-14.17.20.jpeg\"><img data-recalc-dims=\"1\" decoding=\"async\" width=\"640\" height=\"423\" data-src=\"https:\/\/i0.wp.com\/elterritorialweb.com.ar\/web\/wp-content\/uploads\/2023\/01\/WhatsApp-Image-2023-01-08-at-14.17.20.jpeg?resize=640%2C423\" alt=\"\" class=\"wp-image-47811 lazyload\" data-srcset=\"https:\/\/i0.wp.com\/elterritorialweb.com.ar\/web\/wp-content\/uploads\/2023\/01\/WhatsApp-Image-2023-01-08-at-14.17.20.jpeg?resize=1024%2C677&amp;ssl=1 1024w, https:\/\/i0.wp.com\/elterritorialweb.com.ar\/web\/wp-content\/uploads\/2023\/01\/WhatsApp-Image-2023-01-08-at-14.17.20.jpeg?resize=300%2C198&amp;ssl=1 300w, https:\/\/i0.wp.com\/elterritorialweb.com.ar\/web\/wp-content\/uploads\/2023\/01\/WhatsApp-Image-2023-01-08-at-14.17.20.jpeg?resize=768%2C508&amp;ssl=1 768w, https:\/\/i0.wp.com\/elterritorialweb.com.ar\/web\/wp-content\/uploads\/2023\/01\/WhatsApp-Image-2023-01-08-at-14.17.20.jpeg?w=1380&amp;ssl=1 1380w, https:\/\/i0.wp.com\/elterritorialweb.com.ar\/web\/wp-content\/uploads\/2023\/01\/WhatsApp-Image-2023-01-08-at-14.17.20.jpeg?w=1280 1280w\" data-sizes=\"(max-width: 640px) 100vw, 640px\" src=\"data:image\/svg+xml;base64,PHN2ZyB3aWR0aD0iMSIgaGVpZ2h0PSIxIiB4bWxucz0iaHR0cDovL3d3dy53My5vcmcvMjAwMC9zdmciPjwvc3ZnPg==\" style=\"--smush-placeholder-width: 640px; --smush-placeholder-aspect-ratio: 640\/423;\" \/><\/a><\/figure>\n\n\n\n<p>Por su parte, Claudia Figueroa, una vecina del barrio Sauce Bajada, agreg\u00f3: \u00bb Quiero agradecer principalmente al Intendente Roger Nediani por hacer posible este evento para que tanto mis hijos y nietos hoy puedan disfrutar de un momento tan maravilloso como as\u00ed tambi\u00e9n compartir y jugar con otros ni\u00f1os\u00bb.<\/p>\n","protected":false},"excerpt":{"rendered":"<p>En la tarde del s\u00e1bado se realiz\u00f3 un segundo festejo por el \u00abD\u00eda de Reyes\u00bb organizado por la Municipalidad de La Banda por iniciativa del intendente Roger Nediani que tuvo lugar en el Polideportivo Municipal del barrio Misqui Mayu.<\/p>\n","protected":false},"author":2,"featured_media":47809,"comment_status":"open","ping_status":"open","sticky":false,"template":"","format":"standard","meta":{"om_disable_all_campaigns":false,"_monsterinsights_skip_tracking":false,"_monsterinsights_sitenote_active":false,"_monsterinsights_sitenote_note":"","_monsterinsights_sitenote_category":0,"_uf_show_specific_survey":0,"_uf_disable_surveys":false,"jetpack_post_was_ever_published":false,"_jetpack_newsletter_access":"","_jetpack_dont_email_post_to_subs":false,"_jetpack_newsletter_tier_id":0,"_jetpack_memberships_contains_paywalled_content":false,"_jetpack_memberships_contains_paid_content":false,"footnotes":"","jetpack_publicize_message":"","jetpack_publicize_feature_enabled":true,"jetpack_social_post_already_shared":false,"jetpack_social_options":{"image_generator_settings":{"template":"highway","default_image_id":0,"font":"","enabled":false},"version":2}},"categories":[9],"tags":[],"class_list":["post-47808","post","type-post","status-publish","format-standard","has-post-thumbnail","hentry","category-banda"],"aioseo_notices":[],"views":36,"jetpack_publicize_connections":[],"jetpack_featured_media_url":"https:\/\/i0.wp.com\/elterritorialweb.com.ar\/web\/wp-content\/uploads\/2023\/01\/WhatsApp-Image-2023-01-08-at-14.17.18.jpeg?fit=1600%2C900&ssl=1","jetpack_sharing_enabled":true,"_links":{"self":[{"href":"https:\/\/elterritorialweb.com.ar\/web\/wp-json\/wp\/v2\/posts\/47808","targetHints":{"allow":["GET"]}}],"collection":[{"href":"https:\/\/elterritorialweb.com.ar\/web\/wp-json\/wp\/v2\/posts"}],"about":[{"href":"https:\/\/elterritorialweb.com.ar\/web\/wp-json\/wp\/v2\/types\/post"}],"author":[{"embeddable":true,"href":"https:\/\/elterritorialweb.com.ar\/web\/wp-json\/wp\/v2\/users\/2"}],"replies":[{"embeddable":true,"href":"https:\/\/elterritorialweb.com.ar\/web\/wp-json\/wp\/v2\/comments?post=47808"}],"version-history":[{"count":1,"href":"https:\/\/elterritorialweb.com.ar\/web\/wp-json\/wp\/v2\/posts\/47808\/revisions"}],"predecessor-version":[{"id":47812,"href":"https:\/\/elterritorialweb.com.ar\/web\/wp-json\/wp\/v2\/posts\/47808\/revisions\/47812"}],"wp:featuredmedia":[{"embeddable":true,"href":"https:\/\/elterritorialweb.com.ar\/web\/wp-json\/wp\/v2\/media\/47809"}],"wp:attachment":[{"href":"https:\/\/elterritorialweb.com.ar\/web\/wp-json\/wp\/v2\/media?parent=47808"}],"wp:term":[{"taxonomy":"category","embeddable":true,"href":"https:\/\/elterritorialweb.com.ar\/web\/wp-json\/wp\/v2\/categories?post=47808"},{"taxonomy":"post_tag","embeddable":true,"href":"https:\/\/elterritorialweb.com.ar\/web\/wp-json\/wp\/v2\/tags?post=47808"}],"curies":[{"name":"wp","href":"https:\/\/api.w.org\/{rel}","templated":true}]}}